{"id":37087,"date":"2025-05-17T01:45:42","date_gmt":"2025-05-17T04:45:42","guid":{"rendered":"https:\/\/novasdodia.com.br\/index.php\/2025\/05\/17\/festival-america-do-sul-valoriza-a-alma-historica-de-corumba-agencia-de-noticias-do-governo-de-mato-grosso-do-sul\/"},"modified":"2025-05-17T01:45:42","modified_gmt":"2025-05-17T04:45:42","slug":"festival-america-do-sul-valoriza-a-alma-historica-de-corumba-agencia-de-noticias-do-governo-de-mato-grosso-do-sul","status":"publish","type":"post","link":"https:\/\/novasdodia.com.br\/index.php\/2025\/05\/17\/festival-america-do-sul-valoriza-a-alma-historica-de-corumba-agencia-de-noticias-do-governo-de-mato-grosso-do-sul\/","title":{"rendered":"Festival Am\u00e9rica do Sul valoriza a alma hist\u00f3rica de Corumb\u00e1 \u2013 Ag\u00eancia de Noticias do Governo de Mato Grosso do Sul"},"content":{"rendered":"<p><\/p>\n<div>\n<p style=\"text-align: center;\"><em>Governo do Estado transforma paisagem cultural em protagonista do maior encontro art\u00edstico da Am\u00e9rica do Sul<\/em><\/p>\n<p>Corumb\u00e1, uma das cidades mais antigas de Mato Grosso do Sul, ser\u00e1 o grande palco do Festival Am\u00e9rica do Sul 2025. De 15 a 18 de maio, casar\u00f5es centen\u00e1rios, pra\u00e7as hist\u00f3ricas, igrejas e ruas de paralelep\u00edpedo se transformam em cen\u00e1rio vivo para apresenta\u00e7\u00f5es culturais, musicais e art\u00edsticas que integram o evento mais representativo da diversidade sul-americana.<\/p>\n<p>Durante os quatro dias de programa\u00e7\u00e3o, os espa\u00e7os que comp\u00f5em o conjunto hist\u00f3rico, arquitet\u00f4nico e paisag\u00edstico de Corumb\u00e1 ganham novos significados.<\/p>\n<p>Est\u00e3o entre eles o Casario do Porto, a Igreja Nossa Senhora da Candel\u00e1ria, o antigo Hotel Internacional, a antiga Prefeitura, o Forte Junqueira, o Forte Coimbra, o Casar\u00e3o da Comiss\u00e3o Mista, a Casa do Artes\u00e3o (antigo Pres\u00eddio), o Instituto Luiz de Albuquerque (ILA), o antigo Mercad\u00e3o e as pra\u00e7as Uruguai, da Rep\u00fablica e da Independ\u00eancia. O estacionamento da Rua Domingos Sahib tamb\u00e9m integra o entorno ativado pelo Festival.<\/p>\n<\/p>\n<p>Para o superintendente do Iphan-MS, Jo\u00e3o Santos, \u00e9 fundamental que o patrim\u00f4nio esteja em uso e dialogando com a sociedade.<\/p>\n<p>\u201cO patrim\u00f4nio edificado s\u00f3 tem sentido se estiver ocupado. E o Festival faz exatamente isso: d\u00e1 vida a esses espa\u00e7os. O Casario do Porto deixa de ser apenas um cart\u00e3o-postal para se tornar um lugar de viv\u00eancia, de mem\u00f3ria. \u00c9 educa\u00e7\u00e3o patrimonial, \u00e9 devolver a cidade ao povo. Ter Corumb\u00e1 como palco do Festival mais genu\u00edno do nosso Estado \u00e9 extraordin\u00e1rio\u201d, afirmou.<\/p>\n<p>O presidente do Instituto Hist\u00f3rico e Geogr\u00e1fico de Mato Grosso do Sul, Valter Cortez, tamb\u00e9m destacou a relev\u00e2ncia do evento.<\/p>\n<p>\u201cO Festival cresce a cada edi\u00e7\u00e3o, ganhando proje\u00e7\u00e3o para al\u00e9m das fronteiras do Estado. \u00c9 uma oportunidade de mostrar o que \u00e9 produzido aqui e promover o contato direto com o nosso patrim\u00f4nio. Corumb\u00e1 tem mais de dois s\u00e9culos de exist\u00eancia. A Funda\u00e7\u00e3o de Cultura est\u00e1 de parab\u00e9ns\u201d.<\/p>\n<\/p>\n<p>Morador de Corumb\u00e1 e mestre cururueiro, Sebasti\u00e3o de Souza Brand\u00e3o falou com emo\u00e7\u00e3o sobre a import\u00e2ncia da iniciativa. \u201cO patrim\u00f4nio hist\u00f3rico conta a nossa hist\u00f3ria. Quem n\u00e3o conhece sua hist\u00f3ria n\u00e3o sabe de onde veio. Aqui \u00e9 minha terra, aqui nasci e aqui deixo meu legado. O patrim\u00f4nio n\u00e3o pode morrer\u201d.<\/p>\n<p>Para o jornalista, radialista e cerimonialista Pedro Paulo Miranda, que tamb\u00e9m \u00e9 festeiro de S\u00e3o Jo\u00e3o, o sentimento \u00e9 de orgulho. &#8220;Sou pantaneiro nato, com muito orgulho. Corumb\u00e1 \u00e9 o ber\u00e7o da cultura sul-mato-grossense. O Festival \u00e9 um dos momentos mais esperados do ano. Ele re\u00fane pa\u00edses, traz grandes atra\u00e7\u00f5es, mas, acima de tudo, \u00e9 um interc\u00e2mbio cultural. Lan\u00e7amento de livros, palestras, pol\u00edticas p\u00fablicas e a salvaguarda do nosso patrim\u00f4nio. Estamos no cora\u00e7\u00e3o do Pantanal, a maior plan\u00edcie inund\u00e1vel do planeta. Aqui a cultura respira o mundo\u201d.<\/p>\n<\/p>\n<p>Funcion\u00e1rio da Funda\u00e7\u00e3o de Cultura de Lad\u00e1rio, Joilson Cruz afirma que o Festival representa integra\u00e7\u00e3o.\u201cEstar nesse ambiente onde se respira cultura \u00e9 uma experi\u00eancia \u00fanica. O Porto Geral, com seu casario, representa o que temos de mais aut\u00eantico\u201d.<\/p>\n<p>O coordenador do Curso de Turismo da UFMS, F\u00e1bio Orlando Eichenberg, refor\u00e7a que ativar o patrim\u00f4nio com um evento deste porte \u00e9 estrat\u00e9gico para o desenvolvimento local.\u201cMovimentamos o turismo, a economia, a sociedade. E, claro, contribu\u00edmos para a salvaguarda de um patrim\u00f4nio t\u00e3o rico. Corumb\u00e1 precisa dessa visibilidade.\u201d<\/p>\n<\/p>\n<p>Segundo a diretora de Mem\u00f3ria e Patrim\u00f4nio Cultural da Funda\u00e7\u00e3o de Cultura de MS, Melly Sena, realizar o Festival no Porto \u00e9 tamb\u00e9m uma a\u00e7\u00e3o de valoriza\u00e7\u00e3o.<\/p>\n<p>\u201cCorumb\u00e1 \u00e9 uma das cidades mais importantes do Estado, seja por sua antiguidade, seja por seu valor hist\u00f3rico. O Festival aqui \u00e9 uma forma de honrar esse legado, atrair o turismo e refor\u00e7ar o respeito pelo patrim\u00f4nio. \u00c9 a ess\u00eancia do Festival.\u201d<\/p>\n<\/p>\n<p>Ao transformar o patrim\u00f4nio em palco, o Governo do Estado de Mato Grosso do Sul reafirma seu compromisso com a cultura, a preserva\u00e7\u00e3o da mem\u00f3ria e o fortalecimento da identidade sul-mato-grossense. O Festival Am\u00e9rica do Sul \u00e9 mais do que um evento. \u00c9 um reencontro com as ra\u00edzes de Corumb\u00e1 e com a alma cultural do continente.<\/p>\n<p><em>Karina Lima, Ascom FAS 2025<\/em><br \/><em>Foto: Marith\u00ea do C\u00e9u\/Ascom FAS 2025<\/em><\/p>\n<\/div>\n","protected":false},"excerpt":{"rendered":"<p>Governo do Estado transforma paisagem cultural em protagonista do maior encontro art\u00edstico da Am\u00e9rica do Sul Corumb\u00e1, uma das cidades mais antigas de Mato Grosso do Sul, ser\u00e1 o grande palco do Festival Am\u00e9rica do Sul 2025. De 15 a 18 de maio, casar\u00f5es centen\u00e1rios, pra\u00e7as hist\u00f3ricas, igrejas e ruas de paralelep\u00edpedo se transformam em [&hellip;]<\/p>\n","protected":false},"author":1,"featured_media":0,"comment_status":"","ping_status":"","sticky":false,"template":"","format":"standard","meta":{"footnotes":""},"categories":[],"tags":[],"class_list":["post-37087","post","type-post","status-publish","format-standard","hentry"],"amp_enabled":true,"_links":{"self":[{"href":"https:\/\/novasdodia.com.br\/index.php\/wp-json\/wp\/v2\/posts\/37087","targetHints":{"allow":["GET"]}}],"collection":[{"href":"https:\/\/novasdodia.com.br\/index.php\/wp-json\/wp\/v2\/posts"}],"about":[{"href":"https:\/\/novasdodia.com.br\/index.php\/wp-json\/wp\/v2\/types\/post"}],"author":[{"embeddable":true,"href":"https:\/\/novasdodia.com.br\/index.php\/wp-json\/wp\/v2\/users\/1"}],"replies":[{"embeddable":true,"href":"https:\/\/novasdodia.com.br\/index.php\/wp-json\/wp\/v2\/comments?post=37087"}],"version-history":[{"count":0,"href":"https:\/\/novasdodia.com.br\/index.php\/wp-json\/wp\/v2\/posts\/37087\/revisions"}],"wp:attachment":[{"href":"https:\/\/novasdodia.com.br\/index.php\/wp-json\/wp\/v2\/media?parent=37087"}],"wp:term":[{"taxonomy":"category","embeddable":true,"href":"https:\/\/novasdodia.com.br\/index.php\/wp-json\/wp\/v2\/categories?post=37087"},{"taxonomy":"post_tag","embeddable":true,"href":"https:\/\/novasdodia.com.br\/index.php\/wp-json\/wp\/v2\/tags?post=37087"}],"curies":[{"name":"wp","href":"https:\/\/api.w.org\/{rel}","templated":true}]}}