{"id":37123,"date":"2025-05-17T18:35:38","date_gmt":"2025-05-17T21:35:38","guid":{"rendered":"https:\/\/novasdodia.com.br\/index.php\/2025\/05\/17\/fortalecer-praticas-e-qualificacao-da-gestao-sao-foco-de-oficina-tecnica-da-assistencia-farmaceutica-promovida-pela-ses\/"},"modified":"2025-05-17T18:35:38","modified_gmt":"2025-05-17T21:35:38","slug":"fortalecer-praticas-e-qualificacao-da-gestao-sao-foco-de-oficina-tecnica-da-assistencia-farmaceutica-promovida-pela-ses","status":"publish","type":"post","link":"https:\/\/novasdodia.com.br\/index.php\/2025\/05\/17\/fortalecer-praticas-e-qualificacao-da-gestao-sao-foco-de-oficina-tecnica-da-assistencia-farmaceutica-promovida-pela-ses\/","title":{"rendered":"Fortalecer pr\u00e1ticas e qualifica\u00e7\u00e3o da gest\u00e3o s\u00e3o foco de oficina t\u00e9cnica da assist\u00eancia farmac\u00eautica promovida pela SES"},"content":{"rendered":"<p><\/p>\n<div>\n<p>Fortalecer as pr\u00e1ticas da assist\u00eancia farmac\u00eautica no SUS (Sistema \u00danico de Sa\u00fade), com foco na qualifica\u00e7\u00e3o da gest\u00e3o e troca de experi\u00eancias foram debatidos durante a IV Oficina e Reuni\u00e3o T\u00e9cnica da Assist\u00eancia Farmac\u00eautica promovida pela SES (Secretaria de Estado de Sa\u00fade), sexta-feira (16) em Campo Grande.<\/p>\n<p>Direcionada aos profissionais que atuam na assist\u00eancia farmac\u00eautica nos munic\u00edpios de Mato Grosso do Sul e parceiros, a oficina tem como finalidade orientar os participantes sobre os diferentes componentes da assist\u00eancia farmac\u00eautica, alinhar diretrizes t\u00e9cnicas e apresentar detalhes do programa Rem\u00e9dio em Casa.<\/p>\n<figure id=\"attachment_37236\" aria-describedby=\"caption-attachment-37236\" style=\"width: 300px\" class=\"wp-caption alignleft\"><figcaption id=\"caption-attachment-37236\" class=\"wp-caption-text\">Coordenadora de Assist\u00eancia Farmac\u00eautica da SES, Patr\u00edcia Veiga Carrilho Olszewski.<\/figcaption><\/figure>\n<p>\u201cEste encontro \u00e9 uma oportunidade valiosa para os profissionais aprofundarem seus conhecimentos em compras p\u00fablicas, do programa \u2018Rem\u00e9dio em Casa\u2019 e o sobre projeto \u2018Farm\u00e1cia Viva\u2019, ambos aqui do nosso Estado. Al\u00e9m disso, a programa\u00e7\u00e3o inclui atualiza\u00e7\u00f5es relevantes em patologias, palestras que detalharam os componentes da assist\u00eancia farmac\u00eautica e atividades din\u00e2micas para estimular a intera\u00e7\u00e3o, a troca de conhecimentos e experi\u00eancias entre os profissionais\u201d, destaca a coordenadora de Assist\u00eancia Farmac\u00eautica da SES, Patr\u00edcia Veiga Carrilho Olszewski.<\/p>\n<figure id=\"attachment_37237\" aria-describedby=\"caption-attachment-37237\" style=\"width: 225px\" class=\"wp-caption alignright\"><figcaption id=\"caption-attachment-37237\" class=\"wp-caption-text\">Respons\u00e1vel pelo apoio t\u00e9cnico cient\u00edfico da assist\u00eancia farmac\u00eautica da SES, a farmac\u00eautica Juliana Conegero.<\/figcaption><\/figure>\n<p>Respons\u00e1vel pelo apoio t\u00e9cnico cient\u00edfico da assist\u00eancia farmac\u00eautica da SES, a farmac\u00eautica Juliana Conegero, ressalta a import\u00e2ncia do apoio da assist\u00eancia aos munic\u00edpios.\u201cNosso evento tem como foco as informa\u00e7\u00f5es relacionadas \u00e0 assist\u00eancia farmac\u00eautica nos munic\u00edpios. N\u00f3s temos os componentes da assist\u00eancia farmac\u00eautica, os medicamentos que s\u00e3o fornecidos pelo SUS e apoiamos os farmac\u00eauticos de Mato Grosso do Sul\u201d, explica Juliana.<\/p>\n<p>Coordenadora Municipal de Assist\u00eancia Farmac\u00eautica no munic\u00edpio de Bonito, Adriana Andrade avalia que a troca de experi\u00eancias e o aprendizado proporcionados pelo encontro s\u00e3o fundamentais para aprimorar e padronizar os servi\u00e7os, tanto na aten\u00e7\u00e3o b\u00e1sica quanto na especializada. Ela destaca como a iniciativa estadual do \u2018Rem\u00e9dio em Casa\u2019 para o componente especializado inspirou a cria\u00e7\u00e3o do programa municipal \u2018Rem\u00e9dio na Porta\u2019 em Bonito, focado na aten\u00e7\u00e3o b\u00e1sica.<\/p>\n<figure id=\"attachment_37238\" aria-describedby=\"caption-attachment-37238\" style=\"width: 225px\" class=\"wp-caption alignleft\"><figcaption id=\"caption-attachment-37238\" class=\"wp-caption-text\">Coordenadora Municipal de Assist\u00eancia Farmac\u00eautica no munic\u00edpio de Bonito, Adriana Andrade.<\/figcaption><\/figure>\n<p>\u201cAtualmente, Bonito atende 90 pacientes com o programa Rem\u00e9dio na Porta, implementado h\u00e1 apenas tr\u00eas meses, complementando os 250 pacientes j\u00e1 atendidos pelo Estado com o Rem\u00e9dio em Casa. Essa adapta\u00e7\u00e3o de uma pr\u00e1tica bem-sucedida da SES demonstra como a parceria e o aprendizado m\u00fatuo impulsionam a evolu\u00e7\u00e3o da sa\u00fade local.<\/p>\n<p>A iniciativa da SES refor\u00e7a o compromisso com a melhoria cont\u00ednua da assist\u00eancia farmac\u00eautica, reconhecendo a atua\u00e7\u00e3o dos profissionais e a import\u00e2ncia da gest\u00e3o qualificada para garantir \u00e0 popula\u00e7\u00e3o sul-mato-grossense o acesso a medicamentos.<\/p>\n<p><em>Helton Davis, Comunica\u00e7\u00e3o SES<\/em><br \/><em>Fotos: Helton Davis<\/em><\/p>\n<\/div>\n","protected":false},"excerpt":{"rendered":"<p>Fortalecer as pr\u00e1ticas da assist\u00eancia farmac\u00eautica no SUS (Sistema \u00danico de Sa\u00fade), com foco na qualifica\u00e7\u00e3o da gest\u00e3o e troca de experi\u00eancias foram debatidos durante a IV Oficina e Reuni\u00e3o T\u00e9cnica da Assist\u00eancia Farmac\u00eautica promovida pela SES (Secretaria de Estado de Sa\u00fade), sexta-feira (16) em Campo Grande. Direcionada aos profissionais que atuam na assist\u00eancia farmac\u00eautica [&hellip;]<\/p>\n","protected":false},"author":1,"featured_media":0,"comment_status":"","ping_status":"","sticky":false,"template":"","format":"standard","meta":{"footnotes":""},"categories":[],"tags":[],"class_list":["post-37123","post","type-post","status-publish","format-standard","hentry"],"amp_enabled":true,"_links":{"self":[{"href":"https:\/\/novasdodia.com.br\/index.php\/wp-json\/wp\/v2\/posts\/37123","targetHints":{"allow":["GET"]}}],"collection":[{"href":"https:\/\/novasdodia.com.br\/index.php\/wp-json\/wp\/v2\/posts"}],"about":[{"href":"https:\/\/novasdodia.com.br\/index.php\/wp-json\/wp\/v2\/types\/post"}],"author":[{"embeddable":true,"href":"https:\/\/novasdodia.com.br\/index.php\/wp-json\/wp\/v2\/users\/1"}],"replies":[{"embeddable":true,"href":"https:\/\/novasdodia.com.br\/index.php\/wp-json\/wp\/v2\/comments?post=37123"}],"version-history":[{"count":0,"href":"https:\/\/novasdodia.com.br\/index.php\/wp-json\/wp\/v2\/posts\/37123\/revisions"}],"wp:attachment":[{"href":"https:\/\/novasdodia.com.br\/index.php\/wp-json\/wp\/v2\/media?parent=37123"}],"wp:term":[{"taxonomy":"category","embeddable":true,"href":"https:\/\/novasdodia.com.br\/index.php\/wp-json\/wp\/v2\/categories?post=37123"},{"taxonomy":"post_tag","embeddable":true,"href":"https:\/\/novasdodia.com.br\/index.php\/wp-json\/wp\/v2\/tags?post=37123"}],"curies":[{"name":"wp","href":"https:\/\/api.w.org\/{rel}","templated":true}]}}