{"id":37173,"date":"2025-05-19T00:48:48","date_gmt":"2025-05-19T03:48:48","guid":{"rendered":"https:\/\/novasdodia.com.br\/index.php\/2025\/05\/19\/publico-se-entrega-e-danca-ate-o-ultimo-acorde-no-show-de-fiesta-cuetillo-da-bolivia-agencia-de-noticias-do-governo-de-mato-grosso-do-sul\/"},"modified":"2025-05-19T00:48:48","modified_gmt":"2025-05-19T03:48:48","slug":"publico-se-entrega-e-danca-ate-o-ultimo-acorde-no-show-de-fiesta-cuetillo-da-bolivia-agencia-de-noticias-do-governo-de-mato-grosso-do-sul","status":"publish","type":"post","link":"https:\/\/novasdodia.com.br\/index.php\/2025\/05\/19\/publico-se-entrega-e-danca-ate-o-ultimo-acorde-no-show-de-fiesta-cuetillo-da-bolivia-agencia-de-noticias-do-governo-de-mato-grosso-do-sul\/","title":{"rendered":"p\u00fablico se entrega e dan\u00e7a at\u00e9 o \u00faltimo acorde no show de Fiesta Cuetillo, da Bol\u00edvia \u2013 Ag\u00eancia de Noticias do Governo de Mato Grosso do Sul"},"content":{"rendered":"<p><\/p>\n<div>\n<p style=\"text-align: center;\"><em>Com 14 anos de estrada, banda fez sua primeira apresenta\u00e7\u00e3o no Brasil com a for\u00e7a de quem sabe entreter<\/em>\u00a0<\/p>\n<p>A noite de s\u00e1bado no Palco do Porto terminou em alta voltagem com a apresenta\u00e7\u00e3o da banda boliviana Fiesta Cuetillo, que encerrou a programa\u00e7\u00e3o musical do dia com um show eletrizante, cheio de ritmo, presen\u00e7a de palco e conex\u00e3o com o p\u00fablico. Vindos de Santa Cruz de la Sierra, na Bol\u00edvia, os m\u00fasicos trouxeram uma fus\u00e3o vibrante de funk, soul, hip hop e rock alternativo, e fizeram todo mundo dan\u00e7ar, pular e se surpreender com a pot\u00eancia do espet\u00e1culo.<\/p>\n<\/p>\n<p>Com 14 anos de estrada, quatro \u00e1lbuns de est\u00fadio e um hist\u00f3rico de cinco apresenta\u00e7\u00f5es no Cosqu\u00edn Rock, maior festival da Argentina, o Fiesta Cuetillo chegou ao Festival Am\u00e9rica do Sul Pantanal com a energia de uma estreia e a confian\u00e7a de quem sabe o que est\u00e1 fazendo. \u201dViemos com muita energia e temos certeza de que esta n\u00e3o ser\u00e1 a \u00faltima vez. Esta \u00e9 a primeira de muitas\u201d, declarou o vocalista Salvador Sambiasi, antes de subir ao palco.<\/p>\n<p>Com bases fortes, batidas precisas, baixo agressivo, riffs de guitarra cheios de personalidade e vocais que alternam for\u00e7a e melodia, a banda conquistou rapidamente o p\u00fablico, mesmo entre aqueles que n\u00e3o conheciam o grupo. A sonoridade \u00e9 dan\u00e7ante, cheia de groove, mas com peso e atitude. \u00c9 m\u00fasica que pulsa no corpo e nas caixas de som, com composi\u00e7\u00f5es autorais e solos com \u201cfeeling viralmente contagiante\u201d, como definem eles pr\u00f3prios.<\/p>\n<p>Foi o caso do casal Clemilson Lima, t\u00e9cnico de inform\u00e1tica, e Marina Lima, aut\u00f4noma. Eles chegaram ao festival com a inten\u00e7\u00e3o de assistir ao show de Alcione, mas resolveram ficar at\u00e9 o fim da noite e n\u00e3o se arrependeram. \u201cO show est\u00e1 muito divertido. Valeu a pena ficar por aqui\u201d, disse Clemilson.<\/p>\n<p>No palco, os m\u00fasicos interagiam o tempo todo, convidando o p\u00fablico a participar. A cantora Valentina Jordan, voz feminina da banda, tamb\u00e9m falou sobre a experi\u00eancia de se apresentar em Corumb\u00e1: \u201cEu j\u00e1 conhecia essa cidade sem o festival. Agora, com o festival, amei. Est\u00e1 linda, est\u00e1 tudo muito organizado e o pessoal foi muito am\u00e1vel com a gente desde o come\u00e7o. Acompanhei outras atra\u00e7\u00f5es, os desfiles de moda, os grafites, os meninos do skate\u2026 Tem tanta mostra de talento, juventude. A organiza\u00e7\u00e3o foi muito boa. Amei o festival.\u201d<\/p>\n<\/p>\n<p>O show do Fiesta Cuetillo foi um encontro entre culturas vizinhas, uma celebra\u00e7\u00e3o do poder da m\u00fasica como linguagem universal. Para os integrantes da banda, o momento marcou um novo cap\u00edtulo. \u201c\u00c9 a nossa primeira vez no Brasil. Nunca hav\u00edamos tocado aqui, s\u00f3 na Argentina. Estar aqui \u00e9 um sonho, e estamos firmes de que essa \u00e9 a primeira de muitas\u201d, completou Salvador Sambiasi, visivelmente emocionado ap\u00f3s o show.<\/p>\n<p>O encerramento da noite de s\u00e1bado foi dan\u00e7ante, energ\u00e9tico e inesquec\u00edvel. E, como muitos que estavam ali, o Fiesta Cuetillo tamb\u00e9m saiu de Corumb\u00e1 com vontade de voltar.<\/p>\n<p>O Festival Am\u00e9rica do Sul acontece at\u00e9 o dia 18 de maio, com uma vasta programa\u00e7\u00e3o cultural. Confira as atra\u00e7\u00f5es aqui: <span style=\"color: #0000ff;\">https:\/\/mscultural.ms.gov.br\/festival\/festival-america-do-sul\/<\/span>\u00a0<\/p>\n<p><em> Daniel Rockenbach, Ascom FAS 2025<\/em><br \/><em>Foto: Leandro Benites: Ascom FAS 2025<\/em><\/p>\n<\/div>\n","protected":false},"excerpt":{"rendered":"<p>Com 14 anos de estrada, banda fez sua primeira apresenta\u00e7\u00e3o no Brasil com a for\u00e7a de quem sabe entreter\u00a0 A noite de s\u00e1bado no Palco do Porto terminou em alta voltagem com a apresenta\u00e7\u00e3o da banda boliviana Fiesta Cuetillo, que encerrou a programa\u00e7\u00e3o musical do dia com um show eletrizante, cheio de ritmo, presen\u00e7a de [&hellip;]<\/p>\n","protected":false},"author":1,"featured_media":0,"comment_status":"","ping_status":"","sticky":false,"template":"","format":"standard","meta":{"footnotes":""},"categories":[],"tags":[],"class_list":["post-37173","post","type-post","status-publish","format-standard","hentry"],"amp_enabled":true,"_links":{"self":[{"href":"https:\/\/novasdodia.com.br\/index.php\/wp-json\/wp\/v2\/posts\/37173","targetHints":{"allow":["GET"]}}],"collection":[{"href":"https:\/\/novasdodia.com.br\/index.php\/wp-json\/wp\/v2\/posts"}],"about":[{"href":"https:\/\/novasdodia.com.br\/index.php\/wp-json\/wp\/v2\/types\/post"}],"author":[{"embeddable":true,"href":"https:\/\/novasdodia.com.br\/index.php\/wp-json\/wp\/v2\/users\/1"}],"replies":[{"embeddable":true,"href":"https:\/\/novasdodia.com.br\/index.php\/wp-json\/wp\/v2\/comments?post=37173"}],"version-history":[{"count":0,"href":"https:\/\/novasdodia.com.br\/index.php\/wp-json\/wp\/v2\/posts\/37173\/revisions"}],"wp:attachment":[{"href":"https:\/\/novasdodia.com.br\/index.php\/wp-json\/wp\/v2\/media?parent=37173"}],"wp:term":[{"taxonomy":"category","embeddable":true,"href":"https:\/\/novasdodia.com.br\/index.php\/wp-json\/wp\/v2\/categories?post=37173"},{"taxonomy":"post_tag","embeddable":true,"href":"https:\/\/novasdodia.com.br\/index.php\/wp-json\/wp\/v2\/tags?post=37173"}],"curies":[{"name":"wp","href":"https:\/\/api.w.org\/{rel}","templated":true}]}}