{"id":37200,"date":"2025-05-19T12:42:38","date_gmt":"2025-05-19T15:42:38","guid":{"rendered":"https:\/\/novasdodia.com.br\/index.php\/2025\/05\/19\/ses-realiza-oficinas-para-a-construcao-do-plano-de-acao-da-rede-alyne-no-ms-agencia-de-noticias-do-governo-de-mato-grosso-do-sul\/"},"modified":"2025-05-19T12:42:38","modified_gmt":"2025-05-19T15:42:38","slug":"ses-realiza-oficinas-para-a-construcao-do-plano-de-acao-da-rede-alyne-no-ms-agencia-de-noticias-do-governo-de-mato-grosso-do-sul","status":"publish","type":"post","link":"https:\/\/novasdodia.com.br\/index.php\/2025\/05\/19\/ses-realiza-oficinas-para-a-construcao-do-plano-de-acao-da-rede-alyne-no-ms-agencia-de-noticias-do-governo-de-mato-grosso-do-sul\/","title":{"rendered":"SES realiza oficinas para a constru\u00e7\u00e3o do Plano de A\u00e7\u00e3o da Rede Alyne no MS \u2013 Ag\u00eancia de Noticias do Governo de Mato Grosso do Sul"},"content":{"rendered":"<p><\/p>\n<div>\n<p style=\"text-align: center;\"><em>A constru\u00e7\u00e3o do Plano de A\u00e7\u00e3o da Rede Alyne visa reduzir a mortalidade materna e infantil no MS<\/em><\/p>\n<p>A SES (Secretaria de Estado de Sa\u00fade), por meio da coordenadoria da Sa\u00fade da Mulher, Crian\u00e7a e Maternidade e da Rede Alyne MS, realiza entre os dias 19 e 29 de maio uma s\u00e9rie de oficinas voltadas \u00e0 constru\u00e7\u00e3o do Plano de A\u00e7\u00e3o Regional da Rede Alyne no estado. As atividades ocorrer\u00e3o das 8 horas \u00e0s 17 horas, na ESP (Escola de Sa\u00fade P\u00fablica) Dr. Jorge David Nasser, em Campo Grande, com turmas divididas conforme as macrorregi\u00f5es de sa\u00fade.<\/p>\n<p>As oficinas t\u00eam como principal objetivo promover o di\u00e1logo entre gestores, profissionais de sa\u00fade e representantes da sociedade civil para identificar demandas locais, alinhar estrat\u00e9gias e desenvolver, de forma colaborativa, um plano de a\u00e7\u00e3o voltado \u00e0 sa\u00fade materna e infantil. A proposta \u00e9 fortalecer a rede de aten\u00e7\u00e3o \u00e0 sa\u00fade materna e infantil no Estado, bem como o enfrentamento \u00e0 viol\u00eancia contra mulheres, garantindo a implementa\u00e7\u00e3o de a\u00e7\u00f5es integradas, efetivas e adequadas \u00e0s realidades regionais.<\/p>\n<p>Conforme a coordenadora da Sa\u00fade da Mulher, Crian\u00e7a e Maternidade da SES, Andriely Gomes dos Santos, a constru\u00e7\u00e3o do plano de a\u00e7\u00e3o da Rede Alyne no Mato Grosso do Sul \u00e9 um passo fundamental para garantir que a assist\u00eancia \u00e0 gestante, ao beb\u00ea e \u00e0 pu\u00e9rpera aconte\u00e7a de forma mais organizada, resolutiva e segura em todo o estado.<\/p>\n<p>\u201cNo nosso estado, sabemos que os desafios s\u00e3o grandes, principalmente em rela\u00e7\u00e3o aos vazios assistenciais, ao transporte sanit\u00e1rio e \u00e0 garantia de acesso para as pessoas que vivem em \u00e1reas mais distantes ou em situa\u00e7\u00e3o de vulnerabilidade. Por isso, entendemos que o plano de a\u00e7\u00e3o n\u00e3o poderia ser apenas um documento burocr\u00e1tico. Assim, precis\u00e1vamos de uma metodologia que fizesse sentido ao territ\u00f3rio, que envolvesse os munic\u00edpios, os servi\u00e7os e os profissionais que est\u00e3o no dia a dia do cuidado\u201d, explica Andriely.<\/p>\n<p>A constru\u00e7\u00e3o da proposta ser\u00e1 de forma participativa, realizando as oficinas por macrorregi\u00e3o, com a participa\u00e7\u00e3o de t\u00e9cnicos das secretarias municipais, maternidades, Aten\u00e7\u00e3o Prim\u00e1ria e tamb\u00e9m das gest\u00f5es regionais. Nessas oficinas, ser\u00e1 feito um diagn\u00f3stico conjunto, identificando quais servi\u00e7os podem ser habilitados, ser\u00e3o discutidos os fluxos poss\u00edveis, os pontos de estrangulamento, o que j\u00e1 funciona bem e o que precisa ser fortalecido.<\/p>\n<p>\u201cNosso objetivo \u00e9 enfrentar as causas evit\u00e1veis da mortalidade materna e infantil, com um olhar especial para as mulheres que mais precisam \u2013 negras, ind\u00edgenas, quilombolas e em situa\u00e7\u00e3o de vulnerabilidade. \u00c9 um passo coletivo, constru\u00eddo com di\u00e1logo, para garantir que toda mulher e toda crian\u00e7a tenham acesso a um cuidado digno e de qualidade\u201d, afirma a gerente da Rede Alyne Mato Grosso do Sul, Renata Menezes Meireles.<\/p>\n<p>A Rede Alyne \u00e9 uma estrat\u00e9gia nacional voltada \u00e0 qualifica\u00e7\u00e3o da aten\u00e7\u00e3o obst\u00e9trica e neonatal, com foco na redu\u00e7\u00e3o da mortalidade materna e infantil. Em Mato Grosso do Sul, o trabalho est\u00e1 sendo desenvolvido com responsabilidade, sensibilidade e base t\u00e9cnica, buscando transformar o compromisso com a vida em uma realidade concreta para toda a popula\u00e7\u00e3o.<\/p>\n<p>\u201cEstamos construindo um pacto regional pelo cuidado das nossas mulheres e crian\u00e7as. Esse plano de a\u00e7\u00e3o \u00e9 o primeiro passo para garantir habilita\u00e7\u00e3o dos servi\u00e7os, monitoramento dos indicadores e, principalmente, salvar vidas\u201d, refor\u00e7a Andriely.<\/p>\n<figure id=\"attachment_510902\" aria-describedby=\"caption-attachment-510902\" style=\"width: 750px\" class=\"wp-caption aligncenter\"><figcaption id=\"caption-attachment-510902\" class=\"wp-caption-text\">Renata Menezes Meireles, gerente da Rede Alyne Mato Grosso do Sul, e Hilda Guimar\u00e3es, gerente da Vigil\u00e2ncia do \u00d3bito Materno e Infantil, durante a abertura das oficinas.<\/figcaption><\/figure>\n<p><strong>Confira as datas das oficinas:<\/strong><\/p>\n<p><strong>\u00a0<\/strong>19 e 20 de maio: Macrorregi\u00e3o Centro, composta por Regi\u00e3o Baixo Pantanal, Regi\u00e3o Centro e Regi\u00e3o Norte;<\/p>\n<ul>\n<li>21 e 22 de maio: Macrorregi\u00e3o Cone Sul, composta por Regi\u00e3o Centro Sul, Regi\u00e3o Sudeste e Regi\u00e3o Sul Fronteira;<\/li>\n<li>26 e 27 de maio: Macrorregi\u00e3o Costa Leste, composta por Regi\u00e3o Nordeste e Regi\u00e3o Leste;<\/li>\n<li>28 e 29 de maio: Macrorregi\u00e3o Pantanal, composta por Regi\u00e3o Pantanal.<\/li>\n<\/ul>\n<p><strong>Rede Alyne<\/strong><\/p>\n<p>A Rede Alyne \u00e9 um programa do Governo Federal lan\u00e7ado em setembro de 2024, que reestrutura a antiga Rede Cegonha com o objetivo de reduzir a mortalidade materna no Brasil em 25% at\u00e9 2027, com foco especial na diminui\u00e7\u00e3o de 50% das mortes entre mulheres negras. A iniciativa homenageia a jovem negra Alyne Pimentel, que morreu aos 28 anos, gestante e v\u00edtima de neglig\u00eancia m\u00e9dica.<\/p>\n<p>A Rede Alyne \u00e9 estruturada em seis componentes principais: pr\u00e9-natal, parto e nascimento, puerp\u00e9rio e aten\u00e7\u00e3o integral \u00e0 sa\u00fade da crian\u00e7a, sistema log\u00edstico, sistema de apoio e sistema de governan\u00e7a. Dentre as inova\u00e7\u00f5es, destacam-se a cria\u00e7\u00e3o de um plano integrado entre as maternidades e a Sa\u00fade da Fam\u00edlia, a qualifica\u00e7\u00e3o das equipes da principal porta de entrada do SUS e a amplia\u00e7\u00e3o do Complexo Regulat\u00f3rio do SUS com equipe especializada em obstetr\u00edcia.<\/p>\n<p><em>Kamilla Ratier, Comunica\u00e7\u00e3o SES<br \/><\/em><em>Fotos: Divulga\u00e7\u00e3o SES<\/em><\/p>\n<\/div>\n","protected":false},"excerpt":{"rendered":"<p>A constru\u00e7\u00e3o do Plano de A\u00e7\u00e3o da Rede Alyne visa reduzir a mortalidade materna e infantil no MS A SES (Secretaria de Estado de Sa\u00fade), por meio da coordenadoria da Sa\u00fade da Mulher, Crian\u00e7a e Maternidade e da Rede Alyne MS, realiza entre os dias 19 e 29 de maio uma s\u00e9rie de oficinas voltadas [&hellip;]<\/p>\n","protected":false},"author":1,"featured_media":0,"comment_status":"","ping_status":"","sticky":false,"template":"","format":"standard","meta":{"footnotes":""},"categories":[],"tags":[],"class_list":["post-37200","post","type-post","status-publish","format-standard","hentry"],"amp_enabled":true,"_links":{"self":[{"href":"https:\/\/novasdodia.com.br\/index.php\/wp-json\/wp\/v2\/posts\/37200","targetHints":{"allow":["GET"]}}],"collection":[{"href":"https:\/\/novasdodia.com.br\/index.php\/wp-json\/wp\/v2\/posts"}],"about":[{"href":"https:\/\/novasdodia.com.br\/index.php\/wp-json\/wp\/v2\/types\/post"}],"author":[{"embeddable":true,"href":"https:\/\/novasdodia.com.br\/index.php\/wp-json\/wp\/v2\/users\/1"}],"replies":[{"embeddable":true,"href":"https:\/\/novasdodia.com.br\/index.php\/wp-json\/wp\/v2\/comments?post=37200"}],"version-history":[{"count":0,"href":"https:\/\/novasdodia.com.br\/index.php\/wp-json\/wp\/v2\/posts\/37200\/revisions"}],"wp:attachment":[{"href":"https:\/\/novasdodia.com.br\/index.php\/wp-json\/wp\/v2\/media?parent=37200"}],"wp:term":[{"taxonomy":"category","embeddable":true,"href":"https:\/\/novasdodia.com.br\/index.php\/wp-json\/wp\/v2\/categories?post=37200"},{"taxonomy":"post_tag","embeddable":true,"href":"https:\/\/novasdodia.com.br\/index.php\/wp-json\/wp\/v2\/tags?post=37200"}],"curies":[{"name":"wp","href":"https:\/\/api.w.org\/{rel}","templated":true}]}}