{"id":37269,"date":"2025-05-20T17:03:01","date_gmt":"2025-05-20T20:03:01","guid":{"rendered":"https:\/\/novasdodia.com.br\/index.php\/2025\/05\/20\/cephas-e-cluster-aeroespacial-oferecem-curso-em-parceria\/"},"modified":"2025-05-20T17:03:01","modified_gmt":"2025-05-20T20:03:01","slug":"cephas-e-cluster-aeroespacial-oferecem-curso-em-parceria","status":"publish","type":"post","link":"https:\/\/novasdodia.com.br\/index.php\/2025\/05\/20\/cephas-e-cluster-aeroespacial-oferecem-curso-em-parceria\/","title":{"rendered":"Cephas e Cluster Aeroespacial oferecem curso em parceria"},"content":{"rendered":"<p><\/p>\n<div>\n<p><b>Henrique Macedo<\/b><br \/>&#13;<br \/>\n&#13;<br \/>\n                <span style=\"font-weight: bold;\">Fundhas<\/span><\/p>\n<p><span style=\"font-weight: 400;\">A Fundhas (Funda\u00e7\u00e3o H\u00e9lio Augusto de Souza), por meio do Cephas (Col\u00e9gio de Educa\u00e7\u00e3o Profissional H\u00e9lio Augusto de Souza), d\u00e1 mais um passo importante na qualifica\u00e7\u00e3o profissional voltada ao setor aeroespacial.\u00a0<\/span><\/p>\n<p><span style=\"font-weight: 400;\">Em parceria com o Cluster Aeroespacial e integrando o Programa SP Produz, da Secretaria de Desenvolvimento Econ\u00f4mico do Estado de S\u00e3o Paulo, inicia nesta ter\u00e7a-feira (20) a primeira turma do curso de Familiariza\u00e7\u00e3o Aeron\u00e1utica &#8211; uma forma\u00e7\u00e3o certificada pelo Cephas e voltada \u00e0 capacita\u00e7\u00e3o t\u00e9cnica alinhada \u00e0s demandas reais da ind\u00fastria.<\/span><\/p>\n<p><span style=\"font-weight: 400;\">O objetivo <\/span><span style=\"font-weight: 400;\">\u00e9 oferecer a base de conhecimentos fundamentais sobre o ambiente aeron\u00e1utico e o funcionamento e processo produtivo de uma aeronave.<\/span><\/p>\n<p><span style=\"font-weight: 400;\">Al\u00e9m da forma\u00e7\u00e3o te\u00f3rica e pr\u00e1tica, o curso contar\u00e1 com a contribui\u00e7\u00e3o da APVE (Associa\u00e7\u00e3o dos Pioneiros e Veteranos da Embraer), por meio do programa Profissional Disseminador do Conhecimento Aeron\u00e1utico (PDCA). Palestras ministradas por ex-funcion\u00e1rios da Embraer ir\u00e3o aproximar os alunos da realidade do setor e inspirar os futuros profissionais.<\/span><\/p>\n<p><span style=\"font-weight: 400;\">As aulas acontecem no Cephas, que fica na Rua\u00a0<span class=\"LrzXr\">Tsunessaburo Makiguti, 399 &#8211; Floradas de S\u00e3o Jos\u00e9.<\/span><\/span><\/p>\n<p><span class=\"intertitulo\">O que \u00e9 o Cluster<\/span><\/p>\n<p><span style=\"font-weight: 400;\">O Cluster Aeroespacial &amp; Defesa Brasileiro re\u00fane mais de 150 empresas que integram grande parte da cadeia de suprimentos da Embraer, atuando nas verticais aeron\u00e1utica, espacial, defesa, drones e MRO, tendo como miss\u00e3o oferecer solu\u00e7\u00f5es integradas, inovadoras e sustent\u00e1veis para o mercado global, promovendo a competitividade e a gera\u00e7\u00e3o de oportunidades para as empresas associadas.<\/span><\/p>\n<p><span class=\"intertitulo\">Parceria<\/span><\/p>\n<p><span style=\"font-weight: 400;\">A parceria entre o Cephas, o Cluster Aeroespacial e a APVE refor\u00e7a o compromisso da Fundhas com a forma\u00e7\u00e3o de excel\u00eancia, promovendo oportunidades concretas de desenvolvimento profissional em setores estrat\u00e9gicos da economia, como o aeroespacial.<\/span><\/p>\n<p>&#13;<br \/>\n                        <strong>MAIS NOT\u00cdCIAS<\/strong><br \/>&#13;<br \/>\n                        Fundhas&#13;\n                    <\/p>\n<\/p><\/div>\n","protected":false},"excerpt":{"rendered":"<p>Henrique Macedo&#13; &#13; Fundhas A Fundhas (Funda\u00e7\u00e3o H\u00e9lio Augusto de Souza), por meio do Cephas (Col\u00e9gio de Educa\u00e7\u00e3o Profissional H\u00e9lio Augusto de Souza), d\u00e1 mais um passo importante na qualifica\u00e7\u00e3o profissional voltada ao setor aeroespacial.\u00a0 Em parceria com o Cluster Aeroespacial e integrando o Programa SP Produz, da Secretaria de Desenvolvimento Econ\u00f4mico do Estado de [&hellip;]<\/p>\n","protected":false},"author":1,"featured_media":0,"comment_status":"","ping_status":"","sticky":false,"template":"","format":"standard","meta":{"footnotes":""},"categories":[1],"tags":[],"class_list":["post-37269","post","type-post","status-publish","format-standard","hentry","category-noticias"],"amp_enabled":true,"_links":{"self":[{"href":"https:\/\/novasdodia.com.br\/index.php\/wp-json\/wp\/v2\/posts\/37269","targetHints":{"allow":["GET"]}}],"collection":[{"href":"https:\/\/novasdodia.com.br\/index.php\/wp-json\/wp\/v2\/posts"}],"about":[{"href":"https:\/\/novasdodia.com.br\/index.php\/wp-json\/wp\/v2\/types\/post"}],"author":[{"embeddable":true,"href":"https:\/\/novasdodia.com.br\/index.php\/wp-json\/wp\/v2\/users\/1"}],"replies":[{"embeddable":true,"href":"https:\/\/novasdodia.com.br\/index.php\/wp-json\/wp\/v2\/comments?post=37269"}],"version-history":[{"count":0,"href":"https:\/\/novasdodia.com.br\/index.php\/wp-json\/wp\/v2\/posts\/37269\/revisions"}],"wp:attachment":[{"href":"https:\/\/novasdodia.com.br\/index.php\/wp-json\/wp\/v2\/media?parent=37269"}],"wp:term":[{"taxonomy":"category","embeddable":true,"href":"https:\/\/novasdodia.com.br\/index.php\/wp-json\/wp\/v2\/categories?post=37269"},{"taxonomy":"post_tag","embeddable":true,"href":"https:\/\/novasdodia.com.br\/index.php\/wp-json\/wp\/v2\/tags?post=37269"}],"curies":[{"name":"wp","href":"https:\/\/api.w.org\/{rel}","templated":true}]}}