{"id":37295,"date":"2025-05-21T04:14:41","date_gmt":"2025-05-21T07:14:41","guid":{"rendered":"https:\/\/novasdodia.com.br\/index.php\/2025\/05\/21\/prefeitura-de-bairro-em-bairro-anuncia-acoes-de-melhorias-no-jardim-gramados-de-sorocaba-agencia-de-noticias\/"},"modified":"2025-05-21T04:14:41","modified_gmt":"2025-05-21T07:14:41","slug":"prefeitura-de-bairro-em-bairro-anuncia-acoes-de-melhorias-no-jardim-gramados-de-sorocaba-agencia-de-noticias","status":"publish","type":"post","link":"https:\/\/novasdodia.com.br\/index.php\/2025\/05\/21\/prefeitura-de-bairro-em-bairro-anuncia-acoes-de-melhorias-no-jardim-gramados-de-sorocaba-agencia-de-noticias\/","title":{"rendered":"\u201cPrefeitura de bairro em bairro\u201d anuncia a\u00e7\u00f5es de melhorias no Jardim Gramados de Sorocaba \u2013 Ag\u00eancia de Not\u00edcias"},"content":{"rendered":"<p><\/p>\n<div wp_automatic_readability=\"227\">\n<p><em>Fotos: Michelle Alves \u2013 Secom<\/em><\/p>\n<p>A Prefeitura de Sorocaba anunciou aos moradores dessa localidade, na tarde desta ter\u00e7a-feira (20), em reuni\u00e3o no bairro Jardim Gramados de Sorocaba, uma s\u00e9rie de melhorias nessa regi\u00e3o. O encontro, realizado na Rua Jos\u00e9 Martinez Gabarron, fez parte de mais uma edi\u00e7\u00e3o do programa \u201cPrefeitura de bairro em bairro\u201d, com o prop\u00f3sito de ouvir as demandas dos mun\u00edcipes, esclarecer d\u00favidas e viabilizar a\u00e7\u00f5es em prol da melhor qualidade de vida da comunidade local.<\/p>\n<p>O prefeito Rodrigo Manga esteva \u00e0 frente da equipe da Administra\u00e7\u00e3o Municipal, composta pelos secret\u00e1rios municipais Darwin de Almeida Rosa (Servi\u00e7os P\u00fablicos e Obras), Carlos Eduardo Paschoini (Mobilidade), Maur\u00edcio Campanati (Planejamento e Desenvolvimento Urbano), Lucas Pedrozo (Comunica\u00e7\u00e3o) e S\u00e9rgio Barreto (Habita\u00e7\u00e3o e Regulariza\u00e7\u00e3o Fundi\u00e1ria). Tamb\u00e9m estiveram presentes o comandante-geral da GCM de Sorocaba, Davi Dutra; o diretor-geral do Saae\/Sorocaba, Elisandro Cavalcante; o ouvidor-geral do Munic\u00edpio, Evandro Bueno; e o vereador, F\u00e1bio Simoa.<\/p>\n<p>A realiza\u00e7\u00e3o de melhorias na ilumina\u00e7\u00e3o p\u00fablica do local foi o principal apontamento dos moradores. O servi\u00e7o de implanta\u00e7\u00e3o da ilumina\u00e7\u00e3o com tecnologia LED, que j\u00e1 \u00e9 executado em toda a cidade, ser\u00e1 realizado na Alameda das Videiras, por meio da Secretaria de Servi\u00e7os P\u00fablicos e Obras (Serpo), com prazo de 60 dias para conclus\u00e3o.<\/p>\n<p>Tamb\u00e9m na Alameda das Videiras, a popula\u00e7\u00e3o questionou a pavimenta\u00e7\u00e3o da via, que necessita de servi\u00e7o de recapeamento. Com a visita in loco, a equipe da Serpo estimou que as obras de execu\u00e7\u00e3o ser\u00e3o realizadas em 60 dias.<\/p>\n<p>Os moradores, que estavam presentes no encontro, reivindicaram tamb\u00e9m uma nova linha de transporte p\u00fablico que atenda as vias no entorno da Rua Jos\u00e9 Martinez Gabarron. Presente na reuni\u00e3o, o secret\u00e1rio de Mobilidade (Semob) assegurou que a pasta viabilizar\u00e1, junto \u00e0 Urbes \u2013 Tr\u00e2nsito e Transportes, a circula\u00e7\u00e3o de \u00f4nibus no local em at\u00e9 20 dias.<\/p>\n<p>Outra demanda apresentada foi a implanta\u00e7\u00e3o de faixa de travessia de pedestres, na Rua Ramon Haro Martini, para facilitar a circula\u00e7\u00e3o dos mun\u00edcipes. A Semob atendeu prontamente o pedido, garantindo que far\u00e1 a instala\u00e7\u00e3o da faixa em at\u00e9 15 dias. \u201cQue bom que esse problema ser\u00e1 resolvido, pois temos muita dificuldade para atravessar a rua com seguran\u00e7a. \u00c9 um cruzamento muito movimentado, com muitos carros passando r\u00e1pido e ficamos um bom tempo aguardando at\u00e9 que os condutores deem passagem\u201d, disse Eduarda Lima, moradora do bairro.<\/p>\n<p><strong>Prefeitura de bairro em bairro<\/strong><br \/>O programa \u201cPrefeitura de bairro em bairro\u201d \u00e9 realizado desde a primeira semana de janeiro de 2021, em que as equipes da Prefeitura de Sorocaba percorrem pontos, em todas as regi\u00f5es da cidade, ouvindo as demandas dos moradores e providenciando solu\u00e7\u00f5es e melhorias. Em cada local, uma comiss\u00e3o de moradores \u00e9 montada para acompanhar diretamente os tr\u00e2mites para execu\u00e7\u00e3o de cada servi\u00e7o solicitado.<\/p>\n<p>Mais de 100 bairros j\u00e1 foram atendidos pelo programa, incluindo: Jardim Lucy, Jd. Luciana Maria, Portal do Itavuvu, Jd. Terras de Arieta, Ipanema das Pedras, Genebra, Cajuru do Sul, Jardim Bandeirantes, \u00c9den, Nilton Torres, Santa Catarina, Jardim Ana Maria, Dona Tereza, Jardim Iguatemi, Centro, Parque dos Eucaliptos, Jardim Eldorado, Jardim Bet\u00e2nia, Jardim S\u00e3o Carlos, Fazenda Imperial, Astro, Jardim Guadalajara, Jardim Dois Cora\u00e7\u00f5es, Jardim Santa Cec\u00edlia, Jardim Santa Esmeralda, Jardim Ipiranga, Jardim Gramados de Sorocaba, Residencial Martinez, Caguass\u00fa, Jardim Tropical, Wanel Ville, Vila Progresso, Parque Vit\u00f3ria R\u00e9gia, jardim Boa Esperan\u00e7a, Jardim Nova Esperan\u00e7a, Jardim Residencial Morada das Flores, Vila Bar\u00e3o, Conjunto Habitacional Herbert de Souza, Jardim Zulmira, Retiro S\u00e3o Jo\u00e3o, Jacutinga, Jardim Sol Nascente, Mato Dentro, Parque Ouro Fino, Jardim do Pa\u00e7o, Vila Eros, Mineir\u00e3o, Jardim Louzada, J\u00falio de Mesquita Filho, Vill\u00e1gio Torino, Santa Helena, Vit\u00f3ria Ville, Vila Haro, Jardim Los Angeles, Jardim Cruzeiro do Sul, Vila Matilde, Jardim Gua\u00edba, Jardim Novo Horizonte, Jardim S\u00e3o Guilherme, Jardim Am\u00e9rica, Ipanema Ville, Jardim Paulistano, Vila Nova Sorocaba, Jardim Prestes de Barros, Jardim S\u00e3o Paulo, Central Parque, Vila Carvalho, Parada do Alto, Jardim Itapemirim, Vila Colorau, Vila Marli, Parque S\u00e3o Bento, Brigadeiro Tobias, Aparecidinha, Vila do Sonho, Novo Mundo, Santa Luiza, Conjunto Ana Paula Eleut\u00e9rio (Habiteto), Vila Santa Clara, Jardim Tatiana, Botucatu, Ch\u00e1cara Ana Maria, Jardim Pagliato, S\u00e3o Sebasti\u00e3o, Jardim Alpes de Sorocaba, Vila Jo\u00e3o Rom\u00e3o, Vila Sabi\u00e1, Villa Amato, Jardim Tulipas, Piazza Di Roma, Jardim Ipanema, Jardim Marco Ant\u00f4nio, Jardim Maria Eug\u00eania, Vila Espirito Santo, Caputera, Campininha, Jardim Hungar\u00eas, Parque Esmeralda, Vila Tup\u00e3, Vila Assis, Jardim Planalto, Jardim Nogueira, Vila dos D\u00e1lmatas, Jardim Saira, Jardim S\u00e3o Marcos, Iporanga 2, Lopes de Oliveira, Inha\u00edba, Jardim Guadalupe, Monte Alpino, Jardim Santa Marta, Jardim S\u00e3o Marcos 2, Ch\u00e1cara Tr\u00eas Marias, Vila Uni\u00e3o, Parque Santa Isabel, Jardim Paulista 2, Jardim Alegria, dentre outros.<\/p>\n<p><!-- Root element of PhotoSwipe. Must have class pswp. --><\/p><\/div>\n","protected":false},"excerpt":{"rendered":"<p>Fotos: Michelle Alves \u2013 Secom A Prefeitura de Sorocaba anunciou aos moradores dessa localidade, na tarde desta ter\u00e7a-feira (20), em reuni\u00e3o no bairro Jardim Gramados de Sorocaba, uma s\u00e9rie de melhorias nessa regi\u00e3o. O encontro, realizado na Rua Jos\u00e9 Martinez Gabarron, fez parte de mais uma edi\u00e7\u00e3o do programa \u201cPrefeitura de bairro em bairro\u201d, com [&hellip;]<\/p>\n","protected":false},"author":1,"featured_media":0,"comment_status":"","ping_status":"","sticky":false,"template":"","format":"standard","meta":{"footnotes":""},"categories":[1],"tags":[],"class_list":["post-37295","post","type-post","status-publish","format-standard","hentry","category-noticias"],"amp_enabled":true,"_links":{"self":[{"href":"https:\/\/novasdodia.com.br\/index.php\/wp-json\/wp\/v2\/posts\/37295","targetHints":{"allow":["GET"]}}],"collection":[{"href":"https:\/\/novasdodia.com.br\/index.php\/wp-json\/wp\/v2\/posts"}],"about":[{"href":"https:\/\/novasdodia.com.br\/index.php\/wp-json\/wp\/v2\/types\/post"}],"author":[{"embeddable":true,"href":"https:\/\/novasdodia.com.br\/index.php\/wp-json\/wp\/v2\/users\/1"}],"replies":[{"embeddable":true,"href":"https:\/\/novasdodia.com.br\/index.php\/wp-json\/wp\/v2\/comments?post=37295"}],"version-history":[{"count":0,"href":"https:\/\/novasdodia.com.br\/index.php\/wp-json\/wp\/v2\/posts\/37295\/revisions"}],"wp:attachment":[{"href":"https:\/\/novasdodia.com.br\/index.php\/wp-json\/wp\/v2\/media?parent=37295"}],"wp:term":[{"taxonomy":"category","embeddable":true,"href":"https:\/\/novasdodia.com.br\/index.php\/wp-json\/wp\/v2\/categories?post=37295"},{"taxonomy":"post_tag","embeddable":true,"href":"https:\/\/novasdodia.com.br\/index.php\/wp-json\/wp\/v2\/tags?post=37295"}],"curies":[{"name":"wp","href":"https:\/\/api.w.org\/{rel}","templated":true}]}}