{"id":37389,"date":"2025-05-22T22:21:37","date_gmt":"2025-05-23T01:21:37","guid":{"rendered":"https:\/\/novasdodia.com.br\/index.php\/2025\/05\/22\/primt-itinerante-soma-mais-72-atendimentos-em-jornada-pelos-bairros-cgnoticias\/"},"modified":"2025-05-22T22:21:37","modified_gmt":"2025-05-23T01:21:37","slug":"primt-itinerante-soma-mais-72-atendimentos-em-jornada-pelos-bairros-cgnoticias","status":"publish","type":"post","link":"https:\/\/novasdodia.com.br\/index.php\/2025\/05\/22\/primt-itinerante-soma-mais-72-atendimentos-em-jornada-pelos-bairros-cgnoticias\/","title":{"rendered":"\u201cPrimt Itinerante\u201d soma mais 72 atendimentos em jornada pelos bairros \u2013 CGNot\u00edcias"},"content":{"rendered":"<p><\/p>\n<div>\n<p>Em tr\u00eas dias de atendimento, o \u201cPrimt Itinerante\u201d atingiu a marca de 354 pessoas orientadas e encaminhadas \u00e0 entrevista de triagem. N\u00famero alcan\u00e7ado com a edi\u00e7\u00e3o realizada no CRAS Noroeste, onde 72 senhas foram dirigidas ao p\u00fablico. E para a sexta-feira (23), a agenda do projeto ligado ao Programa de Inclus\u00e3o ao Mercado de Trabalho) ser\u00e1 na Coophavila II.\u00a0<\/p>\n<p>H\u00e1 poucas horas antes dos port\u00f5es abrirem, Regiane de Oliveira Metello deixou a sua casa, a 300 metros de onde a Funsat (Funda\u00e7\u00e3o Social do Trabalho) promoveu a an\u00e1lise de candidatos a benefici\u00e1rios do Primt. \u201cPor ser t\u00e3o pr\u00f3ximo, n\u00e3o precisei chegar muito antes para pegar a fila. Achei mais organizado e melhor pra gente do que em outras vezes que tentei entrar no programa\u201d, relatou moradora, de 32 anos.<\/p>\n<figure class=\"wp-block-image size-large\"><\/figure>\n<p>Com a mesma idade, Tamires Barros de Souza, enfrentou a sua primeira triagem do Primt, embora j\u00e1 tivesse interesse antes, mas n\u00e3o teve como ir at\u00e9 a Funsat, na Rua 14 de Julho, 992. \u201cDas op\u00e7\u00f5es que vi para o momento, acho que vale a pena. Pois a gente s\u00f3 consegue uma boa contrata\u00e7\u00e3o se procurar sempre, mas estiver bem qualificada. Com o Primt vou estudar mais, al\u00e9m de ter uma renda, portanto ser\u00e1 especial se for aprovada\u201d, explicou.<\/p>\n<figure class=\"wp-block-image size-large\"><\/figure>\n<p>Do Jardim Veraneio, Gabriel Flores Cabral (25 anos) veio at\u00e9 a a\u00e7\u00e3o para \u201cmudar de vida\u201d. \u201cUma chance e tanto aos que entram. Pelo cuidado que a Prefeitura atende, as condi\u00e7\u00f5es todas,ent\u00e3o por isso fiquei interessado\u201d, contou.<\/p>\n<figure class=\"wp-block-image size-large\"><\/figure>\n<p>Estrutura a qual Talita Frois precisa neste momento de vida. \u201cO que mais me chamou a aten\u00e7\u00e3o diz respeito aos cursos para melhorar o curr\u00edculo.\u00a0 Sei o quanto isso \u00e9 importantena hora de escolherem a gente. N\u00e3o deu certo ainda o emprego na Carteira [de Trabalho] nos \u00faltimos dois anos, por\u00e9m com essa forcinha da Prefeitura vou conseguir\u201d, falou a candidata, de 41 anos, moradora do Maria Aparecida Pedrossian.\u00a0<\/p>\n<figure class=\"wp-block-image size-large\"><\/figure>\n<p>J\u00e1 Ingrid Stadler de Camargo (31 anos) tentou uma segunda chance no Primt, tamb\u00e9m para monitorar com mais calma um recrutamento na sua \u00e1rea. \u201cN\u00e3o est\u00e1 f\u00e1cil, por isso \u00e9 essencial esse apoio do Poder P\u00fablico.\u00a0 J\u00e1 contei uma vez com esse recurso, e sei que funciona\u201d, comentou a moradora do Jardim Noroeste, que \u00e9 t\u00e9cnica de Enfermagem.\u00a0<\/p>\n<p>Vis\u00e3o sobre o programa que gerou boas recomenda\u00e7\u00f5es a Andr\u00e9 Luis Oliveira Santos (45 anos), por um amigo. \u201cAinda bem que ele me falou da a\u00e7\u00e3o. Embora sendo no meu bairro, tamb\u00e9m n\u00e3o foi t\u00e3o perto, por isso sa\u00ed bem cedo de casa. Moro no final do Noroeste,\u00a0 mas a not\u00edcia da visita do Primt chegou l\u00e1\u201d, avisou.<\/p>\n<p><strong>Fique atento \u00e0s pr\u00f3ximas a\u00e7\u00f5es\u00a0<\/strong><\/p>\n<p>Confira mais das agendas do \u201cPrimt Itinerante\u201d para os pr\u00f3ximos dias:<\/p>\n<p>23 de maio (sexta-feira)<br \/>CRAS Vila Ga\u00facha \u2013 60 senhas<br \/>Rua da Praia, 631, Coophavilla II<\/p>\n<p>26 de maio (pr\u00f3xima segunda-feira)<br \/>CRAS Canguru \u2013 60 senhas<br \/>Rua dos Top\u00f3grafos , 1175. Jd. Canguru<\/p>\n<p>26 de maio (pr\u00f3xima segunda-feira)<br \/>CRAS Moema \u2013 60 senhas<br \/>Rua Querubina Garcia Nogueira , s\/n\u00ba, Residencial Recanto dos Rouxin\u00f3is.<\/p>\n<p><strong>Requisitos para a sele\u00e7\u00e3o de benefici\u00e1rios\u00a0<\/strong><\/p>\n<p>O recrutamento de benefici\u00e1rios segue as defini\u00e7\u00f5es da Lei Municipal\u00a0 n\u00ba 7074\/23, e \u00e9 direcionado a selecionar pessoas que atuem em atividades como a conserva\u00e7\u00e3o de logradouros p\u00fablicos, servi\u00e7os administrativos, al\u00e9m da prepara\u00e7\u00e3o de \u00e1reas p\u00fablicas para a realiza\u00e7\u00e3o de eventos.\u00a0<\/p>\n<p>Na eventualidade\u00a0 do candidato j\u00e1 ter feito parte do quadro do Primt, \u00e9 preciso que ele j\u00e1 tenha se desligado, h\u00e1 mais de seis meses. Se for uma inscri\u00e7\u00e3o in\u00e9dita, basta o perfil estar dentro de requisitos espec\u00edficos, como. Por exemplo, o de estar desempregado de uma coloca\u00e7\u00e3o formal, por um tempo superior a 180 dias.<\/p>\n<p>O cadastro no programa tamb\u00e9m exige que o novo beneficiario tenha idade entre 18 e 67 anos, esteja inscrito no Cad\u00danico (Cadastro \u00danico de Programas Sociais do Governo Federal) e possua uma renda familiar per capta n\u00e3o ultrapasse o valor de \u00bd (meio) sal\u00e1rio m\u00ednimo vigente. \u00c9 obrigat\u00f3ria ao candidato a apresenta\u00e7\u00e3o de documentos pessoais, como RG, CPF, comprovante de resid\u00eancia e a Folha Resumo do NIS (N\u00famero de Identifica\u00e7\u00e3o Social).<\/p>\n<p>Outra quest\u00e3o importante aos interessados, \u00e9 a regra de que apenas um membro por fam\u00edlia pode estar ligado ao Primt\u00a0 O programa tamb\u00e9m \u00e9 submetido a um regime de cotas, sendo 5% do total para pessoas negras, 5% para PCD (Pessoas com Defici\u00eancia), 5% para mulheres que passaram por viol\u00eancia dom\u00e9stica, 3% aos egressos do Sistema Penitenci\u00e1rio e outros 3% reservados ao pessoas portadores do TEA (Transtorno do Espectro Autista).<\/p>\n<p>O subs\u00eddio destinado aos matriculados nesta pol\u00edtica p\u00fablica \u00e9 de um sal\u00e1rio m\u00ednimo, uma cesta b\u00e1sica e alimenta\u00e7\u00e3o nos dias de trabalho. Al\u00e9m disso, o inscrito recebe o m\u00ednimo 40 horas\/aula de capacita\u00e7\u00e3o profissional, em cursos ou palestras. Todo inscrito, obrigatoriamente j\u00e1 passou antes pela condi\u00e7\u00e3o de Cadastro Reserva do programa.<\/p>\n<p>\u00a0Mais informa\u00e7\u00f5es na Central (67) 4042-0585, pelo Ramal 5933, das 7h \u00e0s 11h e das 13h \u00e0s 17h.<\/p>\n<\/div>\n<p><script async defer async defer src=\"https:\/\/connect.facebook.net\/en_US\/sdk.js?ver=1#xfbml=1&amp;version=v3.2\" id=\"prefeitura-campogrande-script-facebook-sdk-js\"><\/script><\/p>\n","protected":false},"excerpt":{"rendered":"<p>Em tr\u00eas dias de atendimento, o \u201cPrimt Itinerante\u201d atingiu a marca de 354 pessoas orientadas e encaminhadas \u00e0 entrevista de triagem. N\u00famero alcan\u00e7ado com a edi\u00e7\u00e3o realizada no CRAS Noroeste, onde 72 senhas foram dirigidas ao p\u00fablico. E para a sexta-feira (23), a agenda do projeto ligado ao Programa de Inclus\u00e3o ao Mercado de Trabalho) [&hellip;]<\/p>\n","protected":false},"author":1,"featured_media":0,"comment_status":"","ping_status":"","sticky":false,"template":"","format":"standard","meta":{"footnotes":""},"categories":[],"tags":[],"class_list":["post-37389","post","type-post","status-publish","format-standard","hentry"],"amp_enabled":true,"_links":{"self":[{"href":"https:\/\/novasdodia.com.br\/index.php\/wp-json\/wp\/v2\/posts\/37389","targetHints":{"allow":["GET"]}}],"collection":[{"href":"https:\/\/novasdodia.com.br\/index.php\/wp-json\/wp\/v2\/posts"}],"about":[{"href":"https:\/\/novasdodia.com.br\/index.php\/wp-json\/wp\/v2\/types\/post"}],"author":[{"embeddable":true,"href":"https:\/\/novasdodia.com.br\/index.php\/wp-json\/wp\/v2\/users\/1"}],"replies":[{"embeddable":true,"href":"https:\/\/novasdodia.com.br\/index.php\/wp-json\/wp\/v2\/comments?post=37389"}],"version-history":[{"count":0,"href":"https:\/\/novasdodia.com.br\/index.php\/wp-json\/wp\/v2\/posts\/37389\/revisions"}],"wp:attachment":[{"href":"https:\/\/novasdodia.com.br\/index.php\/wp-json\/wp\/v2\/media?parent=37389"}],"wp:term":[{"taxonomy":"category","embeddable":true,"href":"https:\/\/novasdodia.com.br\/index.php\/wp-json\/wp\/v2\/categories?post=37389"},{"taxonomy":"post_tag","embeddable":true,"href":"https:\/\/novasdodia.com.br\/index.php\/wp-json\/wp\/v2\/tags?post=37389"}],"curies":[{"name":"wp","href":"https:\/\/api.w.org\/{rel}","templated":true}]}}