{"id":37612,"date":"2025-05-27T18:26:39","date_gmt":"2025-05-27T21:26:39","guid":{"rendered":"https:\/\/novasdodia.com.br\/index.php\/2025\/05\/27\/projetos-de-infraestrutura-e-logistica-sao-apresentados-para-desenvolvimento-de-brasilandia-no-ms-ativo\/"},"modified":"2025-05-27T18:26:39","modified_gmt":"2025-05-27T21:26:39","slug":"projetos-de-infraestrutura-e-logistica-sao-apresentados-para-desenvolvimento-de-brasilandia-no-ms-ativo","status":"publish","type":"post","link":"https:\/\/novasdodia.com.br\/index.php\/2025\/05\/27\/projetos-de-infraestrutura-e-logistica-sao-apresentados-para-desenvolvimento-de-brasilandia-no-ms-ativo\/","title":{"rendered":"Projetos de infraestrutura e log\u00edstica s\u00e3o apresentados para desenvolvimento de Brasil\u00e2ndia no MS Ativo"},"content":{"rendered":"<p><\/p>\n<div id=\"post-511592\">\n<div class=\"text-center\"><\/div>\n<div class=\"entry\">\n<p>Para o desenvolvimento da infraestrutura urbana e log\u00edstica, o munic\u00edpio de Brasili\u00e2ndia apresentou projetos diversificados para serem contemplados pelo programa MS Ativo. O governador Eduardo Riedel participou da reuni\u00e3o com a prefeita M\u00e1rcia Amaral, e outros representantes do munic\u00edpio, na tarde desta ter\u00e7a-feira (27).<\/p>\n<p>\u201cPactuamos avan\u00e7ar a constru\u00e7\u00e3o do polo industrial de Brasil\u00e2ndia. \u00c9 important\u00edssimo para esse momento de desenvolvimento. N\u00f3s vamos concluir tamb\u00e9m a pavimenta\u00e7\u00e3o do bairro Juvenal Serafin Uchoa, que j\u00e1 estava pactuado. E vamos fazer o recapeamento do centro da cidade, importante para a melhoria da qualidade de vida de todos\u201d, explicou Riedel.<\/p>\n<div id=\"gallery-1\" class=\"gallery galleryid-511592 gallery-columns-2 gallery-size-full\">\n<figure class=\"gallery-item\">\n<div class=\"gallery-icon landscape\"><\/div>\n<\/figure>\n<figure class=\"gallery-item\">\n<div class=\"gallery-icon landscape\"><\/div>\n<\/figure><\/div>\n<\/p>\n<p>Com foco na qualidade de vida da popula\u00e7\u00e3o, as obras foram demandas apresentadas pela prefeitura. \u201c\u00c9 o olhar do Governo do Estado, para os munic\u00edpios, ouvindo o Executivo e o Legislativo. A gente traz os anseios da nossa cidade. Ent\u00e3o realmente estamos desenvolvendo programas e projetos, para o que o munic\u00edpio precisa. Isso para n\u00f3s \u00e9 fundamental, muito importante\u201d, disse a prefeita M\u00e1rcia.<\/p>\n<p>Al\u00e9m dos projetos de recapeamento das ruas da \u00e1rea central, de pavimenta\u00e7\u00e3o asf\u00e1ltica e drenagem do Bairro Juvenal Serafin Uchoa e da constru\u00e7\u00e3o do polo industrial o Governo do Estado tamb\u00e9m planeja o andamento do projeto da pavimenta\u00e7\u00e3o da MS-040, que liga Brasil\u00e2ndia a Santa Rita do Pardo.<\/p>\n<p>Com foco na gest\u00e3o p\u00fablica orientada para resultados, o MS Ativo representa um novo modelo de parceria entre o governo estadual e os munic\u00edpios, atuando de maneira direcionada conforme as demandas locais. No interior do Estado, diversas cidades t\u00eam recebido investimentos robustos em infraestrutura.<\/p>\n<div id=\"gallery-2\" class=\"gallery galleryid-511592 gallery-columns-2 gallery-size-full\">\n<figure class=\"gallery-item\">\n<div class=\"gallery-icon landscape\"><\/div>\n<\/figure>\n<figure class=\"gallery-item\">\n<div class=\"gallery-icon landscape\"><\/div>\n<\/figure><\/div>\n<p><em>Natalia Yahn, Comunica\u00e7\u00e3o Governo de MS<\/em><br \/><em>Fotos: Bruno Rezende<\/em><\/p>\n<\/div><\/div>\n","protected":false},"excerpt":{"rendered":"<p>Para o desenvolvimento da infraestrutura urbana e log\u00edstica, o munic\u00edpio de Brasili\u00e2ndia apresentou projetos diversificados para serem contemplados pelo programa MS Ativo. O governador Eduardo Riedel participou da reuni\u00e3o com a prefeita M\u00e1rcia Amaral, e outros representantes do munic\u00edpio, na tarde desta ter\u00e7a-feira (27). \u201cPactuamos avan\u00e7ar a constru\u00e7\u00e3o do polo industrial de Brasil\u00e2ndia. \u00c9 important\u00edssimo [&hellip;]<\/p>\n","protected":false},"author":1,"featured_media":0,"comment_status":"","ping_status":"","sticky":false,"template":"","format":"standard","meta":{"footnotes":""},"categories":[],"tags":[],"class_list":["post-37612","post","type-post","status-publish","format-standard","hentry"],"amp_enabled":true,"_links":{"self":[{"href":"https:\/\/novasdodia.com.br\/index.php\/wp-json\/wp\/v2\/posts\/37612","targetHints":{"allow":["GET"]}}],"collection":[{"href":"https:\/\/novasdodia.com.br\/index.php\/wp-json\/wp\/v2\/posts"}],"about":[{"href":"https:\/\/novasdodia.com.br\/index.php\/wp-json\/wp\/v2\/types\/post"}],"author":[{"embeddable":true,"href":"https:\/\/novasdodia.com.br\/index.php\/wp-json\/wp\/v2\/users\/1"}],"replies":[{"embeddable":true,"href":"https:\/\/novasdodia.com.br\/index.php\/wp-json\/wp\/v2\/comments?post=37612"}],"version-history":[{"count":0,"href":"https:\/\/novasdodia.com.br\/index.php\/wp-json\/wp\/v2\/posts\/37612\/revisions"}],"wp:attachment":[{"href":"https:\/\/novasdodia.com.br\/index.php\/wp-json\/wp\/v2\/media?parent=37612"}],"wp:term":[{"taxonomy":"category","embeddable":true,"href":"https:\/\/novasdodia.com.br\/index.php\/wp-json\/wp\/v2\/categories?post=37612"},{"taxonomy":"post_tag","embeddable":true,"href":"https:\/\/novasdodia.com.br\/index.php\/wp-json\/wp\/v2\/tags?post=37612"}],"curies":[{"name":"wp","href":"https:\/\/api.w.org\/{rel}","templated":true}]}}