{"id":37650,"date":"2025-05-28T13:20:34","date_gmt":"2025-05-28T16:20:34","guid":{"rendered":"https:\/\/novasdodia.com.br\/index.php\/2025\/05\/28\/governo-do-estado-e-prefeitura-de-bonito-entregam-obras-de-infraestrutura-e-habitacao-nesta-quinta-feira-29-prefeitura-municipal-de-bonito\/"},"modified":"2025-05-28T13:20:34","modified_gmt":"2025-05-28T16:20:34","slug":"governo-do-estado-e-prefeitura-de-bonito-entregam-obras-de-infraestrutura-e-habitacao-nesta-quinta-feira-29-prefeitura-municipal-de-bonito","status":"publish","type":"post","link":"https:\/\/novasdodia.com.br\/index.php\/2025\/05\/28\/governo-do-estado-e-prefeitura-de-bonito-entregam-obras-de-infraestrutura-e-habitacao-nesta-quinta-feira-29-prefeitura-municipal-de-bonito\/","title":{"rendered":"Governo do Estado e Prefeitura de Bonito entregam obras de infraestrutura e habita\u00e7\u00e3o nesta quinta-feira (29) &#8211; Prefeitura Municipal de Bonito"},"content":{"rendered":"<p><\/p>\n<div>\n<div class=\"td-post-featured-image\">\n<figure><figcaption class=\"wp-caption-text\">Residencial Rio da Prata \u2013 local onde ser\u00e1 realizada a cerim\u00f4nia.<\/figcaption><\/figure>\n<\/div>\n<p>Nesta quinta-feira, 29 de maio, \u00e0s 15h, o Governo do Estado de Mato Grosso do Sul e a Prefeitura de Bonito realizam a entrega oficial de uma s\u00e9rie de obras no munic\u00edpio. A cerim\u00f4nia ser\u00e1 realizada na Rua Projetada G, no Residencial Rio da Prata, com a presen\u00e7a do governador Eduardo Riedel, do prefeito Josmail Rodrigues e de autoridades estaduais e municipais.<\/p>\n<p>Durante a solenidade, ser\u00e3o entregues 50 novas unidades habitacionais referentes \u00e0 segunda etapa do Residencial Rio da Prata, garantindo moradia digna para dezenas de fam\u00edlias bonitenses.<\/p>\n<p>A infraestrutura urbana tamb\u00e9m ser\u00e1 contemplada com a pavimenta\u00e7\u00e3o e drenagem nos bairros Cohab, Marambaia 2 e 3, Residencial Rio da Prata e na Avenida Tarum\u00e3. As melhorias proporcionam mais seguran\u00e7a, conforto e mobilidade para os moradores dessas regi\u00f5es.<\/p>\n<p>Outra obra estrat\u00e9gica \u00e9 a constru\u00e7\u00e3o do acesso ao frigor\u00edfico Franca Comercial, na rodovia MS-382, fundamental para a log\u00edstica e o desenvolvimento econ\u00f4mico local. Al\u00e9m disso, ser\u00e1 entregue a restaura\u00e7\u00e3o e amplia\u00e7\u00e3o da MS-178, no trecho entre a BR-267 e a MS-382, ampliando a capacidade de tr\u00e1fego e a seguran\u00e7a vi\u00e1ria.<\/p>\n<p>Na \u00e1rea de saneamento, o munic\u00edpio comemora a amplia\u00e7\u00e3o do Sistema de Abastecimento de \u00c1gua, oferecendo maior efici\u00eancia e regularidade no fornecimento de \u00e1gua pot\u00e1vel para a popula\u00e7\u00e3o e visitantes. <\/p>\n<p>Na educa\u00e7\u00e3o, ser\u00e1 realizada a entrega de dois novos blocos com salas de aula na Escola Estadual Luiz da Costa Falc\u00e3o, proporcionando melhores condi\u00e7\u00f5es de ensino e aprendizado para alunos e professores.<\/p>\n<p>O prefeito Josmail Rodrigues destacou a import\u00e2ncia das obras para o futuro de Bonito. \u201cS\u00e3o investimentos que transformam a vida das pessoas. A parceria com o Governo do Estado tem sido fundamental para que esses avan\u00e7os se concretizem\u201d, afirmou.<\/p>\n<p>Ele aproveitou para agradecer o governador Eduardo Riedel pela aten\u00e7\u00e3o e pelo compromisso com o munic\u00edpio: \u201cQuero expressar minha gratid\u00e3o ao governador Eduardo Riedel, que tem mostrado sensibilidade e dedica\u00e7\u00e3o para apoiar Bonito em diversas \u00e1reas. Essas obras s\u00e3o resultado do di\u00e1logo e da coopera\u00e7\u00e3o entre o governo estadual e a nossa prefeitura, e tenho certeza de que, juntos, vamos continuar trabalhando para melhorar a qualidade de vida da nossa popula\u00e7\u00e3o. Ser\u00e1 um momento hist\u00f3rico para todos n\u00f3s\u201d<\/p>\n<p>A cerim\u00f4nia \u00e9 aberta ao p\u00fablico e todos est\u00e3o convidados a participar.<\/p>\n<h5 class=\"wp-block-heading\"\/>\n        <\/div>\n","protected":false},"excerpt":{"rendered":"<p>Residencial Rio da Prata \u2013 local onde ser\u00e1 realizada a cerim\u00f4nia. Nesta quinta-feira, 29 de maio, \u00e0s 15h, o Governo do Estado de Mato Grosso do Sul e a Prefeitura de Bonito realizam a entrega oficial de uma s\u00e9rie de obras no munic\u00edpio. A cerim\u00f4nia ser\u00e1 realizada na Rua Projetada G, no Residencial Rio da [&hellip;]<\/p>\n","protected":false},"author":1,"featured_media":0,"comment_status":"","ping_status":"","sticky":false,"template":"","format":"standard","meta":{"footnotes":""},"categories":[],"tags":[],"class_list":["post-37650","post","type-post","status-publish","format-standard","hentry"],"amp_enabled":true,"_links":{"self":[{"href":"https:\/\/novasdodia.com.br\/index.php\/wp-json\/wp\/v2\/posts\/37650","targetHints":{"allow":["GET"]}}],"collection":[{"href":"https:\/\/novasdodia.com.br\/index.php\/wp-json\/wp\/v2\/posts"}],"about":[{"href":"https:\/\/novasdodia.com.br\/index.php\/wp-json\/wp\/v2\/types\/post"}],"author":[{"embeddable":true,"href":"https:\/\/novasdodia.com.br\/index.php\/wp-json\/wp\/v2\/users\/1"}],"replies":[{"embeddable":true,"href":"https:\/\/novasdodia.com.br\/index.php\/wp-json\/wp\/v2\/comments?post=37650"}],"version-history":[{"count":0,"href":"https:\/\/novasdodia.com.br\/index.php\/wp-json\/wp\/v2\/posts\/37650\/revisions"}],"wp:attachment":[{"href":"https:\/\/novasdodia.com.br\/index.php\/wp-json\/wp\/v2\/media?parent=37650"}],"wp:term":[{"taxonomy":"category","embeddable":true,"href":"https:\/\/novasdodia.com.br\/index.php\/wp-json\/wp\/v2\/categories?post=37650"},{"taxonomy":"post_tag","embeddable":true,"href":"https:\/\/novasdodia.com.br\/index.php\/wp-json\/wp\/v2\/tags?post=37650"}],"curies":[{"name":"wp","href":"https:\/\/api.w.org\/{rel}","templated":true}]}}