{"id":37778,"date":"2025-05-30T15:48:36","date_gmt":"2025-05-30T18:48:36","guid":{"rendered":"https:\/\/novasdodia.com.br\/index.php\/2025\/05\/30\/comped-realiza-consulta-publica-do-plano-municipal-da-pessoa-com-deficiencia\/"},"modified":"2025-05-30T15:48:36","modified_gmt":"2025-05-30T18:48:36","slug":"comped-realiza-consulta-publica-do-plano-municipal-da-pessoa-com-deficiencia","status":"publish","type":"post","link":"https:\/\/novasdodia.com.br\/index.php\/2025\/05\/30\/comped-realiza-consulta-publica-do-plano-municipal-da-pessoa-com-deficiencia\/","title":{"rendered":"Comped realiza consulta p\u00fablica do Plano Municipal da Pessoa com Defici\u00eancia"},"content":{"rendered":"<p><\/p>\n<div>\n<p>O Conselho Municipal de Direitos da Pessoa com Defici\u00eancia (Comped) realizou, nesta sexta-feira (30), a consulta p\u00fablica para apresenta\u00e7\u00e3o e discuss\u00e3o de algumas sugest\u00f5es do Plano Municipal de Pol\u00edticas P\u00fablicas e Garantia dos Direitos Humanos da Pessoa com Defici\u00eancia de Jo\u00e3o Pessoa. O evento aconteceu no audit\u00f3rio do Instituto dos Cegos da Para\u00edba Adalgisa Cunha, no bairro dos Estados.<\/p>\n<figure class=\"wp-block-gallery has-nested-images columns-default is-cropped wp-block-gallery-1 is-layout-flex wp-block-gallery-is-layout-flex\">\n<figure class=\"wp-block-image size-large\"><\/figure>\n<figure class=\"wp-block-image size-large\"><\/figure>\n<\/figure>\n<p>Benicleide Silvestre, secret\u00e1ria Executiva de Direitos Humanos e Cidadania (Sedhuc), reafirmou seu compromisso com a luta da pessoa com defici\u00eancia. \u201cEssa \u00e9 uma manh\u00e3 de marco hist\u00f3rico, um resgate da viv\u00eancia e da luta da pessoa com defici\u00eancia. Cada um e cada uma presente foi construindo essa hist\u00f3ria com muita luta. Cada um que se levanta, se levanta com uma bandeira de luta, resili\u00eancia e muita coragem. Vamos continuar lutando juntos, irmanados, por uma s\u00f3 causa. Porque a responsabilidade \u00e9 nossa! Que possamos, nesta consulta p\u00fablica, reafirmar esse compromisso\u201d, ressaltou.<\/p>\n<figure class=\"wp-block-gallery has-nested-images columns-default is-cropped wp-block-gallery-2 is-layout-flex wp-block-gallery-is-layout-flex\">\n<figure class=\"wp-block-image size-large\"><\/figure>\n<figure class=\"wp-block-image size-large\"><\/figure>\n<\/figure>\n<p>O Plano Municipal \u00e9 parte integrante do Sistema \u00danico da Assist\u00eancia Social (Suas) e vai passar por um processo coletivo de constru\u00e7\u00e3o em que a popula\u00e7\u00e3o poder\u00e1 apontar as suas expectativas quanto \u00e0 pol\u00edtica a ser desenvolvida pela gest\u00e3o municipal. \u201cO que n\u00f3s queremos na verdade, \u00e9 que ele seja, al\u00e9m de um documento, seja a efetiva\u00e7\u00e3o das pol\u00edticas p\u00fablicas que todas as pessoas com defici\u00eancia almejam\u201d, destacou Marina Santos, presidente do Comped.<\/p>\n<p>\u201cForam meses e meses de trabalho, mas, com certeza, teremos, futuramente, resultados promissores. O Plano est\u00e1 em constru\u00e7\u00e3o, e esse momento \u00e9 de extrema import\u00e2ncia porque ele ser\u00e1 consolidado com a participa\u00e7\u00e3o da sociedade civil, o que n\u00e3o poderia ser diferente, precisamos ter esses espa\u00e7os de escuta e de contribui\u00e7\u00e3o que, com certeza, vai enriquecer muito esse documento\u201d, ressaltou Marina Santos.<\/p>\n<p>Durante a manh\u00e3, foram escolhidas 30 propostas para agregar no Plano Municipal, a serem aprovadas no Plano Viver Sem Limite, como explicou a presidente do Conselho. \u201cJo\u00e3o Pessoa est\u00e1 sim com todos os crit\u00e9rios para fazer parte do Plano Viver Sem Limite, enquanto decreto, enquanto lei\u201d, destacou.<\/p>\n<p>O \u201cNovo Viver Sem Limite\u201d \u00e9 o Plano Nacional dos Direitos das Pessoas com Defici\u00eancia, lan\u00e7ado em novembro de 2023 pelo Governo Federal. Este plano, que se configura como uma atualiza\u00e7\u00e3o da primeira vers\u00e3o do Plano Viver Sem Limite, busca garantir mais dignidade, autonomia e inclus\u00e3o para as pessoas com defici\u00eancia em todo o pa\u00eds.<\/p>\n<p>\u201cA palavra que eu deixo aqui \u00e9 otimismo. O conselho estadual est\u00e1 sempre \u00e0 disposi\u00e7\u00e3o. A gente fica muito satisfeito, porque essa d\u00edvida hist\u00f3rica est\u00e1 sendo resgatada na Para\u00edba e em Jo\u00e3o Pessoa. Parab\u00e9ns a todos que compuseram a comiss\u00e3o. O plano ainda est\u00e1 em fase de confec\u00e7\u00e3o, de elabora\u00e7\u00e3o, ent\u00e3o s\u00f3 desejo muito \u00eaxito nessa audi\u00eancia p\u00fablica\u201d, comentou Suzy Belarmino, presidente do Conselho Estadual dos Direitos da Pessoa com Defici\u00eancia (Cedpd).<\/p>\n<p>Representando as Organiza\u00e7\u00f5es da Sociedade Civil (Oscs), Genilson Machado Lima, presidente da ACsocial, destacou a import\u00e2ncia de estar presente nesta constru\u00e7\u00e3o. \u201cEsse trabalho de hoje \u00e9 de uma import\u00e2ncia \u00edmpar, que vai fazer com que no futuro a gente mostre que a pol\u00edtica p\u00fablica da pessoa com defici\u00eancia n\u00e3o \u00e9 s\u00f3 para pessoa com defici\u00eancia, mas sim para todas as pessoas que precisam de acessibilidade\u201d, ressaltou Genilson Machado.<\/p>\n<p><strong>Conselho<\/strong> \u2013 O Conselho Municipal de Direitos da Pessoa com Defici\u00eancia \u00e9 vinculado diretamente \u00e0 Secretaria de Direitos Humanos e Cidadania (Sedhuc) da Prefeitura de Jo\u00e3o Pessoa e foi institu\u00eddo pela Lei 12.028\/11. Este \u00e9 um \u00f3rg\u00e3o deliberativo, consultivo, normativo e fiscalizador das pol\u00edticas p\u00fablicas em defesa da pessoa com defici\u00eancia, tendo a responsabilidade de implementar e efetivar essas pr\u00e1ticas. Composto por representantes do governo e da sociedade civil de forma parit\u00e1ria, que s\u00e3o agentes p\u00fablicos sem remunera\u00e7\u00e3o.<\/p>\n<\/p><\/div>\n","protected":false},"excerpt":{"rendered":"<p>O Conselho Municipal de Direitos da Pessoa com Defici\u00eancia (Comped) realizou, nesta sexta-feira (30), a consulta p\u00fablica para apresenta\u00e7\u00e3o e discuss\u00e3o de algumas sugest\u00f5es do Plano Municipal de Pol\u00edticas P\u00fablicas e Garantia dos Direitos Humanos da Pessoa com Defici\u00eancia de Jo\u00e3o Pessoa. O evento aconteceu no audit\u00f3rio do Instituto dos Cegos da Para\u00edba Adalgisa Cunha, [&hellip;]<\/p>\n","protected":false},"author":1,"featured_media":0,"comment_status":"","ping_status":"","sticky":false,"template":"","format":"standard","meta":{"footnotes":""},"categories":[1],"tags":[],"class_list":["post-37778","post","type-post","status-publish","format-standard","hentry","category-noticias"],"amp_enabled":true,"_links":{"self":[{"href":"https:\/\/novasdodia.com.br\/index.php\/wp-json\/wp\/v2\/posts\/37778","targetHints":{"allow":["GET"]}}],"collection":[{"href":"https:\/\/novasdodia.com.br\/index.php\/wp-json\/wp\/v2\/posts"}],"about":[{"href":"https:\/\/novasdodia.com.br\/index.php\/wp-json\/wp\/v2\/types\/post"}],"author":[{"embeddable":true,"href":"https:\/\/novasdodia.com.br\/index.php\/wp-json\/wp\/v2\/users\/1"}],"replies":[{"embeddable":true,"href":"https:\/\/novasdodia.com.br\/index.php\/wp-json\/wp\/v2\/comments?post=37778"}],"version-history":[{"count":0,"href":"https:\/\/novasdodia.com.br\/index.php\/wp-json\/wp\/v2\/posts\/37778\/revisions"}],"wp:attachment":[{"href":"https:\/\/novasdodia.com.br\/index.php\/wp-json\/wp\/v2\/media?parent=37778"}],"wp:term":[{"taxonomy":"category","embeddable":true,"href":"https:\/\/novasdodia.com.br\/index.php\/wp-json\/wp\/v2\/categories?post=37778"},{"taxonomy":"post_tag","embeddable":true,"href":"https:\/\/novasdodia.com.br\/index.php\/wp-json\/wp\/v2\/tags?post=37778"}],"curies":[{"name":"wp","href":"https:\/\/api.w.org\/{rel}","templated":true}]}}