{"id":37901,"date":"2025-06-02T16:38:40","date_gmt":"2025-06-02T19:38:40","guid":{"rendered":"https:\/\/novasdodia.com.br\/index.php\/2025\/06\/02\/procon-e-tribunal-de-justica-de-mato-grosso-do-sul-iniciam-projeto-de-educacao-financeira-nas-escolas\/"},"modified":"2025-06-02T16:38:40","modified_gmt":"2025-06-02T19:38:40","slug":"procon-e-tribunal-de-justica-de-mato-grosso-do-sul-iniciam-projeto-de-educacao-financeira-nas-escolas","status":"publish","type":"post","link":"https:\/\/novasdodia.com.br\/index.php\/2025\/06\/02\/procon-e-tribunal-de-justica-de-mato-grosso-do-sul-iniciam-projeto-de-educacao-financeira-nas-escolas\/","title":{"rendered":"Procon e Tribunal de Justi\u00e7a de Mato Grosso do Sul iniciam projeto de educa\u00e7\u00e3o financeira nas escolas"},"content":{"rendered":"<p><\/p>\n<div>\n<p>Estudantes do Ensino M\u00e9dio da Escola Estadual Aracy Eudociak, em Campo Grande, foram os primeiros a receber, nessa semana, orienta\u00e7\u00f5es de projeto piloto do Procon e do Tribunal de Justi\u00e7a de Mato Grosso do Sul sobre educa\u00e7\u00e3o financeira e preven\u00e7\u00e3o ao superendividamento.<\/p>\n<p>A a\u00e7\u00e3o, realizada pela Escola do Consumidor e o Nupemec (N\u00facleo Permanente de M\u00e9todos Consensuais de Solu\u00e7\u00e3o de Conflitos), busca incentivar o planejamento financeiro pessoal e o consumo consciente entre os alunos do 1\u00ba e 2\u00ba ano do ensino integral t\u00e9cnico em com\u00e9rcio e servi\u00e7os jur\u00eddicos.<\/p>\n<p>Servidores do Procon introduziram a sequ\u00eancia de oficinas mensais tem\u00e1ticas, abordando os conceitos da educa\u00e7\u00e3o financeira e do consumo consciente com a apresenta\u00e7\u00e3o de v\u00eddeos e atividades pr\u00e1ticas que levaram os adolescentes a refletir e classificar as suas necessidades, desejos e sonhos relacionados a aquisi\u00e7\u00e3o de produtos e servi\u00e7os.<\/p>\n<p>Para a diretora da Escola do Consumidor, Patr\u00edcia Theodorico Corr\u00eaa, esta \u00e9 a oportunidade de estimular os estudantes a estruturar sua vida financeira, no momento em que muitos recebem incentivo financeiro-educacional do governo para concluir os estudos, como o Programa P\u00e9 de Meia. \u201cBuscamos com essa a\u00e7\u00e3o desenvolver nas escolas os agentes de transforma\u00e7\u00e3o em suas fam\u00edlias, possibilitando assim prevenir os casos de superendividamento\u201d.<\/p>\n<p>Representantes da Sead (Secretaria de Estado de Assist\u00eancia Social e dos Direitos Humanos), OAB-MS, Nupemec e TJMS tamb\u00e9m v\u00e3o abordar durante os encontros mensais temas como os impactos do superendividamento, cr\u00e9dito consciente e armadilhas de consumo, planejamento, poupan\u00e7a e liberdade financeira, assim como justi\u00e7a, consci\u00eancia e futuro.<\/p>\n<\/p>\n<p><strong>Projeto piloto<\/strong><\/p>\n<p>Com oficinas mensais, pr\u00e1ticas financeiras e din\u00e2micas gamificadas, o projeto Educa\u00e7\u00e3o Financeira no Ensino M\u00e9dio \u2013 Preven\u00e7\u00e3o ao Superendividamento ser\u00e1 conduzido com 60 alunos da Escola Estadual Aracy Eudociak, pertencentes a turmas do ensino integral t\u00e9cnico em com\u00e9rcio e servi\u00e7os jur\u00eddicos.<\/p>\n<p>Receptiva a iniciativa, a diretora da unidade escolar, Gisele Maria Bacanelli, destaca que os estudantes possuem no projeto pedag\u00f3gico a\u00e7\u00f5es que estimulam o empreendedorismo e a educa\u00e7\u00e3o financeira vir\u00e1 como um complemento a sua forma\u00e7\u00e3o pessoal e profissional.<\/p>\n<p>Na avalia\u00e7\u00e3o do secret\u00e1rio-executivo do Procon, Angelo Motti, a atua\u00e7\u00e3o conjunta liderada pelo Nupemec possibilita ampliar a abrang\u00eancia das a\u00e7\u00f5es que visam promover o consumo consciente, prevenir e tratar os casos de superendividamento, assim como estabelece o CDC (C\u00f3digo de Defesa do Consumidor).<\/p>\n<p>J\u00e1 o presidente do Tribunal de Justi\u00e7a, desembargador Dorival Renato Pavan, ressaltou no lan\u00e7amento do projeto, na ter\u00e7a-feira (27), que o Judici\u00e1rio sul-mato-grossense est\u00e1 atento a realidade de muitas fam\u00edlias e, por isso, t\u00eam investido, assim como o CNJ (Conselho Nacional de Justi\u00e7a), em a\u00e7\u00f5es de preven\u00e7\u00e3o ao superendividamento.<\/p>\n<p><em>Kleber Clajus, Comunica\u00e7\u00e3o Procon\/MS<\/em><br \/><em>Fotos: Kleber Clajus<\/em><\/p>\n<\/div>\n","protected":false},"excerpt":{"rendered":"<p>Estudantes do Ensino M\u00e9dio da Escola Estadual Aracy Eudociak, em Campo Grande, foram os primeiros a receber, nessa semana, orienta\u00e7\u00f5es de projeto piloto do Procon e do Tribunal de Justi\u00e7a de Mato Grosso do Sul sobre educa\u00e7\u00e3o financeira e preven\u00e7\u00e3o ao superendividamento. A a\u00e7\u00e3o, realizada pela Escola do Consumidor e o Nupemec (N\u00facleo Permanente de [&hellip;]<\/p>\n","protected":false},"author":1,"featured_media":0,"comment_status":"","ping_status":"","sticky":false,"template":"","format":"standard","meta":{"footnotes":""},"categories":[],"tags":[],"class_list":["post-37901","post","type-post","status-publish","format-standard","hentry"],"amp_enabled":true,"_links":{"self":[{"href":"https:\/\/novasdodia.com.br\/index.php\/wp-json\/wp\/v2\/posts\/37901","targetHints":{"allow":["GET"]}}],"collection":[{"href":"https:\/\/novasdodia.com.br\/index.php\/wp-json\/wp\/v2\/posts"}],"about":[{"href":"https:\/\/novasdodia.com.br\/index.php\/wp-json\/wp\/v2\/types\/post"}],"author":[{"embeddable":true,"href":"https:\/\/novasdodia.com.br\/index.php\/wp-json\/wp\/v2\/users\/1"}],"replies":[{"embeddable":true,"href":"https:\/\/novasdodia.com.br\/index.php\/wp-json\/wp\/v2\/comments?post=37901"}],"version-history":[{"count":0,"href":"https:\/\/novasdodia.com.br\/index.php\/wp-json\/wp\/v2\/posts\/37901\/revisions"}],"wp:attachment":[{"href":"https:\/\/novasdodia.com.br\/index.php\/wp-json\/wp\/v2\/media?parent=37901"}],"wp:term":[{"taxonomy":"category","embeddable":true,"href":"https:\/\/novasdodia.com.br\/index.php\/wp-json\/wp\/v2\/categories?post=37901"},{"taxonomy":"post_tag","embeddable":true,"href":"https:\/\/novasdodia.com.br\/index.php\/wp-json\/wp\/v2\/tags?post=37901"}],"curies":[{"name":"wp","href":"https:\/\/api.w.org\/{rel}","templated":true}]}}