{"id":37902,"date":"2025-06-02T16:44:39","date_gmt":"2025-06-02T19:44:39","guid":{"rendered":"https:\/\/novasdodia.com.br\/index.php\/2025\/06\/02\/aula-pratica-discute-a-relacao-entre-agricultura-e-saude-da-populacao-agencia-de-noticias-do-governo-de-mato-grosso-do-sul\/"},"modified":"2025-06-02T16:44:39","modified_gmt":"2025-06-02T19:44:39","slug":"aula-pratica-discute-a-relacao-entre-agricultura-e-saude-da-populacao-agencia-de-noticias-do-governo-de-mato-grosso-do-sul","status":"publish","type":"post","link":"https:\/\/novasdodia.com.br\/index.php\/2025\/06\/02\/aula-pratica-discute-a-relacao-entre-agricultura-e-saude-da-populacao-agencia-de-noticias-do-governo-de-mato-grosso-do-sul\/","title":{"rendered":"aula pr\u00e1tica discute a rela\u00e7\u00e3o entre agricultura e sa\u00fade da popula\u00e7\u00e3o \u2013 Ag\u00eancia de Noticias do Governo de Mato Grosso do Sul"},"content":{"rendered":"<p><\/p>\n<div>\n<p style=\"text-align: center;\"><em>Profissionais exploram como pr\u00e1ticas agr\u00edcolas impactam diretamente o bem-estar e a qualidade de vida das comunidades<\/em><\/p>\n<p>A Coordenadoria de Sa\u00fade \u00danica da SES (Secretaria de Estado de Sa\u00fade de Mato Grosso do Sul) participou, no \u00faltimo s\u00e1bado (31), de uma aula pr\u00e1tica voltada aos acad\u00eamicos do curso de Agronomia da Unigran Capital, em Campo Grande. A atividade integrou a forma\u00e7\u00e3o em campo dos estudantes e teve como foco a abordagem intersetorial da Sa\u00fade \u00danica, evidenciando o papel estrat\u00e9gico do engenheiro agr\u00f4nomo na promo\u00e7\u00e3o da sa\u00fade p\u00fablica por meio da produ\u00e7\u00e3o sustent\u00e1vel de alimentos.<\/p>\n<p>Durante o encontro, foram abordados temas como o uso racional de insumos agr\u00edcolas, conserva\u00e7\u00e3o do solo e da \u00e1gua, controle ecol\u00f3gico de pragas, seguran\u00e7a alimentar e qualidade dos alimentos.<\/p>\n<p>\u00a0\u201cO engenheiro agr\u00f4nomo \u00e9 pe\u00e7a-chave para a implementa\u00e7\u00e3o de sistemas produtivos sustent\u00e1veis que consideram a sa\u00fade do solo, da \u00e1gua, dos alimentos e, consequentemente, das pessoas. Sua atua\u00e7\u00e3o est\u00e1 diretamente ligada \u00e0 preven\u00e7\u00e3o de doen\u00e7as e \u00e0 promo\u00e7\u00e3o de ambientes saud\u00e1veis, pilares fundamentais da abordagem\u201d, afirmou a coordenadora de Sa\u00fade \u00danica da SES, Danila Frias.<\/p>\n<p>O coordenador adjunto do curso de Agronomia, Luciano Oliveira, refor\u00e7ou a import\u00e2ncia de ampliar a vis\u00e3o dos futuros profissionais sobre sua responsabilidade na cadeia produtiva.<\/p>\n<p>\u201cA aproxima\u00e7\u00e3o com a Coordenadoria de Sa\u00fade \u00danica amplia a vis\u00e3o dos nossos acad\u00eamicos sobre a responsabilidade t\u00e9cnica e \u00e9tica do engenheiro agr\u00f4nomo na cadeia produtiva. N\u00e3o se trata apenas de produzir mais, mas de produzir com consci\u00eancia, seguran\u00e7a e respeito ao meio ambiente e \u00e0 sa\u00fade das popula\u00e7\u00f5es\u201d, explicou.<\/p>\n<p>A atividade fortalece o compromisso de Mato Grosso do Sul com a Estrat\u00e9gia de Sa\u00fade \u00danica, que prop\u00f5e a integra\u00e7\u00e3o entre os eixos da sa\u00fade humana, animal e ambiental nas a\u00e7\u00f5es de forma\u00e7\u00e3o, pesquisa e pol\u00edticas p\u00fablicas.<\/p>\n<p><em>Dan\u00fabia Burema, Comunica\u00e7\u00e3o SES<\/em><\/p>\n<\/div>\n","protected":false},"excerpt":{"rendered":"<p>Profissionais exploram como pr\u00e1ticas agr\u00edcolas impactam diretamente o bem-estar e a qualidade de vida das comunidades A Coordenadoria de Sa\u00fade \u00danica da SES (Secretaria de Estado de Sa\u00fade de Mato Grosso do Sul) participou, no \u00faltimo s\u00e1bado (31), de uma aula pr\u00e1tica voltada aos acad\u00eamicos do curso de Agronomia da Unigran Capital, em Campo Grande. [&hellip;]<\/p>\n","protected":false},"author":1,"featured_media":0,"comment_status":"","ping_status":"","sticky":false,"template":"","format":"standard","meta":{"footnotes":""},"categories":[1],"tags":[],"class_list":["post-37902","post","type-post","status-publish","format-standard","hentry","category-noticias"],"amp_enabled":true,"_links":{"self":[{"href":"https:\/\/novasdodia.com.br\/index.php\/wp-json\/wp\/v2\/posts\/37902","targetHints":{"allow":["GET"]}}],"collection":[{"href":"https:\/\/novasdodia.com.br\/index.php\/wp-json\/wp\/v2\/posts"}],"about":[{"href":"https:\/\/novasdodia.com.br\/index.php\/wp-json\/wp\/v2\/types\/post"}],"author":[{"embeddable":true,"href":"https:\/\/novasdodia.com.br\/index.php\/wp-json\/wp\/v2\/users\/1"}],"replies":[{"embeddable":true,"href":"https:\/\/novasdodia.com.br\/index.php\/wp-json\/wp\/v2\/comments?post=37902"}],"version-history":[{"count":0,"href":"https:\/\/novasdodia.com.br\/index.php\/wp-json\/wp\/v2\/posts\/37902\/revisions"}],"wp:attachment":[{"href":"https:\/\/novasdodia.com.br\/index.php\/wp-json\/wp\/v2\/media?parent=37902"}],"wp:term":[{"taxonomy":"category","embeddable":true,"href":"https:\/\/novasdodia.com.br\/index.php\/wp-json\/wp\/v2\/categories?post=37902"},{"taxonomy":"post_tag","embeddable":true,"href":"https:\/\/novasdodia.com.br\/index.php\/wp-json\/wp\/v2\/tags?post=37902"}],"curies":[{"name":"wp","href":"https:\/\/api.w.org\/{rel}","templated":true}]}}