{"id":37903,"date":"2025-06-02T17:20:39","date_gmt":"2025-06-02T20:20:39","guid":{"rendered":"https:\/\/novasdodia.com.br\/index.php\/2025\/06\/02\/nova-linha-de-microcredito-voltada-a-pequenos-produtores-rurais-e-lancada-na-caravana-da-sudeco-em-campo-grande-cgnoticias\/"},"modified":"2025-06-02T17:20:39","modified_gmt":"2025-06-02T20:20:39","slug":"nova-linha-de-microcredito-voltada-a-pequenos-produtores-rurais-e-lancada-na-caravana-da-sudeco-em-campo-grande-cgnoticias","status":"publish","type":"post","link":"https:\/\/novasdodia.com.br\/index.php\/2025\/06\/02\/nova-linha-de-microcredito-voltada-a-pequenos-produtores-rurais-e-lancada-na-caravana-da-sudeco-em-campo-grande-cgnoticias\/","title":{"rendered":"Nova linha de\u00a0microcr\u00e9dito voltada a pequenos produtores rurais \u00e9 lan\u00e7ada na Caravana da Sudeco em Campo Grande \u2013 CGNot\u00edcias"},"content":{"rendered":"<p><\/p>\n<div>\n<p>Agricultores familiares e pequenos empreendedores rurais tamb\u00e9m v\u00e3o poder acessar \u00e0s linhas de cr\u00e9dito disponibilizadas na Caravana da Sudeco. Est\u00e1 sendo lan\u00e7ada nesta segunda-feira (2) a Linha de Microcr\u00e9dito Produtivo Orientado (MPO) que objetiva fortalecer a economia regional e ampliar o acesso ao cr\u00e9dito no Centro-Oeste aos que mais precisam.<\/p>\n<p>A Prefeitura de Campo Grande, por meio da Secretaria Municipal de Meio Ambiente, Gest\u00e3o Urbana e Desenvolvimento Econ\u00f4mico, Tur\u00edstico e Sustent\u00e1vel (Semades) participa do lan\u00e7amento, que ocorre no Audit\u00f3rio da Faculdade Insted.<\/p>\n<p>\u201cNossa equipe da Ger\u00eancia de Agroneg\u00f3cio e Agricultura Familiar participa deste lan\u00e7amento com a inten\u00e7\u00e3o de conhecer mais sobre o MPO e levar essa orienta\u00e7\u00e3o e solu\u00e7\u00f5es financeiras a pequenos empreendedores rurais para que eles possam ter como investir e se desenvolver\u201d, disse o secret\u00e1rio municipal da SEMADES, Ademar Silva Junior.<\/p>\n<p>O MPO\/Sudeco \u00e9 uma linha de cr\u00e9dito orientada que oferece condi\u00e7\u00f5es facilitadas para aquisi\u00e7\u00e3o de equipamentos, capital de giro, investimentos em produ\u00e7\u00e3o agr\u00edcola, reformas, expans\u00e3o de plantio e outras melhorias na atividade produtiva. O cr\u00e9dito \u00e9 acompanhado de orienta\u00e7\u00e3o t\u00e9cnica e apoio institucional, garantindo o uso respons\u00e1vel e eficaz dos recursos.<\/p>\n<p>Para o ministro da Integra\u00e7\u00e3o e do Desenvolvimento Regional, Waldez G\u00f3es, o diferencial da Caravana est\u00e1 em levar informa\u00e7\u00e3o de forma acess\u00edvel. \u201cNosso foco s\u00e3o os micros e pequenos empreendedores que, muitas vezes, n\u00e3o sabem por onde come\u00e7ar. N\u00f3s mostramos o caminho, explicamos cada passo e tornamos o cr\u00e9dito algo poss\u00edvel para quem est\u00e1 \u00e0 margem do sistema financeiro tradicional\u201d, destacou o ministro no site do governo federal.<\/p>\n<p>A caravana da Sudeco est\u00e1 sendo realizada na sede do Sebrae em Campo Grande (MS), com programa\u00e7\u00e3o que inclui palestras, atendimento t\u00e9cnico e orienta\u00e7\u00f5es detalhadas sobre as ferramentas de fomento dispon\u00edveis para pequenos neg\u00f3cios da regi\u00e3o. O lan\u00e7amento do Linha de Microcr\u00e9dito Produtivo Orientado (MPO) ocorre no Audit\u00f3rio da Faculdade Insted.<\/p>\n<p>#<em>ParaTodosVerem A imagem de capa mostra os participantes do lan\u00e7amento do projeto.<\/em><\/p>\n<\/div>\n<p><script async defer async defer src=\"https:\/\/connect.facebook.net\/en_US\/sdk.js?ver=1#xfbml=1&amp;version=v3.2\" id=\"prefeitura-campogrande-script-facebook-sdk-js\"><\/script><\/p>\n","protected":false},"excerpt":{"rendered":"<p>Agricultores familiares e pequenos empreendedores rurais tamb\u00e9m v\u00e3o poder acessar \u00e0s linhas de cr\u00e9dito disponibilizadas na Caravana da Sudeco. Est\u00e1 sendo lan\u00e7ada nesta segunda-feira (2) a Linha de Microcr\u00e9dito Produtivo Orientado (MPO) que objetiva fortalecer a economia regional e ampliar o acesso ao cr\u00e9dito no Centro-Oeste aos que mais precisam. A Prefeitura de Campo Grande, [&hellip;]<\/p>\n","protected":false},"author":1,"featured_media":0,"comment_status":"","ping_status":"","sticky":false,"template":"","format":"standard","meta":{"footnotes":""},"categories":[],"tags":[],"class_list":["post-37903","post","type-post","status-publish","format-standard","hentry"],"amp_enabled":true,"_links":{"self":[{"href":"https:\/\/novasdodia.com.br\/index.php\/wp-json\/wp\/v2\/posts\/37903","targetHints":{"allow":["GET"]}}],"collection":[{"href":"https:\/\/novasdodia.com.br\/index.php\/wp-json\/wp\/v2\/posts"}],"about":[{"href":"https:\/\/novasdodia.com.br\/index.php\/wp-json\/wp\/v2\/types\/post"}],"author":[{"embeddable":true,"href":"https:\/\/novasdodia.com.br\/index.php\/wp-json\/wp\/v2\/users\/1"}],"replies":[{"embeddable":true,"href":"https:\/\/novasdodia.com.br\/index.php\/wp-json\/wp\/v2\/comments?post=37903"}],"version-history":[{"count":0,"href":"https:\/\/novasdodia.com.br\/index.php\/wp-json\/wp\/v2\/posts\/37903\/revisions"}],"wp:attachment":[{"href":"https:\/\/novasdodia.com.br\/index.php\/wp-json\/wp\/v2\/media?parent=37903"}],"wp:term":[{"taxonomy":"category","embeddable":true,"href":"https:\/\/novasdodia.com.br\/index.php\/wp-json\/wp\/v2\/categories?post=37903"},{"taxonomy":"post_tag","embeddable":true,"href":"https:\/\/novasdodia.com.br\/index.php\/wp-json\/wp\/v2\/tags?post=37903"}],"curies":[{"name":"wp","href":"https:\/\/api.w.org\/{rel}","templated":true}]}}