{"id":38407,"date":"2025-06-12T14:10:06","date_gmt":"2025-06-12T17:10:06","guid":{"rendered":"https:\/\/novasdodia.com.br\/index.php\/2025\/06\/12\/eleicoes-consup-2025-2027-lista-de-servidores-aptos-a-votar-ifsp\/"},"modified":"2025-06-12T14:10:06","modified_gmt":"2025-06-12T17:10:06","slug":"eleicoes-consup-2025-2027-lista-de-servidores-aptos-a-votar-ifsp","status":"publish","type":"post","link":"https:\/\/novasdodia.com.br\/index.php\/2025\/06\/12\/eleicoes-consup-2025-2027-lista-de-servidores-aptos-a-votar-ifsp\/","title":{"rendered":"Elei\u00e7\u00f5es Consup 2025-2027: lista de servidores aptos a votar &#8211; IFSP"},"content":{"rendered":"<p><\/p>\n<div>\n<div class=\"subtitle\">\n<p>As elei\u00e7\u00f5es para o Consup acontecem nos dias 24 e 25 de junho<\/p>\n<\/div>\n<p><!-- fim .content-header-options-1 --><\/p>\n<p>Nesta quinta-feira, 12 de junho, a Comiss\u00e3o Eleitoral Central do processo de escolha de representantes dos\u00a0servidores, dos discentes e dos egressos para o Conselho Superior (Consup) do IFSP divulga a lista preliminar de servidores lotados na Reitoria aptos a votar\u00a0nas elei\u00e7\u00f5es, que ocorrer\u00e3o de 12h de 24\/6\/2025 \u00e0s 11h59 de 25\/6\/2025.<\/p>\n<p>Recursos contra a lista podem ser enviados hoje (12) para o e-mail\u00a0<!-- This email address is being protected from spambots. --><span class=\"cloaked_email ep_7fd70e68\"><span data-ep-a94f0=\"consu\" data-ep-bfae3=\"u.br\"><span data-ep-a94f0=\"pcel2\" data-ep-bfae3=\"sp.ed\"><span data-ep-bfae3=\"et@if\" data-ep-a94f0=\"025.r\"\/><\/span><\/span><\/span><span class=\"cloaked_email ep_dac039ad\" style=\"display:none;\"><span data-ep-bfae3=\"u.br\" data-ep-a94f0=\"consu\"><span data-ep-a94f0=\"pcel2\" data-ep-bfae3=\"sp.ed\"><span data-ep-bfae3=\"et@if\" data-ep-a94f0=\"025.r\"\/><\/span><\/span><\/span>\u00a0. Os eleitores devem conferir a lista de servidores aptos a votar em seu campus de lota\u00e7\u00e3o.\u00a0<\/p>\n<p>Lista preliminar de eleitores Reitoria<\/p>\n<p>Todas as informa\u00e7\u00f5es sobre a elei\u00e7\u00e3o do Consup est\u00e3o\u00a0dispon\u00edveis aqui.<\/p>\n<\/div>\n","protected":false},"excerpt":{"rendered":"<p>As elei\u00e7\u00f5es para o Consup acontecem nos dias 24 e 25 de junho Nesta quinta-feira, 12 de junho, a Comiss\u00e3o Eleitoral Central do processo de escolha de representantes dos\u00a0servidores, dos discentes e dos egressos para o Conselho Superior (Consup) do IFSP divulga a lista preliminar de servidores lotados na Reitoria aptos a votar\u00a0nas elei\u00e7\u00f5es, que [&hellip;]<\/p>\n","protected":false},"author":1,"featured_media":0,"comment_status":"","ping_status":"","sticky":false,"template":"","format":"standard","meta":{"footnotes":""},"categories":[1],"tags":[],"class_list":["post-38407","post","type-post","status-publish","format-standard","hentry","category-noticias"],"amp_enabled":true,"_links":{"self":[{"href":"https:\/\/novasdodia.com.br\/index.php\/wp-json\/wp\/v2\/posts\/38407","targetHints":{"allow":["GET"]}}],"collection":[{"href":"https:\/\/novasdodia.com.br\/index.php\/wp-json\/wp\/v2\/posts"}],"about":[{"href":"https:\/\/novasdodia.com.br\/index.php\/wp-json\/wp\/v2\/types\/post"}],"author":[{"embeddable":true,"href":"https:\/\/novasdodia.com.br\/index.php\/wp-json\/wp\/v2\/users\/1"}],"replies":[{"embeddable":true,"href":"https:\/\/novasdodia.com.br\/index.php\/wp-json\/wp\/v2\/comments?post=38407"}],"version-history":[{"count":0,"href":"https:\/\/novasdodia.com.br\/index.php\/wp-json\/wp\/v2\/posts\/38407\/revisions"}],"wp:attachment":[{"href":"https:\/\/novasdodia.com.br\/index.php\/wp-json\/wp\/v2\/media?parent=38407"}],"wp:term":[{"taxonomy":"category","embeddable":true,"href":"https:\/\/novasdodia.com.br\/index.php\/wp-json\/wp\/v2\/categories?post=38407"},{"taxonomy":"post_tag","embeddable":true,"href":"https:\/\/novasdodia.com.br\/index.php\/wp-json\/wp\/v2\/tags?post=38407"}],"curies":[{"name":"wp","href":"https:\/\/api.w.org\/{rel}","templated":true}]}}