{"id":38525,"date":"2025-06-15T13:40:13","date_gmt":"2025-06-15T16:40:13","guid":{"rendered":"https:\/\/novasdodia.com.br\/index.php\/2025\/06\/15\/arraial-de-santo-antonio-garante-renda-e-fortalece-instituicoes-filantropicas-de-campo-grande-cgnoticias\/"},"modified":"2025-06-15T13:40:13","modified_gmt":"2025-06-15T16:40:13","slug":"arraial-de-santo-antonio-garante-renda-e-fortalece-instituicoes-filantropicas-de-campo-grande-cgnoticias","status":"publish","type":"post","link":"https:\/\/novasdodia.com.br\/index.php\/2025\/06\/15\/arraial-de-santo-antonio-garante-renda-e-fortalece-instituicoes-filantropicas-de-campo-grande-cgnoticias\/","title":{"rendered":"Arraial de Santo Ant\u00f4nio garante renda e fortalece institui\u00e7\u00f5es filantr\u00f3picas de Campo Grande \u2013 CGNot\u00edcias"},"content":{"rendered":"<p><\/p>\n<div>\n<p>Neste s\u00e1bado (14), durante a terceira noite do 23\u00ba Arraial de Santo Ant\u00f4nio, cerca de 5 mil pessoas passaram pela Pra\u00e7a do R\u00e1dio Clube. A festa, que re\u00fane tradi\u00e7\u00e3o, f\u00e9 e uma programa\u00e7\u00e3o para todas as idades, tamb\u00e9m se destaca pela solidariedade. O evento tem papel fundamental no planejamento financeiro de organiza\u00e7\u00f5es da sociedade civil (OSC) que atuam nas sete regi\u00f5es urbanas de Campo Grande.<\/p>\n<\/p>\n<p>Neste ano, 38 institui\u00e7\u00f5es sociais participam da festa com barracas de comidas e bebidas t\u00edpicas. Toda a renda obtida com a venda dos produtos \u00e9 destinada diretamente \u00e0s entidades. Na pr\u00e1tica, isso representa a oportunidade de refor\u00e7ar o caixa, realizar investimentos e, principalmente, garantir a continuidade dos servi\u00e7os gratuitos oferecidos \u00e0 popula\u00e7\u00e3o em situa\u00e7\u00e3o de vulnerabilidade.<\/p>\n<p>Nas barracas, o p\u00fablico encontra de tudo um pouco: espetinho, chorip\u00e1n, cachorro-quente, crepe, pastel, arroz carreteiro, arroz pantaneiro, doces variados, pratos com milho e o tradicional quent\u00e3o. Cada receita tem o prop\u00f3sito de ajudar a manter viva a miss\u00e3o das institui\u00e7\u00f5es participantes.<\/p>\n<\/p>\n<p>A Associa\u00e7\u00e3o Especial de Atendimento \u00e0 Pessoa com Defici\u00eancia Mental, que trabalha com jovens a partir dos 18 anos, utiliza o evento como uma de suas principais fontes de sustento. O coordenador pedag\u00f3gico da institui\u00e7\u00e3o, Alexandre Maluf, explica que os recursos ajudam a cobrir despesas do dia a dia e a manter oficinas profissionalizantes e a\u00e7\u00f5es educativas. \u201c\u00c9 um evento que gera fundos para o atendimento de um p\u00fablico carente, e este ano as vendas est\u00e3o muito boas\u201d, comemora.<\/p>\n<\/p>\n<p>A Associa\u00e7\u00e3o Campo-Grandense da Pessoa com Defici\u00eancia (ACPD), com 45 anos de atua\u00e7\u00e3o, participa do Arraial desde a primeira edi\u00e7\u00e3o. A entidade atende mais de 300 pessoas por semana nas \u00e1reas de sa\u00fade, assist\u00eancia e educa\u00e7\u00e3o. Juliana Lanzarini, representante da ACPD, refor\u00e7a a import\u00e2ncia da arrecada\u00e7\u00e3o: \u201cO dinheiro ser\u00e1 usado para ampliar banheiros, contratar professores para oficinas e adquirir materiais. Entramos no \u00faltimo minuto, mas est\u00e1 dando muito certo\u201d.<\/p>\n<\/p>\n<p>A Escola de Samba Cinderela Tradi\u00e7\u00e3o do Jos\u00e9 Abr\u00e3o, representada por Diogo Miranda Correia, tamb\u00e9m marcou presen\u00e7a no Arraial. Conhecida pelo trabalho comunit\u00e1rio e pela prepara\u00e7\u00e3o para o desfile de Carnaval, a escola v\u00ea nos eventos uma forma de arrecada\u00e7\u00e3o ao longo do ano. \u201cO Arraial chega na hora certa. \u00c9 uma ajuda fundamental para que a gente consiga fazer um carnaval bonito para a nossa comunidade\u201d, afirma Diogo. E completa: \u201cAs vendas est\u00e3o um sucesso, como sempre\u201d.<\/p>\n<\/p>\n<p>Localizada no Bairro Aero Rancho, a Associa\u00e7\u00e3o de M\u00e3es Trabalhando a Inclus\u00e3o (AMATI) existe h\u00e1 33 anos e participa do Arraial de Santo Ant\u00f4nio desde a primeira edi\u00e7\u00e3o. A institui\u00e7\u00e3o atende, diariamente, 250 crian\u00e7as com educa\u00e7\u00e3o infantil \u2014 de 4 meses a 5 anos \u2014 al\u00e9m do projeto Despertar, que oferece atividades no contraturno escolar para crian\u00e7as de 6 a 15 anos.<\/p>\n<p>Durante o Arraial de 2024, a AMATI arrecadou R$ 30 mil e espera repetir o feito nesta edi\u00e7\u00e3o. Presidente da associa\u00e7\u00e3o h\u00e1 12 anos, Sarah Souza de Carvalho explica que a festa \u00e9 uma das principais fontes de recursos da entidade ao longo do ano.<\/p>\n<p>\u201cJ\u00e1 faz parte do nosso calend\u00e1rio. Com o dinheiro arrecadado no ano passado, constru\u00edmos cinco banheiros infantis, dois para adultos e instalamos um sistema de monitoramento por c\u00e2meras em toda a nossa sede\u201d, conta.<\/p>\n<p>Ela acrescenta que os recursos deste ano j\u00e1 t\u00eam destino certo: \u201cVamos pagar a pintura do pr\u00e9dio e fazer uma reserva para o in\u00edcio de 2026\u201d.<\/p>\n<\/p>\n<p>O presidente da Sociedade Esp\u00edrita Anorran, Durval Cava, tamb\u00e9m destaca a import\u00e2ncia da festa para as atividades e servi\u00e7os oferecidos pela entidade, que mant\u00e9m um consult\u00f3rio odontol\u00f3gico, um consult\u00f3rio m\u00e9dico e realiza a\u00e7\u00f5es de assist\u00eancia a fam\u00edlias em situa\u00e7\u00e3o de vulnerabilidade, com a distribui\u00e7\u00e3o de cestas b\u00e1sicas e atendimentos a pessoas em situa\u00e7\u00e3o de rua.<\/p>\n<p>\u201c\u00c9 uma parceria de longa data com a Prefeitura e a Igreja Santo Ant\u00f4nio, que tem nos aben\u00e7oado muito. Cada vez que participamos do Arraial, conseguimos arrecadar, em m\u00e9dia, de R$ 25 mil a R$ 30 mil. Com os recursos de edi\u00e7\u00f5es passadas, realizamos grandes obras na nossa sede \u2014 uma de 900 metros quadrados, outra de 600 e uma terceira de 250 metros quadrados. Com o dinheiro de 2025, vamos retomar uma obra que est\u00e1 parada h\u00e1 cerca de dois anos e, gra\u00e7as a essa arrecada\u00e7\u00e3o, poderemos dar continuidade aos trabalhos, ampliando nossa capacidade de atendimento\u201d, afirma Durval.<\/p>\n<\/p>\n<p>Com sede no Jardim Tarum\u00e3, o Instituto Manoel Bonif\u00e1cio tamb\u00e9m marca presen\u00e7a no 23\u00ba Arraial de Santo Ant\u00f4nio. A institui\u00e7\u00e3o atende crian\u00e7as, adolescentes e fam\u00edlias por meio do projeto \u201cEducando com M\u00fasica\u201d e do servi\u00e7o de conviv\u00eancia e fortalecimento de v\u00ednculos, que beneficia 134 crian\u00e7as de 6 a 15 anos no contraturno escolar.<\/p>\n<p>O presidente do instituto, Nilson Marques, explica que esta \u00e9 a quinta participa\u00e7\u00e3o consecutiva no evento. Para ele, o Arraial representa seguran\u00e7a financeira para a execu\u00e7\u00e3o das atividades ao longo do ano.<\/p>\n<p>\u201cO Arraial nos permite fazer uma proje\u00e7\u00e3o para manter despesas essenciais ao funcionamento do projeto, como \u00e1gua, luz, internet e parte do pagamento de colaboradores. Neste ano, al\u00e9m desses itens, tamb\u00e9m poderemos custear nossa participa\u00e7\u00e3o em um campeonato em Dourados\u201d, revela.<\/p>\n<\/p>\n<p><strong>Programa\u00e7\u00e3o<\/strong><\/p>\n<p>A \u00faltima noite do 23\u00ba Arraial de Santo Ant\u00f4nio acontece neste domingo (15), com in\u00edcio \u00e0s 18h, com apresenta\u00e7\u00e3o de quadrilha. \u00c0s 19h, o cantor F\u00e1bio Cunha sobe ao palco com muito forr\u00f3, e a festa ser\u00e1 encerrada pelo grupo Ip\u00ea da Serra, a partir das 20h.<\/p>\n<p><em><strong>#PraTodosVerem<\/strong>: Na mat\u00e9ria h\u00e1 nove fotos: Na capa h\u00e1 uma foto que mostra duas atendentes de uma das barracas; segunda imagem \u2013 vis\u00e3o geral do p\u00fablico, na frente do palco; terceira foto \u2013 foto do balc\u00e3o de uma das barracas, com destaque para um prato de arroz pantaneiro, um pastel e um copo de caldo colocados sobre ele; quarta foto \u2013 Equipe da Associa\u00e7\u00e3o Especial de Atendimento \u00e0 Pessoa com Defici\u00eancia Mental; quinta foto \u2013 equipe da Associa\u00e7\u00e3o Campo-Grandense da Pessoa com Defici\u00eancia (ACPD);sexta foto \u2013 equipe da Escola de Samba Cinderela Tradi\u00e7\u00e3o do Jos\u00e9 Abr\u00e3o; s\u00e9tima foto \u2013 equipe da Associa\u00e7\u00e3o de M\u00e3es Trabalhando a Inclus\u00e3o (AMATI); oitava foto \u2013 equipe da Sociedade Esp\u00edrita Anorran; nona foto \u2013 equipe do Instituto Manoel Bonif\u00e1cio.<\/em><\/p>\n<\/div>\n<p><script async defer async defer src=\"https:\/\/connect.facebook.net\/en_US\/sdk.js?ver=1#xfbml=1&amp;version=v3.2\" id=\"prefeitura-campogrande-script-facebook-sdk-js\"><\/script><\/p>\n","protected":false},"excerpt":{"rendered":"<p>Neste s\u00e1bado (14), durante a terceira noite do 23\u00ba Arraial de Santo Ant\u00f4nio, cerca de 5 mil pessoas passaram pela Pra\u00e7a do R\u00e1dio Clube. A festa, que re\u00fane tradi\u00e7\u00e3o, f\u00e9 e uma programa\u00e7\u00e3o para todas as idades, tamb\u00e9m se destaca pela solidariedade. O evento tem papel fundamental no planejamento financeiro de organiza\u00e7\u00f5es da sociedade civil [&hellip;]<\/p>\n","protected":false},"author":1,"featured_media":0,"comment_status":"","ping_status":"","sticky":false,"template":"","format":"standard","meta":{"footnotes":""},"categories":[],"tags":[],"class_list":["post-38525","post","type-post","status-publish","format-standard","hentry"],"amp_enabled":true,"_links":{"self":[{"href":"https:\/\/novasdodia.com.br\/index.php\/wp-json\/wp\/v2\/posts\/38525","targetHints":{"allow":["GET"]}}],"collection":[{"href":"https:\/\/novasdodia.com.br\/index.php\/wp-json\/wp\/v2\/posts"}],"about":[{"href":"https:\/\/novasdodia.com.br\/index.php\/wp-json\/wp\/v2\/types\/post"}],"author":[{"embeddable":true,"href":"https:\/\/novasdodia.com.br\/index.php\/wp-json\/wp\/v2\/users\/1"}],"replies":[{"embeddable":true,"href":"https:\/\/novasdodia.com.br\/index.php\/wp-json\/wp\/v2\/comments?post=38525"}],"version-history":[{"count":0,"href":"https:\/\/novasdodia.com.br\/index.php\/wp-json\/wp\/v2\/posts\/38525\/revisions"}],"wp:attachment":[{"href":"https:\/\/novasdodia.com.br\/index.php\/wp-json\/wp\/v2\/media?parent=38525"}],"wp:term":[{"taxonomy":"category","embeddable":true,"href":"https:\/\/novasdodia.com.br\/index.php\/wp-json\/wp\/v2\/categories?post=38525"},{"taxonomy":"post_tag","embeddable":true,"href":"https:\/\/novasdodia.com.br\/index.php\/wp-json\/wp\/v2\/tags?post=38525"}],"curies":[{"name":"wp","href":"https:\/\/api.w.org\/{rel}","templated":true}]}}