{"id":38624,"date":"2025-06-17T15:12:10","date_gmt":"2025-06-17T18:12:10","guid":{"rendered":"https:\/\/novasdodia.com.br\/index.php\/2025\/06\/17\/sedhuc-realiza-cerimonia-de-posse-do-novo-presidente-e-vice-do-cmas\/"},"modified":"2025-06-17T15:12:10","modified_gmt":"2025-06-17T18:12:10","slug":"sedhuc-realiza-cerimonia-de-posse-do-novo-presidente-e-vice-do-cmas","status":"publish","type":"post","link":"https:\/\/novasdodia.com.br\/index.php\/2025\/06\/17\/sedhuc-realiza-cerimonia-de-posse-do-novo-presidente-e-vice-do-cmas\/","title":{"rendered":"Sedhuc realiza cerim\u00f4nia de posse do novo presidente e vice do CMAS"},"content":{"rendered":"<p><\/p>\n<div>\n<p>O Conselho Municipal de Assist\u00eancia Social de Jo\u00e3o Pessoa (CMAS-JP) promoveu, nesta ter\u00e7a-feira (17), a posse do novo presidente e vice-presidente do conselho que v\u00e3o compor o bi\u00eanio 2025-2027. O evento, organizado pela Secretaria de Direitos Humanos e Cidadania (Sedhuc), aconteceu no audit\u00f3rio da Faculdade Internacional da Para\u00edba (FPB), no bairro de Tambi\u00e1.<\/p>\n<figure class=\"wp-block-gallery has-nested-images columns-default is-cropped wp-block-gallery-1 is-layout-flex wp-block-gallery-is-layout-flex\">\n<figure class=\"wp-block-image size-large\"><\/figure>\n<figure class=\"wp-block-image size-large\"><\/figure>\n<\/figure>\n<p>Nesta posse, a presid\u00eancia da mesa diretora passa a ser do Munic\u00edpio, com um representante da sociedade governamental, por meio de indica\u00e7\u00e3o oficial. J\u00e1 a escolha do vice-presidente fica sob responsabilidade dos representantes da sociedade civil eleitos no \u00faltimo dia 27 de Maio.<\/p>\n<figure class=\"wp-block-gallery has-nested-images columns-default is-cropped wp-block-gallery-2 is-layout-flex wp-block-gallery-is-layout-flex\">\n<figure class=\"wp-block-image size-large\"><\/figure>\n<figure class=\"wp-block-image size-large\"><\/figure>\n<\/figure>\n<p>Benicleide Silvestre tomou posse como a nova presidente do Conselho Municipal de Assist\u00eancia Social, e Ana Beatriz Gomes como vice-presidente do Conselho, representando a Comunidade Doce M\u00e3e de Deus, no segmento crian\u00e7a e adolescente.<\/p>\n<p>A nova presidente, Benicleide Silvestre, destacou o compromisso coletivo que marca o trabalho do colegiado e a import\u00e2ncia da parceria entre governo e sociedade civil para o fortalecimento da pol\u00edtica de assist\u00eancia social no Munic\u00edpio. <\/p>\n<p>\u201cNo Conselho Municipal de Assist\u00eancia Social de Jo\u00e3o Pessoa, cada membro, com sua expertise e seu compromisso, contribui para o desenvolvimento da assist\u00eancia social. Agrade\u00e7o a cada parceria firmada entre a sociedade civil e o governo. Sempre digo que n\u00e3o somos concorrentes, somos parceiros. Trabalhamos juntos para garantir direitos que j\u00e1 est\u00e3o previstos em lei. Nosso objetivo comum \u00e9 alcan\u00e7ar quem mais precisa, promovendo dignidade, emancipa\u00e7\u00e3o e a efetiva\u00e7\u00e3o dos direitos sociais\u201d, afirmou a presidente.<\/p>\n<p>Para a nova vice-presidente, assumir essa fun\u00e7\u00e3o representa n\u00e3o apenas uma honra, mas tamb\u00e9m uma grande responsabilidade. Com uma trajet\u00f3ria de dez anos atuando como t\u00e9cnica no pr\u00f3prio Conselho, ela agora retorna como representante da sociedade civil, comprometida em fortalecer a pol\u00edtica de assist\u00eancia social em Jo\u00e3o Pessoa.<\/p>\n<p>\u201c\u00c9 uma honra fazer parte deste Conselho, agora na fun\u00e7\u00e3o de vice-presidente. Retorno com o compromisso de contribuir ativamente com a pol\u00edtica de assist\u00eancia social, que sempre esteve presente na minha trajet\u00f3ria. Acredito na uni\u00e3o entre governo e sociedade civil em busca de um \u00fanico prop\u00f3sito: o fortalecimento da assist\u00eancia social no nosso munic\u00edpio. Estou disposta a caminhar lado a lado com a presidenta Benicleide Silvestre para que essa pol\u00edtica seja cada vez mais forte e reconhecida. Agrade\u00e7o pelo reconhecimento e pela confian\u00e7a depositada em mim\u201d, pontuou Ana Beatriz Gomes.<\/p>\n<p><strong>Titulares e suplentes \u2013 <\/strong>Na ocasi\u00e3o, tamb\u00e9m foram empossados os conselheiros titulares e suplentes, representantes da sociedade civil, eleitos durante assembleia.<\/p>\n<p><strong>Atendimento \u00e0 Crian\u00e7a e ao Adolescente<\/strong><\/p>\n<p><strong>Titular:<\/strong> Comunidade Doce M\u00e3e de Deus<\/p>\n<p><strong>Suplente:<\/strong> Aldeias Infantis SOS Brasil<\/p>\n<p><strong>Atendimento \u00e0 Pessoa Idosa<\/strong><\/p>\n<p><strong>Titular:<\/strong> Casa da Divina Miseric\u00f3rdia<\/p>\n<p><strong>Suplente:<\/strong> Associa\u00e7\u00e3o Recreativa e Cultural do Jardim 13 de Maio<\/p>\n<p><strong>Associa\u00e7\u00f5es Comunit\u00e1rias<\/strong><\/p>\n<p><strong>Titular:<\/strong> Associa\u00e7\u00e3o Recreativa Cultural e Art\u00edstica (Arca)<\/p>\n<p><strong>Suplente:<\/strong> Centro Integrado de A\u00e7\u00f5es Comunit\u00e1rias Pela Vida (Cicovi)<\/p>\n<p><strong>Associa\u00e7\u00f5es de Pessoas com Defici\u00eancia<\/strong><\/p>\n<p><strong>Titular:<\/strong> Instituto dos Cegos da Para\u00edba Adalgisa Cunha<\/p>\n<p><strong>Suplente:<\/strong> Assessoria e Consultoria para Inclus\u00e3o Social (ACSocial)<\/p>\n<p><strong>Associa\u00e7\u00f5es de Trabalhadores<\/strong><\/p>\n<p>Representantes eleitos por composi\u00e7\u00e3o direta (sem vota\u00e7\u00e3o): CRESS\/PB (Servi\u00e7o Social); CRP\/PB (Psicologia) e CRC\/PB (Contabilidade) \u2013 Cada conselho ficou com sua respectiva cadeira.<\/p>\n<p>Escolas Especializadas<\/p>\n<p><strong>Titular<\/strong>: Associa\u00e7\u00e3o de Pais e Amigos dos Excepcionais (Apae)<\/p>\n<p>Cada institui\u00e7\u00e3o tem at\u00e9 48 horas para indicar seus respectivos representantes.<\/p>\n<\/p><\/div>\n","protected":false},"excerpt":{"rendered":"<p>O Conselho Municipal de Assist\u00eancia Social de Jo\u00e3o Pessoa (CMAS-JP) promoveu, nesta ter\u00e7a-feira (17), a posse do novo presidente e vice-presidente do conselho que v\u00e3o compor o bi\u00eanio 2025-2027. O evento, organizado pela Secretaria de Direitos Humanos e Cidadania (Sedhuc), aconteceu no audit\u00f3rio da Faculdade Internacional da Para\u00edba (FPB), no bairro de Tambi\u00e1. Nesta posse, [&hellip;]<\/p>\n","protected":false},"author":1,"featured_media":0,"comment_status":"","ping_status":"","sticky":false,"template":"","format":"standard","meta":{"footnotes":""},"categories":[1],"tags":[],"class_list":["post-38624","post","type-post","status-publish","format-standard","hentry","category-noticias"],"amp_enabled":true,"_links":{"self":[{"href":"https:\/\/novasdodia.com.br\/index.php\/wp-json\/wp\/v2\/posts\/38624","targetHints":{"allow":["GET"]}}],"collection":[{"href":"https:\/\/novasdodia.com.br\/index.php\/wp-json\/wp\/v2\/posts"}],"about":[{"href":"https:\/\/novasdodia.com.br\/index.php\/wp-json\/wp\/v2\/types\/post"}],"author":[{"embeddable":true,"href":"https:\/\/novasdodia.com.br\/index.php\/wp-json\/wp\/v2\/users\/1"}],"replies":[{"embeddable":true,"href":"https:\/\/novasdodia.com.br\/index.php\/wp-json\/wp\/v2\/comments?post=38624"}],"version-history":[{"count":0,"href":"https:\/\/novasdodia.com.br\/index.php\/wp-json\/wp\/v2\/posts\/38624\/revisions"}],"wp:attachment":[{"href":"https:\/\/novasdodia.com.br\/index.php\/wp-json\/wp\/v2\/media?parent=38624"}],"wp:term":[{"taxonomy":"category","embeddable":true,"href":"https:\/\/novasdodia.com.br\/index.php\/wp-json\/wp\/v2\/categories?post=38624"},{"taxonomy":"post_tag","embeddable":true,"href":"https:\/\/novasdodia.com.br\/index.php\/wp-json\/wp\/v2\/tags?post=38624"}],"curies":[{"name":"wp","href":"https:\/\/api.w.org\/{rel}","templated":true}]}}