{"id":38775,"date":"2025-06-21T03:44:08","date_gmt":"2025-06-21T06:44:08","guid":{"rendered":"https:\/\/novasdodia.com.br\/index.php\/2025\/06\/21\/prefeitura-recebe-o-premio-inovacidade2025-prefeitura-da-cidade-do-rio-de-janeiro\/"},"modified":"2025-06-21T03:44:08","modified_gmt":"2025-06-21T06:44:08","slug":"prefeitura-recebe-o-premio-inovacidade2025-prefeitura-da-cidade-do-rio-de-janeiro","status":"publish","type":"post","link":"https:\/\/novasdodia.com.br\/index.php\/2025\/06\/21\/prefeitura-recebe-o-premio-inovacidade2025-prefeitura-da-cidade-do-rio-de-janeiro\/","title":{"rendered":"Prefeitura recebe o Pr\u00eamio InovaCidade2025 &#8211; Prefeitura da Cidade do Rio de Janeiro"},"content":{"rendered":"<p><\/p>\n<div id=\"main\">\n<div class=\"wrapper-breadcrumbs\" wp_automatic_readability=\"27.552346570397\">\n<div class=\"image-post\" wp_automatic_readability=\"32\">\n                     A premia\u00e7\u00e3o reconhece inova\u00e7\u00f5es na \u00e1rea de cidades inteligentes &#8211; Divulga\u00e7\u00e3o                  <\/div>\n<p>A Prefeitura do Rio recebeu o Pr\u00eamio InovaCidade2025, promovido pelo congresso Smart City Business Brazil Congress (SCB-Br), que reconhece inova\u00e7\u00f5es na \u00e1rea de cidades inteligentes. As solu\u00e7\u00f5es premiadas foram o Programa de Inova\u00e7\u00e3o Urbana e Intelig\u00eancia Coletiva, coordenado pela Subsecretaria de Transforma\u00e7\u00e3o Digital e Cidade Inteligente, ligada \u00e0 Casa Civil, em articula\u00e7\u00e3o com parceiros da academia e da sociedade civil, e o Protocolo de Calor Extremo, desenvolvido pelo Centro de Opera\u00e7\u00f5es Rio (COR-Rio) em parceria com a Secretaria Municipal de Sa\u00fade.<\/p>\n<p>O protocolo de enfrentamento de calor extremo, classificado em cinco n\u00edveis (NC1 a NC5), determina a\u00e7\u00f5es espec\u00edficas para reduzir o impacto do calor na popula\u00e7\u00e3o. O pr\u00eamio reconhece essa iniciativa in\u00e9dita no Brasil como um avan\u00e7o significativo na gest\u00e3o dos impactos das mudan\u00e7as clim\u00e1ticas em \u00e1reas urbanas. J\u00e1 o segundo pr\u00eamio destaca a import\u00e2ncia de integrar academia, sociedade civil e setor p\u00fablico na formula\u00e7\u00e3o e revis\u00e3o de pol\u00edticas urbanas, utilizando intelig\u00eancia coletiva e promovendo o envolvimento direto da popula\u00e7\u00e3o.<\/p>\n<p>O SCB-Br \u00e9 considerado um dos principais pontos de encontro entre os setores p\u00fablico e privado, divulgando inova\u00e7\u00f5es aplicadas em \u00e1reas como mobilidade inteligente, efici\u00eancia energ\u00e9tica, sustentabilidade ambiental, gest\u00e3o de riscos e resili\u00eancia, participa\u00e7\u00e3o cidad\u00e3 e governo digital.<\/p>\n<p>             <!-- Compartilhe ---><\/p>\n<p>\t\t\t <!-- TAGS --><\/p>\n<section class=\"category-tags\">\n<div class=\"marcacao-category\">\n<article class=\"category-post\">\n<p>Categoria: <\/p>\n<\/article>\n<li>18 de junho de 2025<\/li><\/div>\n<article class=\"tags\">\n\t\t\t\t\tMarca\u00e7\u00f5es: congresso Prefeitura do Rio Pr\u00eamio InovaCidade2025 Smart City Business Brazil Congress<br \/><\/article>\n<\/section>\n<p>            <!-- Mais Not&iacute;cias --><\/p>\n<p>\t\t<!-- Conte&uacute;do SIDEBAR --><\/p><\/div>\n<\/p><\/div>\n","protected":false},"excerpt":{"rendered":"<p>A premia\u00e7\u00e3o reconhece inova\u00e7\u00f5es na \u00e1rea de cidades inteligentes &#8211; Divulga\u00e7\u00e3o A Prefeitura do Rio recebeu o Pr\u00eamio InovaCidade2025, promovido pelo congresso Smart City Business Brazil Congress (SCB-Br), que reconhece inova\u00e7\u00f5es na \u00e1rea de cidades inteligentes. As solu\u00e7\u00f5es premiadas foram o Programa de Inova\u00e7\u00e3o Urbana e Intelig\u00eancia Coletiva, coordenado pela Subsecretaria de Transforma\u00e7\u00e3o Digital e [&hellip;]<\/p>\n","protected":false},"author":1,"featured_media":0,"comment_status":"","ping_status":"","sticky":false,"template":"","format":"standard","meta":{"footnotes":""},"categories":[1],"tags":[],"class_list":["post-38775","post","type-post","status-publish","format-standard","hentry","category-noticias"],"amp_enabled":true,"_links":{"self":[{"href":"https:\/\/novasdodia.com.br\/index.php\/wp-json\/wp\/v2\/posts\/38775","targetHints":{"allow":["GET"]}}],"collection":[{"href":"https:\/\/novasdodia.com.br\/index.php\/wp-json\/wp\/v2\/posts"}],"about":[{"href":"https:\/\/novasdodia.com.br\/index.php\/wp-json\/wp\/v2\/types\/post"}],"author":[{"embeddable":true,"href":"https:\/\/novasdodia.com.br\/index.php\/wp-json\/wp\/v2\/users\/1"}],"replies":[{"embeddable":true,"href":"https:\/\/novasdodia.com.br\/index.php\/wp-json\/wp\/v2\/comments?post=38775"}],"version-history":[{"count":0,"href":"https:\/\/novasdodia.com.br\/index.php\/wp-json\/wp\/v2\/posts\/38775\/revisions"}],"wp:attachment":[{"href":"https:\/\/novasdodia.com.br\/index.php\/wp-json\/wp\/v2\/media?parent=38775"}],"wp:term":[{"taxonomy":"category","embeddable":true,"href":"https:\/\/novasdodia.com.br\/index.php\/wp-json\/wp\/v2\/categories?post=38775"},{"taxonomy":"post_tag","embeddable":true,"href":"https:\/\/novasdodia.com.br\/index.php\/wp-json\/wp\/v2\/tags?post=38775"}],"curies":[{"name":"wp","href":"https:\/\/api.w.org\/{rel}","templated":true}]}}