{"id":38900,"date":"2025-06-24T15:38:03","date_gmt":"2025-06-24T18:38:03","guid":{"rendered":"https:\/\/novasdodia.com.br\/index.php\/2025\/06\/24\/economia-criativa-e-agricultura-familiar-levam-shows-feiras-cultura-e-informacao-para-o-pantanal-tech-ms\/"},"modified":"2025-06-24T15:38:03","modified_gmt":"2025-06-24T18:38:03","slug":"economia-criativa-e-agricultura-familiar-levam-shows-feiras-cultura-e-informacao-para-o-pantanal-tech-ms","status":"publish","type":"post","link":"https:\/\/novasdodia.com.br\/index.php\/2025\/06\/24\/economia-criativa-e-agricultura-familiar-levam-shows-feiras-cultura-e-informacao-para-o-pantanal-tech-ms\/","title":{"rendered":"Economia criativa e agricultura familiar levam shows, feiras, cultura e informa\u00e7\u00e3o para o Pantanal Tech MS"},"content":{"rendered":"<p><\/p>\n<div>\n<p style=\"text-align: center;\"><em>Inova\u00e7\u00e3o, sustentabilidade e cultura impulsionam o desenvolvimento regional<\/em><\/p>\n<p>O Pantanal Tech MS se consagra como um palco multifacetado que vai muito al\u00e9m da tecnologia e da pecu\u00e1ria. Em sua programa\u00e7\u00e3o, a economia criativa e a agricultura familiar ganham destaque, trazendo uma fus\u00e3o de cultura, conhecimento e oportunidades para o desenvolvimento regional.<\/p>\n<p>O evento, realizado na unidade universit\u00e1ria de Aquidauana da UEMS (Universidade Estadual de Mato Grosso do Sul), de quinta (26) a domingo (29), mostra como a diversidade de talentos e a for\u00e7a da produ\u00e7\u00e3o local impulsionam o progresso no cora\u00e7\u00e3o do bioma.<\/p>\n<p>A agricultura familiar, pilar essencial para a economia e a cultura rural de Mato Grosso do Sul, garante a seguran\u00e7a alimentar e impulsiona o desenvolvimento local. O Pantanal Tech MS dedica um espa\u00e7o significativo a esse setor vital:<\/p>\n<p><strong>#<span style=\"text-decoration: underline;\">Pavilh\u00e3o Prospera MS<\/span>:<\/strong> Feira de Produtos da Agricultura Familiar: (26, 27 e 28 de junho, 8h \u00e0s 18h) &#8211; Mais de 40 expositores apresentam seus produtos, valorizando os sabores regionais e a diversidade da produ\u00e7\u00e3o local.<\/p>\n<p><strong>#<span style=\"text-decoration: underline;\">Cozinha Show<\/span>:<\/strong> um espa\u00e7o din\u00e2mico que conecta a agricultura familiar \u00e0 gastronomia regional. Chefs como Zeca Amaral e Jeffershon Pinheiro preparam receitas exclusivas com ingredientes locais, celebrando a riqueza culin\u00e1ria do Pantanal (programa\u00e7\u00e3o no local).<\/p>\n<p><strong>#<span style=\"text-decoration: underline;\">Presen\u00e7a do MDA (Minist\u00e9rio do Desenvolvimento Agr\u00e1rio)<\/span>:<\/strong> com dois estandes, um para atendimento direto aos produtores e outro dedicado ao programa Mais Alimentos, o MDA refor\u00e7a o apoio e o acesso a pol\u00edticas p\u00fablicas para o setor.<\/p>\n<p><strong>#<span style=\"text-decoration: underline;\">Painel Especial &#8211; Plano Safra da Agricultura Familiar 2025\/26<\/span>:<\/strong>\u00a0no dia 28 de junho, das 8h \u00e0s 10h30, ocorre um momento crucial para debater e apresentar as diretrizes e expectativas para o pr\u00f3ximo Plano Safra, impactando diretamente o futuro da agricultura familiar no Estado.<\/p>\n<div id=\"gallery-1\" class=\"gallery galleryid-514061 gallery-columns-1 gallery-size-large\">\n<figure class=\"gallery-item\">\n<div class=\"gallery-icon landscape\"><\/div>\n<\/figure><\/div>\n<p><strong>Economia Criativa<\/strong><\/p>\n<p>A integra\u00e7\u00e3o da Economia Criativa e da Agricultura Familiar na programa\u00e7\u00e3o do Pantanal Tech MS sublinha a vis\u00e3o abrangente do evento, com o desenvolvimento regional acontecendo tamb\u00e9m pela valoriza\u00e7\u00e3o da cultura, o est\u00edmulo \u00e0 inova\u00e7\u00e3o em todos os setores e o fortalecimento das comunidades locais, desenhando um futuro pr\u00f3spero e diversificado para o Pantanal.<\/p>\n<p>A economia criativa no Pantanal Tech MS \u00e9 celebrada em diversas formas de express\u00e3o, conectando arte, literatura e empreendedorismo, com m\u00fasica ao vivo no palco da Pra\u00e7a de Alimenta\u00e7\u00e3o, que se torna um ponto de encontro para performances musicais que animam o p\u00fablico.<\/p>\n<p>A programa\u00e7\u00e3o desse espa\u00e7o conta com as apresenta\u00e7\u00f5es de Jo\u00e3o Paulo e grupo Antigo Aposento (26 de junho, 12h \u00e0s 14h), Jakeline Sanfoneira (27 de junho, 12h \u00e0s 14h) e Paulo Prado (28 de junho, 12h \u00e0s 14h). J\u00e1 o Luau Pantaneiro, tamb\u00e9m na Pra\u00e7a de Alimenta\u00e7\u00e3o, ser\u00e1 realizada no dia 28, com apresenta\u00e7\u00f5es do Grupo Acaba (18h \u00e0s 18h40) e de\u00a0F\u00e1bio Kaida e Banda (19h \u00e0s 21h).<\/p>\n<p>Outros espa\u00e7os de economia criativa:<\/p>\n<p><strong>#<span style=\"text-decoration: underline;\">Espa\u00e7o MS+Criativa<\/span>:<\/strong> feira de artesanatos e produtos diretos do Pantanal (26, 27 e 28 de junho, 8h \u00e0s 18h).<\/p>\n<p><strong>#<span style=\"text-decoration: underline;\">Bate Papo Liter\u00e1rio com Silas Cabral<\/span>:<\/strong> dia 27 de junho, 13h30, com lan\u00e7amento do livro &#8216;Morro Azul \u2014 Anast\u00e1cio 60 anos&#8217;.<\/p>\n<p><strong>#<span style=\"text-decoration: underline;\">Bate Papo Liter\u00e1rio com James Jorge Barbosa Flores<\/span>:<\/strong> dia 27 de junho, 15h, em encontro com o escritor jardinense Jaminho, autor de diversas obras.<\/p>\n<p>#<strong><span style=\"text-decoration: underline;\">Lan\u00e7amento do livro Grupo Acaba<\/span><\/strong>: evento com autor Rodrigo Teixeira, dia 28 de junho, \u00e0s 15h.<\/p>\n<p><strong>#<span style=\"text-decoration: underline;\">Projeto Territ\u00f3rios Criativos (Pantanal+Criativo)<\/span>:<\/strong> apresenta\u00e7\u00e3o dia 26 de junho, \u00e0s 15h, da iniciativa para mapear e impulsionar o ecossistema criativo da regi\u00e3o.<\/p>\n<p><strong>#<span style=\"text-decoration: underline;\">Roda de Conversa com Sebrae &#8211; Marketing Digital<\/span>:<\/strong> oportunidade para empreendedores aprenderem estrat\u00e9gias de marketing digital, no dia 28 de junho, das 13h30 \u00e0s 14h30.<\/p>\n<p><em>Comunica\u00e7\u00e3o UEMS<\/em><\/p>\n<\/div>\n","protected":false},"excerpt":{"rendered":"<p>Inova\u00e7\u00e3o, sustentabilidade e cultura impulsionam o desenvolvimento regional O Pantanal Tech MS se consagra como um palco multifacetado que vai muito al\u00e9m da tecnologia e da pecu\u00e1ria. Em sua programa\u00e7\u00e3o, a economia criativa e a agricultura familiar ganham destaque, trazendo uma fus\u00e3o de cultura, conhecimento e oportunidades para o desenvolvimento regional. O evento, realizado na [&hellip;]<\/p>\n","protected":false},"author":1,"featured_media":0,"comment_status":"","ping_status":"","sticky":false,"template":"","format":"standard","meta":{"footnotes":""},"categories":[],"tags":[],"class_list":["post-38900","post","type-post","status-publish","format-standard","hentry"],"amp_enabled":true,"_links":{"self":[{"href":"https:\/\/novasdodia.com.br\/index.php\/wp-json\/wp\/v2\/posts\/38900","targetHints":{"allow":["GET"]}}],"collection":[{"href":"https:\/\/novasdodia.com.br\/index.php\/wp-json\/wp\/v2\/posts"}],"about":[{"href":"https:\/\/novasdodia.com.br\/index.php\/wp-json\/wp\/v2\/types\/post"}],"author":[{"embeddable":true,"href":"https:\/\/novasdodia.com.br\/index.php\/wp-json\/wp\/v2\/users\/1"}],"replies":[{"embeddable":true,"href":"https:\/\/novasdodia.com.br\/index.php\/wp-json\/wp\/v2\/comments?post=38900"}],"version-history":[{"count":0,"href":"https:\/\/novasdodia.com.br\/index.php\/wp-json\/wp\/v2\/posts\/38900\/revisions"}],"wp:attachment":[{"href":"https:\/\/novasdodia.com.br\/index.php\/wp-json\/wp\/v2\/media?parent=38900"}],"wp:term":[{"taxonomy":"category","embeddable":true,"href":"https:\/\/novasdodia.com.br\/index.php\/wp-json\/wp\/v2\/categories?post=38900"},{"taxonomy":"post_tag","embeddable":true,"href":"https:\/\/novasdodia.com.br\/index.php\/wp-json\/wp\/v2\/tags?post=38900"}],"curies":[{"name":"wp","href":"https:\/\/api.w.org\/{rel}","templated":true}]}}