{"id":39115,"date":"2025-06-28T15:12:10","date_gmt":"2025-06-28T18:12:10","guid":{"rendered":"https:\/\/novasdodia.com.br\/index.php\/2025\/06\/28\/procon-de-ms-atende-neste-sabado-no-jardim-campina-verde-em-campo-grande-agencia-de-noticias-do-governo-de-mato-grosso-do-sul\/"},"modified":"2025-06-28T15:12:10","modified_gmt":"2025-06-28T18:12:10","slug":"procon-de-ms-atende-neste-sabado-no-jardim-campina-verde-em-campo-grande-agencia-de-noticias-do-governo-de-mato-grosso-do-sul","status":"publish","type":"post","link":"https:\/\/novasdodia.com.br\/index.php\/2025\/06\/28\/procon-de-ms-atende-neste-sabado-no-jardim-campina-verde-em-campo-grande-agencia-de-noticias-do-governo-de-mato-grosso-do-sul\/","title":{"rendered":"Procon de MS atende neste s\u00e1bado no Jardim Campina Verde, em Campo Grande \u2013 Ag\u00eancia de Noticias do Governo de Mato Grosso do Sul"},"content":{"rendered":"<p><\/p>\n<div id=\"post-514445\">\n<div class=\"text-center\"><\/div>\n<div class=\"entry\">\n<p>O Procon Mato Grosso do Sul realiza, no s\u00e1bado (28), atendimento \u00e0 popula\u00e7\u00e3o das 8h \u00e0s 13h, na Escola Municipal Professora Oneida Ramos, no Jardim Campina Verde, em Campo Grande.<\/p>\n<p>A a\u00e7\u00e3o oferece oportunidade para que consumidores esclare\u00e7am d\u00favidas sobre direitos nas rela\u00e7\u00f5es de consumo ou registrem reclama\u00e7\u00f5es com a equipe da institui\u00e7\u00e3o, vinculada \u00e0 Sead (Secretaria de Estado de Assist\u00eancia Social e dos Direitos Humanos).<\/p>\n<p>O local do atendimento est\u00e1 localizado na Rua Professora Odete Trindade Benites, s\/n. Ele tamb\u00e9m sedia etapa do Mutir\u00e3o Todos em A\u00e7\u00e3o, evento que conta com o apoio do Governo do Estado, da Prefeitura de Campo Grande, de entidades de classe e da iniciativa privada.<\/p>\n<p>Entre os servi\u00e7os dispon\u00edveis no local est\u00e3o o cadastro em programas sociais, acesso \u00e0 tarifa social de energia el\u00e9trica, \u00e1gua e esgoto, consulta a vagas de emprego e a\u00e7\u00f5es de sa\u00fade.<\/p>\n<p><strong>Documentos necess\u00e1rios<\/strong><\/p>\n<p>Para registrar uma reclama\u00e7\u00e3o junto ao Procon, conforme o Decreto Estadual 15.647\/2021 e a Resolu\u00e7\u00e3o Setas 127\/2013, \u00e9 necess\u00e1rio apresentar documento oficial de identifica\u00e7\u00e3o com foto, comprovante de resid\u00eancia atualizado ou de pr\u00f3prio punho e documentos que comprovem sua rela\u00e7\u00e3o de consumo como, por exemplo, um contrato, boleto, nota fiscal ou comprovante de pagamento.<\/p>\n<p>As mesmas regras se aplicam para os atendimentos realizados nas unidades de atendimento presencial do Procon Mato Grosso do Sul e em suas plataformas digitais. D\u00favidas podem ser esclarecidas pelo Disque Procon 151, aplicativo MS Digital e no site www.procon.ms.gov.br.<\/p>\n<p><em>Kleber Clajus, Comunica\u00e7\u00e3o Procon\/MS<br \/>Foto: Divulga\u00e7\u00e3o<br \/><\/em><\/p>\n<\/div><\/div>\n","protected":false},"excerpt":{"rendered":"<p>O Procon Mato Grosso do Sul realiza, no s\u00e1bado (28), atendimento \u00e0 popula\u00e7\u00e3o das 8h \u00e0s 13h, na Escola Municipal Professora Oneida Ramos, no Jardim Campina Verde, em Campo Grande. A a\u00e7\u00e3o oferece oportunidade para que consumidores esclare\u00e7am d\u00favidas sobre direitos nas rela\u00e7\u00f5es de consumo ou registrem reclama\u00e7\u00f5es com a equipe da institui\u00e7\u00e3o, vinculada \u00e0 [&hellip;]<\/p>\n","protected":false},"author":1,"featured_media":0,"comment_status":"","ping_status":"","sticky":false,"template":"","format":"standard","meta":{"footnotes":""},"categories":[],"tags":[],"class_list":["post-39115","post","type-post","status-publish","format-standard","hentry"],"amp_enabled":true,"_links":{"self":[{"href":"https:\/\/novasdodia.com.br\/index.php\/wp-json\/wp\/v2\/posts\/39115","targetHints":{"allow":["GET"]}}],"collection":[{"href":"https:\/\/novasdodia.com.br\/index.php\/wp-json\/wp\/v2\/posts"}],"about":[{"href":"https:\/\/novasdodia.com.br\/index.php\/wp-json\/wp\/v2\/types\/post"}],"author":[{"embeddable":true,"href":"https:\/\/novasdodia.com.br\/index.php\/wp-json\/wp\/v2\/users\/1"}],"replies":[{"embeddable":true,"href":"https:\/\/novasdodia.com.br\/index.php\/wp-json\/wp\/v2\/comments?post=39115"}],"version-history":[{"count":0,"href":"https:\/\/novasdodia.com.br\/index.php\/wp-json\/wp\/v2\/posts\/39115\/revisions"}],"wp:attachment":[{"href":"https:\/\/novasdodia.com.br\/index.php\/wp-json\/wp\/v2\/media?parent=39115"}],"wp:term":[{"taxonomy":"category","embeddable":true,"href":"https:\/\/novasdodia.com.br\/index.php\/wp-json\/wp\/v2\/categories?post=39115"},{"taxonomy":"post_tag","embeddable":true,"href":"https:\/\/novasdodia.com.br\/index.php\/wp-json\/wp\/v2\/tags?post=39115"}],"curies":[{"name":"wp","href":"https:\/\/api.w.org\/{rel}","templated":true}]}}