{"id":39198,"date":"2025-06-30T17:17:03","date_gmt":"2025-06-30T20:17:03","guid":{"rendered":"https:\/\/novasdodia.com.br\/index.php\/2025\/06\/30\/avenida-joao-guilhermino-recebe-manutencao-na-base-de-arvores\/"},"modified":"2025-06-30T17:17:03","modified_gmt":"2025-06-30T20:17:03","slug":"avenida-joao-guilhermino-recebe-manutencao-na-base-de-arvores","status":"publish","type":"post","link":"https:\/\/novasdodia.com.br\/index.php\/2025\/06\/30\/avenida-joao-guilhermino-recebe-manutencao-na-base-de-arvores\/","title":{"rendered":"Avenida Jo\u00e3o Guilhermino recebe manuten\u00e7\u00e3o na base de \u00e1rvores"},"content":{"rendered":"<p><\/p>\n<div>\n<p><b>Rosi Masiero<\/b><br \/>&#13;<br \/>\n&#13;<br \/>\n                <span style=\"font-weight: bold;\">Manuten\u00e7\u00e3o da Cidade<\/span><\/p>\n<p><em>Colaborou o estagi\u00e1rio Miguel Santos<\/em><\/p>\n<p><span style=\"font-weight: 400;\">A Prefeitura de S\u00e3o Jos\u00e9 dos Campos segue trabalhando para tornar a cidade cada vez mais bonita, segura e limpa para todos os mun\u00edcipes. Desta vez, as melhorias est\u00e3o sendo realizadas nas bases das \u00e1rvores da Avenida Jo\u00e3o Guilhermino, na regi\u00e3o central.<\/span><\/p>\n<p><span style=\"font-weight: 400;\">Desde o in\u00edcio do m\u00eas de junho, 40 canteiros est\u00e3o sendo requalificados com o objetivo de aumentar a seguran\u00e7a dos pedestres que circulam pela via diariamente, al\u00e9m de valorizar o paisagismo de uma das principais avenidas do centro.<\/span><\/p>\n<p><span style=\"font-weight: 400;\"><br \/><sup><em>Manuten\u00e7\u00e3o nas vias acontece desde o in\u00edcio do m\u00eas | Foto: PMSJC<\/em><\/sup><\/span><\/p>\n<p><span style=\"font-weight: 400;\">Ap\u00f3s a conclus\u00e3o das obras de manuten\u00e7\u00e3o, ser\u00e1 iniciado um trabalho de jardinagem em todos os canteiros reformados. A a\u00e7\u00e3o demonstra o compromisso da Prefeitura com a preserva\u00e7\u00e3o e o cuidado dos espa\u00e7os p\u00fablicos, sempre priorizando o bem-estar da popula\u00e7\u00e3o.<\/span><\/p>\n<p><span style=\"font-weight: 400;\">O cuidado com as \u00e1reas p\u00fablicas tamb\u00e9m \u00e9 dever do cidad\u00e3o joseense. Caso identifique algo que precise de manuten\u00e7\u00e3o ou cuidados extras, fa\u00e7a den\u00fancia ou solicita\u00e7\u00f5es de servi\u00e7os pelo 156 da Prefeitura.\u00a0<\/span><\/p>\n<p>&#13;<br \/>\n                        <strong>MAIS NOT\u00cdCIAS<\/strong><br \/>&#13;<br \/>\n                        Manuten\u00e7\u00e3o da Cidade&#13;\n                    <\/p>\n<\/p><\/div>\n","protected":false},"excerpt":{"rendered":"<p>Rosi Masiero&#13; &#13; Manuten\u00e7\u00e3o da Cidade Colaborou o estagi\u00e1rio Miguel Santos A Prefeitura de S\u00e3o Jos\u00e9 dos Campos segue trabalhando para tornar a cidade cada vez mais bonita, segura e limpa para todos os mun\u00edcipes. Desta vez, as melhorias est\u00e3o sendo realizadas nas bases das \u00e1rvores da Avenida Jo\u00e3o Guilhermino, na regi\u00e3o central. Desde o [&hellip;]<\/p>\n","protected":false},"author":1,"featured_media":0,"comment_status":"","ping_status":"","sticky":false,"template":"","format":"standard","meta":{"footnotes":""},"categories":[1],"tags":[],"class_list":["post-39198","post","type-post","status-publish","format-standard","hentry","category-noticias"],"amp_enabled":true,"_links":{"self":[{"href":"https:\/\/novasdodia.com.br\/index.php\/wp-json\/wp\/v2\/posts\/39198","targetHints":{"allow":["GET"]}}],"collection":[{"href":"https:\/\/novasdodia.com.br\/index.php\/wp-json\/wp\/v2\/posts"}],"about":[{"href":"https:\/\/novasdodia.com.br\/index.php\/wp-json\/wp\/v2\/types\/post"}],"author":[{"embeddable":true,"href":"https:\/\/novasdodia.com.br\/index.php\/wp-json\/wp\/v2\/users\/1"}],"replies":[{"embeddable":true,"href":"https:\/\/novasdodia.com.br\/index.php\/wp-json\/wp\/v2\/comments?post=39198"}],"version-history":[{"count":0,"href":"https:\/\/novasdodia.com.br\/index.php\/wp-json\/wp\/v2\/posts\/39198\/revisions"}],"wp:attachment":[{"href":"https:\/\/novasdodia.com.br\/index.php\/wp-json\/wp\/v2\/media?parent=39198"}],"wp:term":[{"taxonomy":"category","embeddable":true,"href":"https:\/\/novasdodia.com.br\/index.php\/wp-json\/wp\/v2\/categories?post=39198"},{"taxonomy":"post_tag","embeddable":true,"href":"https:\/\/novasdodia.com.br\/index.php\/wp-json\/wp\/v2\/tags?post=39198"}],"curies":[{"name":"wp","href":"https:\/\/api.w.org\/{rel}","templated":true}]}}