{"id":39544,"date":"2025-07-07T17:05:07","date_gmt":"2025-07-07T20:05:07","guid":{"rendered":"https:\/\/novasdodia.com.br\/index.php\/2025\/07\/07\/sala-do-empreendedor-de-mangabeira-retoma-atendimentos-apos-reforma\/"},"modified":"2025-07-07T17:05:07","modified_gmt":"2025-07-07T20:05:07","slug":"sala-do-empreendedor-de-mangabeira-retoma-atendimentos-apos-reforma","status":"publish","type":"post","link":"https:\/\/novasdodia.com.br\/index.php\/2025\/07\/07\/sala-do-empreendedor-de-mangabeira-retoma-atendimentos-apos-reforma\/","title":{"rendered":"Sala do Empreendedor de Mangabeira retoma atendimentos ap\u00f3s reforma"},"content":{"rendered":"<p><\/p>\n<div>\n<p>A Sala do Empreendedor localizada no Centro Cultural Tenente Lucena, em Mangabeira, zona sul de Jo\u00e3o Pessoa, retomou os atendimentos ao p\u00fablico, ap\u00f3s um per\u00edodo de suspens\u00e3o para trabalhos de reforma. O espa\u00e7o, que completou um ano desde sua inaugura\u00e7\u00e3o em 4 de julho de 2024, foi reinaugurado no dia 30 de maio de 2025 e j\u00e1 est\u00e1 funcionando normalmente, de segunda a sexta-feira, das 8h \u00e0s 13h30.<\/p>\n<figure class=\"wp-block-gallery has-nested-images columns-default is-cropped wp-block-gallery-1 is-layout-flex wp-block-gallery-is-layout-flex\">\n<figure class=\"wp-block-image size-large\"><\/figure>\n<figure class=\"wp-block-image size-large\"><\/figure>\n<\/figure>\n<p>A reabertura da unidade representa mais um passo na pol\u00edtica de incentivo ao empreendedorismo adotada pela Prefeitura de Jo\u00e3o Pessoa, por meio da Secretaria de Desenvolvimento Econ\u00f4mico e Trabalho (Sedest), em parceria com o Sebrae Para\u00edba. O objetivo \u00e9 oferecer suporte gratuito para quem deseja abrir ou formalizar seu neg\u00f3cio, promovendo a gera\u00e7\u00e3o de renda e o fortalecimento da economia local.<\/p>\n<figure class=\"wp-block-gallery has-nested-images columns-default is-cropped wp-block-gallery-2 is-layout-flex wp-block-gallery-is-layout-flex\">\n<figure class=\"wp-block-image size-large\"><\/figure>\n<figure class=\"wp-block-image size-large\"><\/figure>\n<figure class=\"wp-block-image size-large\"><\/figure>\n<\/figure>\n<p>\u201cEssa reinaugura\u00e7\u00e3o representa mais do que uma reforma ou uma nova estrutura. Ela simboliza o nosso compromisso permanente com os microempreendedores, com a economia local e com a valoriza\u00e7\u00e3o de Mangabeira como um polo de inova\u00e7\u00e3o, trabalho e desenvolvimento\u201d, destacou Matheus Gomes, diretor da Casa do Empreendedor de Jo\u00e3o Pessoa, respons\u00e1vel pelas unidades do Centro e de Mangabeira.<\/p>\n<p>Segundo Matheus, o espa\u00e7o foi pensado para ser um ponto de apoio ao empreendedor, independentemente do est\u00e1gio do neg\u00f3cio. \u201cSabemos que o caminho de quem empreende n\u00e3o \u00e9 f\u00e1cil. Por isso, a Sala est\u00e1 aqui para facilitar, orientar e impulsionar. Seja para quem vai abrir um CNPJ pela primeira vez ou para quem j\u00e1 tem um neg\u00f3cio e quer crescer, o atendimento est\u00e1 mais pr\u00f3ximo, mais acess\u00edvel e mais eficiente\u201d, afirmou.<\/p>\n<p>O diretor tamb\u00e9m ressaltou a import\u00e2ncia da atua\u00e7\u00e3o conjunta com o Sebrae. \u201cNada disso seria poss\u00edvel sem a parceria fundamental com o Sebrae, que caminha ao nosso lado oferecendo capacita\u00e7\u00f5es, consultorias, cursos e orienta\u00e7\u00e3o especializada. O Sebrae tem sido um grande aliado no fortalecimento dos pequenos neg\u00f3cios em Jo\u00e3o Pessoa, e a presen\u00e7a dele aqui em Mangabeira \u00e9 essencial para transformar o potencial da nossa gente em resultados concretos\u201d, completou Matheus Gomes.<\/p>\n<p>Luciene Correia, agente de desenvolvimento da unidade de Mangabeira, informa que o atendimento tem atra\u00eddo pessoas de v\u00e1rios bairros da Zona Sul. \u201cVem gente dos Banc\u00e1rios, Valentina, Geisel e Jos\u00e9 Am\u00e9rico. Mangabeira vem muito pouco nos procurar\u201d, observou. Ela explica que os servi\u00e7os mais procurados no local s\u00e3o a impress\u00e3o do boleto DAS do MEI, a declara\u00e7\u00e3o anual do MEI, orienta\u00e7\u00f5es sobre emiss\u00e3o de nota fiscal e impress\u00e3o do CNPJ do MEI.<\/p>\n<p><strong>Eu Posso Crescer \u2013 <\/strong>A Sala do Empreendedor integra o programa municipal Eu Posso Crescer e tem como miss\u00e3o desburocratizar processos, orientar e prestar servi\u00e7os para microempreendedores individuais (MEI) e pequenos empres\u00e1rios. Entre os principais servi\u00e7os oferecidos est\u00e3o: formaliza\u00e7\u00e3o de MEI, altera\u00e7\u00f5es cadastrais, emiss\u00e3o de alvar\u00e1s, certid\u00f5es negativas, parcelamento de d\u00e9bitos, emiss\u00e3o de nota fiscal, al\u00e9m de apoio com solu\u00e7\u00f5es financeiras.<\/p>\n<p>Atualmente, a Prefeitura de Jo\u00e3o Pessoa mant\u00e9m duas unidades da Sala do Empreendedor em funcionamento, sendo uma no Centro (Avenida Diogo Velho, 150, no Varadouro) e outra no Centro Cultural Tenente Lucena, em Mangabeira (Av. Josefa Taveira, 860). O agendamento pode ser feito pelo aplicativo \u201cJo\u00e3o Pessoa na Palma da M\u00e3o\u201d ou diretamente nas unidades. O hor\u00e1rio de atendimento \u00e9 das 8h \u00e0s 13h30.<\/p>\n<\/p><\/div>\n","protected":false},"excerpt":{"rendered":"<p>A Sala do Empreendedor localizada no Centro Cultural Tenente Lucena, em Mangabeira, zona sul de Jo\u00e3o Pessoa, retomou os atendimentos ao p\u00fablico, ap\u00f3s um per\u00edodo de suspens\u00e3o para trabalhos de reforma. O espa\u00e7o, que completou um ano desde sua inaugura\u00e7\u00e3o em 4 de julho de 2024, foi reinaugurado no dia 30 de maio de 2025 [&hellip;]<\/p>\n","protected":false},"author":1,"featured_media":0,"comment_status":"","ping_status":"","sticky":false,"template":"","format":"standard","meta":{"footnotes":""},"categories":[1],"tags":[],"class_list":["post-39544","post","type-post","status-publish","format-standard","hentry","category-noticias"],"amp_enabled":true,"_links":{"self":[{"href":"https:\/\/novasdodia.com.br\/index.php\/wp-json\/wp\/v2\/posts\/39544","targetHints":{"allow":["GET"]}}],"collection":[{"href":"https:\/\/novasdodia.com.br\/index.php\/wp-json\/wp\/v2\/posts"}],"about":[{"href":"https:\/\/novasdodia.com.br\/index.php\/wp-json\/wp\/v2\/types\/post"}],"author":[{"embeddable":true,"href":"https:\/\/novasdodia.com.br\/index.php\/wp-json\/wp\/v2\/users\/1"}],"replies":[{"embeddable":true,"href":"https:\/\/novasdodia.com.br\/index.php\/wp-json\/wp\/v2\/comments?post=39544"}],"version-history":[{"count":0,"href":"https:\/\/novasdodia.com.br\/index.php\/wp-json\/wp\/v2\/posts\/39544\/revisions"}],"wp:attachment":[{"href":"https:\/\/novasdodia.com.br\/index.php\/wp-json\/wp\/v2\/media?parent=39544"}],"wp:term":[{"taxonomy":"category","embeddable":true,"href":"https:\/\/novasdodia.com.br\/index.php\/wp-json\/wp\/v2\/categories?post=39544"},{"taxonomy":"post_tag","embeddable":true,"href":"https:\/\/novasdodia.com.br\/index.php\/wp-json\/wp\/v2\/tags?post=39544"}],"curies":[{"name":"wp","href":"https:\/\/api.w.org\/{rel}","templated":true}]}}