{"id":39688,"date":"2025-07-10T04:47:01","date_gmt":"2025-07-10T07:47:01","guid":{"rendered":"https:\/\/novasdodia.com.br\/index.php\/2025\/07\/10\/agencia-minas-gerais-governo-de-minas-lanca-projeto-livros-em-movimento-para-incentivar-leitura-entre-os-servidores\/"},"modified":"2025-07-10T04:47:01","modified_gmt":"2025-07-10T07:47:01","slug":"agencia-minas-gerais-governo-de-minas-lanca-projeto-livros-em-movimento-para-incentivar-leitura-entre-os-servidores","status":"publish","type":"post","link":"https:\/\/novasdodia.com.br\/index.php\/2025\/07\/10\/agencia-minas-gerais-governo-de-minas-lanca-projeto-livros-em-movimento-para-incentivar-leitura-entre-os-servidores\/","title":{"rendered":"Ag\u00eancia Minas Gerais | Governo de Minas lan\u00e7a projeto \u201cLivros em Movimento\u201d para incentivar leitura entre os servidores"},"content":{"rendered":"<p><\/p>\n<div>\n<p>Com foco na sustentabilidade e no compartilhamento de conhecimento entre colegas de trabalho, o Governo de Minas inaugurou, nessa ter\u00e7a-feira (8\/7), o projeto \u201cLivros em Movimento\u201d, na Cidade Administrativa. A iniciativa \u00e9 uma parceria entre as Secretarias de Estado de\u00a0\u00a0Planejamento e Gest\u00e3o (Seplag-MG) e de Infraestrutura, Mobilidade e Parcerias (Seinfra-MG), que disponibilizar\u00e3o estantes com livros doados para serem emprestados para os servidores.<\/p>\n<p>O projeto faz parte da Semana de Sustentabilidade da Seinfra-MG e busca estimular o h\u00e1bito da leitura e o compartilhamento de livros e obras liter\u00e1rias. As estantes est\u00e3o localizadas nos nonos andares dos pr\u00e9dios Minas e Gerais e foram feitas a partir do reaproveitamento de m\u00f3veis da pr\u00f3pria Cidade Administrativa, unindo criatividade, cuidado com o meio ambiente e incentivo ao conhecimento.<\/p>\n<p>\u201cEssa iniciativa abre portas para leitores poderem compartilhar livros, beneficiando outras pessoas que n\u00e3o disp\u00f5em deste acesso. A implanta\u00e7\u00e3o de pontos de leitura se torna uma forma de democratizar a cultura aos diversos ambientes e pessoas\u201d, afirma a diretora Central de Gest\u00e3o do Desempenho e Desenvolvimento da Seplag-MG, Luciana Assun\u00e7\u00e3o.<\/p>\n<p>Est\u00e3o disponibilizados nas estantes quase 500 livros doados. Do total, 330 vieram da Diretoria do Livro, Leitura, Literatura e Bibliotecas, da Secretaria de Estado de Cultura e Turismo (Secult-MG). O restante foi angariado em uma campanha de doa\u00e7\u00e3o promovida entre os servidores da Seplag-MG e da Seinfra-MG.<\/p>\n<p>\u201cA Semana da Sustentabilidade tem como proposta valorizar iniciativas que j\u00e1 est\u00e3o em curso e estimular pr\u00e1ticas sustent\u00e1veis no ambiente de trabalho. O projeto \u201cLivros em Movimento\u201d \u00e9 um bom exemplo disso: promove o compartilhamento de conhecimento e refor\u00e7a a ideia de que atitudes simples podem gerar impactos positivos no cotidiano do servi\u00e7o p\u00fablico\u201d, afirma a assessora-chefe de Compliance, Integridade e Sustentabilidade da Seinfra-MG, Luiza Carvalho Tereza.<\/p>\n<p>A a\u00e7\u00e3o \u00e9 realizada pela Seplag-MG, por meio da Intend\u00eancia da Cidade Administrativa e do Programa Qualidade de Vida no Trabalho (PQVT), da Diretoria Central de Gest\u00e3o do Desempenho e Desenvolvimento (DCGDD).<\/p>\n<p><b>Acesso gratuito a livros<\/b><\/p>\n<p>Algumas regras foram criadas para a utiliza\u00e7\u00e3o do espa\u00e7o, como: todos podem doar e retirar livros para leitura; ao terminar de ler, os livros precisam ser devolvidos para a estante, ou pode ser doado um outro livro no lugar; os livros doados devem ser de literatura e estar em bom estado.<\/p>\n<p>A servidora do Departamento de Estradas de Rodagem do Estado de Minas Gerais (DER-MG), Concei\u00e7\u00e3o Muniz, aprovou o projeto. \u201cA leitura \u00e9 um h\u00e1bito maravilhoso. Eu j\u00e1 li tanto livro, e de cada um deles voc\u00ea tira um pouco de experi\u00eancia. Tem sempre uma frase que me marca e eu levo para a vida\u201d, conta Concei\u00e7\u00e3o.<\/p>\n<p>A inaugura\u00e7\u00e3o das estantes aconteceu em um evento realizado no dia 8\/7, no Centro de Conviv\u00eancia da Cidade Administrativa, com show da banda Bios\u00a0do Corpo de Bombeiros Militar de Minas Gerais (CBMMG).<\/p>\n<p>\u00a0<\/p>\n<\/p><\/div>\n","protected":false},"excerpt":{"rendered":"<p>Com foco na sustentabilidade e no compartilhamento de conhecimento entre colegas de trabalho, o Governo de Minas inaugurou, nessa ter\u00e7a-feira (8\/7), o projeto \u201cLivros em Movimento\u201d, na Cidade Administrativa. A iniciativa \u00e9 uma parceria entre as Secretarias de Estado de\u00a0\u00a0Planejamento e Gest\u00e3o (Seplag-MG) e de Infraestrutura, Mobilidade e Parcerias (Seinfra-MG), que disponibilizar\u00e3o estantes com livros [&hellip;]<\/p>\n","protected":false},"author":1,"featured_media":0,"comment_status":"","ping_status":"","sticky":false,"template":"","format":"standard","meta":{"footnotes":""},"categories":[1],"tags":[],"class_list":["post-39688","post","type-post","status-publish","format-standard","hentry","category-noticias"],"amp_enabled":true,"_links":{"self":[{"href":"https:\/\/novasdodia.com.br\/index.php\/wp-json\/wp\/v2\/posts\/39688","targetHints":{"allow":["GET"]}}],"collection":[{"href":"https:\/\/novasdodia.com.br\/index.php\/wp-json\/wp\/v2\/posts"}],"about":[{"href":"https:\/\/novasdodia.com.br\/index.php\/wp-json\/wp\/v2\/types\/post"}],"author":[{"embeddable":true,"href":"https:\/\/novasdodia.com.br\/index.php\/wp-json\/wp\/v2\/users\/1"}],"replies":[{"embeddable":true,"href":"https:\/\/novasdodia.com.br\/index.php\/wp-json\/wp\/v2\/comments?post=39688"}],"version-history":[{"count":0,"href":"https:\/\/novasdodia.com.br\/index.php\/wp-json\/wp\/v2\/posts\/39688\/revisions"}],"wp:attachment":[{"href":"https:\/\/novasdodia.com.br\/index.php\/wp-json\/wp\/v2\/media?parent=39688"}],"wp:term":[{"taxonomy":"category","embeddable":true,"href":"https:\/\/novasdodia.com.br\/index.php\/wp-json\/wp\/v2\/categories?post=39688"},{"taxonomy":"post_tag","embeddable":true,"href":"https:\/\/novasdodia.com.br\/index.php\/wp-json\/wp\/v2\/tags?post=39688"}],"curies":[{"name":"wp","href":"https:\/\/api.w.org\/{rel}","templated":true}]}}