{"id":39707,"date":"2025-07-10T12:30:09","date_gmt":"2025-07-10T15:30:09","guid":{"rendered":"https:\/\/novasdodia.com.br\/index.php\/2025\/07\/10\/bonito-inicia-implantacao-do-programa-lixo-zero-nos-atrativos-gruta-do-lago-azul-e-balneario-municipal-prefeitura-municipal-de-bonito\/"},"modified":"2025-07-10T12:30:09","modified_gmt":"2025-07-10T15:30:09","slug":"bonito-inicia-implantacao-do-programa-lixo-zero-nos-atrativos-gruta-do-lago-azul-e-balneario-municipal-prefeitura-municipal-de-bonito","status":"publish","type":"post","link":"https:\/\/novasdodia.com.br\/index.php\/2025\/07\/10\/bonito-inicia-implantacao-do-programa-lixo-zero-nos-atrativos-gruta-do-lago-azul-e-balneario-municipal-prefeitura-municipal-de-bonito\/","title":{"rendered":"Bonito inicia implanta\u00e7\u00e3o do programa Lixo Zero nos atrativos Gruta do Lago Azul e Balne\u00e1rio Municipal &#8211; Prefeitura Municipal de Bonito"},"content":{"rendered":"<p><\/p>\n<div>\n<div class=\"td-post-featured-image\"><\/div>\n<p>A Prefeitura Municipal de Bonito, por meio da Secretaria de Turismo e Desenvolvimento Econ\u00f4mico, deu in\u00edcio \u00e0 implanta\u00e7\u00e3o do programa Lixo Zero nos atrativos tur\u00edsticos Gruta do Lago Azul e Balne\u00e1rio Municipal. A a\u00e7\u00e3o est\u00e1 sendo realizada em parceria com a empresa Ciclo Azul, contratada para promover a implementa\u00e7\u00e3o do conceito e metodologia Lixo Zero junto aos colaboradores dos dois atrativos.<\/p>\n<p>O programa Lixo Zero \u00e9 uma meta \u00e9tica, econ\u00f4mica, eficiente e vision\u00e1ria, que busca orientar as pessoas a mudarem seus modos de vida e pr\u00e1ticas cotidianas, incentivando ciclos naturais sustent\u00e1veis. Entre seus princ\u00edpios est\u00e3o repensar, reduzir, reaproveitar, reciclar e recusar, garantindo que todos os materiais sejam projetados para permitir sua recupera\u00e7\u00e3o e uso p\u00f3s-consumo, minimizando os impactos ao meio ambiente.<\/p>\n<p>Em parceria com a startup Ciclo Azul Meio Ambiente e Sustentabilidade, o Balne\u00e1rio Municipal e a Gruta do Lago Azul passam a integrar a Jornada Lixo Zero, com o objetivo de se tornarem refer\u00eancias em gest\u00e3o de res\u00edduos no ecoturismo.<\/p>\n<p>Coordenado pela Dra. L\u00edvia Medeiros Cordeiro \u2014 pesquisadora e s\u00f3cia-fundadora da Ciclo Azul \u2014 o projeto teve in\u00edcio nesta semana, com o primeiro treinamento das equipes que atuam nos atrativos. A meta inicial \u00e9 clara: alcan\u00e7ar, em at\u00e9 12 meses, os mais altos n\u00edveis de efici\u00eancia na separa\u00e7\u00e3o na fonte e na destina\u00e7\u00e3o adequada dos res\u00edduos gerados durante o uso p\u00fablico. A implementa\u00e7\u00e3o ser\u00e1 realizada diretamente com as equipes dos atrativos, orientando e planejando as pr\u00e1ticas operacionais de acordo com o conceito Lixo Zero.<\/p>\n<p>A Jornada Lixo Zero representa mais do que uma a\u00e7\u00e3o ambiental: \u00e9 um movimento que une gest\u00e3o p\u00fablica, inova\u00e7\u00e3o e consci\u00eancia coletiva para transformar Bonito em uma refer\u00eancia nacional e internacional de turismo respons\u00e1vel.<\/p>\n<p>Para o prefeito Josmail Rodrigues, a iniciativa reafirma o compromisso de Bonito com a sustentabilidade:<\/p>\n<p>\u201cBonito \u00e9 reconhecido mundialmente por sua natureza preservada, e a\u00e7\u00f5es como esta mostram que queremos ir al\u00e9m, buscando o menor impacto ambiental poss\u00edvel em todas as atividades tur\u00edsticas do munic\u00edpio.\u201d<\/p>\n<p>A secret\u00e1ria de Turismo e Desenvolvimento Econ\u00f4mico, Juliane Ferreira Salvadori, destaca que a implanta\u00e7\u00e3o do Lixo Zero refor\u00e7a o posicionamento de Bonito como destino de ecoturismo respons\u00e1vel:<\/p>\n<p>\u201cEste programa \u00e9 um passo importante para garantir uma experi\u00eancia sustent\u00e1vel aos visitantes e tamb\u00e9m para os colaboradores, que s\u00e3o parte fundamental no processo de conserva\u00e7\u00e3o dos nossos atrativos.\u201d<\/p>\n<p>J\u00e1 a coordenadora Dra. L\u00edvia Medeiros Cordeiro ressalta que a iniciativa vai al\u00e9m da redu\u00e7\u00e3o de res\u00edduos:<\/p>\n<p>\u201cO Lixo Zero promove uma mudan\u00e7a cultural, pois trabalha a conscientiza\u00e7\u00e3o coletiva para repensar h\u00e1bitos, minimizar desperd\u00edcios e construir uma sociedade mais equilibrada com os recursos naturais.\u201d<\/p>\n<p>A certifica\u00e7\u00e3o Lixo Zero \u00e9 reconhecida internacionalmente e representa uma meta \u00e9tica, econ\u00f4mica e ambiental, que valoriza os res\u00edduos s\u00f3lidos e promove a economia circular. Ao adotar esse padr\u00e3o, o munic\u00edpio refor\u00e7a seu compromisso com o turismo sustent\u00e1vel e se alinha \u00e0s melhores pr\u00e1ticas globais de conserva\u00e7\u00e3o ambiental.<\/p>\n<p>A decis\u00e3o estrat\u00e9gica de Bonito de certificar os atrativos com o selo Lixo Zero demonstra lideran\u00e7a e vis\u00e3o de futuro, fortalecendo a imagem da cidade como destino modelo em sustentabilidade.<\/p>\n<p>Al\u00e9m das oficinas e da implementa\u00e7\u00e3o pr\u00e1tica das a\u00e7\u00f5es sustent\u00e1veis, o programa prev\u00ea, como etapa final, a certifica\u00e7\u00e3o dos empreendimentos participantes como atrativos tur\u00edsticos Lixo Zero, reconhecendo o compromisso dos locais com a gest\u00e3o correta de res\u00edduos e a sustentabilidade. Isso agrega valor \u00e0 experi\u00eancia tur\u00edstica e fortalece a imagem de Bonito como destino refer\u00eancia em conserva\u00e7\u00e3o ambiental.<\/p>\n<p>Com essa iniciativa, Bonito consolida seu protagonismo como destino tur\u00edstico exemplar em gest\u00e3o sustent\u00e1vel, envolvendo poder p\u00fablico, empresas e sociedade no compromisso com a preserva\u00e7\u00e3o da natureza.<\/p>\n<figure class=\"wp-block-gallery has-nested-images columns-default is-cropped wp-block-gallery-1 is-layout-flex wp-block-gallery-is-layout-flex\">\n<figure class=\"wp-block-image size-large\"><\/figure>\n<figure class=\"wp-block-image size-large\"><\/figure>\n<figure class=\"wp-block-image size-large\"><\/figure>\n<figure class=\"wp-block-image size-large\"><\/figure>\n<figure class=\"wp-block-image size-large\"><\/figure>\n<figure class=\"wp-block-image size-large\"><\/figure>\n<figure class=\"wp-block-image size-large\"><\/figure>\n<figure class=\"wp-block-image size-large\"><\/figure>\n<\/figure><\/div>\n","protected":false},"excerpt":{"rendered":"<p>A Prefeitura Municipal de Bonito, por meio da Secretaria de Turismo e Desenvolvimento Econ\u00f4mico, deu in\u00edcio \u00e0 implanta\u00e7\u00e3o do programa Lixo Zero nos atrativos tur\u00edsticos Gruta do Lago Azul e Balne\u00e1rio Municipal. A a\u00e7\u00e3o est\u00e1 sendo realizada em parceria com a empresa Ciclo Azul, contratada para promover a implementa\u00e7\u00e3o do conceito e metodologia Lixo Zero [&hellip;]<\/p>\n","protected":false},"author":1,"featured_media":0,"comment_status":"","ping_status":"","sticky":false,"template":"","format":"standard","meta":{"footnotes":""},"categories":[],"tags":[],"class_list":["post-39707","post","type-post","status-publish","format-standard","hentry"],"amp_enabled":true,"_links":{"self":[{"href":"https:\/\/novasdodia.com.br\/index.php\/wp-json\/wp\/v2\/posts\/39707","targetHints":{"allow":["GET"]}}],"collection":[{"href":"https:\/\/novasdodia.com.br\/index.php\/wp-json\/wp\/v2\/posts"}],"about":[{"href":"https:\/\/novasdodia.com.br\/index.php\/wp-json\/wp\/v2\/types\/post"}],"author":[{"embeddable":true,"href":"https:\/\/novasdodia.com.br\/index.php\/wp-json\/wp\/v2\/users\/1"}],"replies":[{"embeddable":true,"href":"https:\/\/novasdodia.com.br\/index.php\/wp-json\/wp\/v2\/comments?post=39707"}],"version-history":[{"count":0,"href":"https:\/\/novasdodia.com.br\/index.php\/wp-json\/wp\/v2\/posts\/39707\/revisions"}],"wp:attachment":[{"href":"https:\/\/novasdodia.com.br\/index.php\/wp-json\/wp\/v2\/media?parent=39707"}],"wp:term":[{"taxonomy":"category","embeddable":true,"href":"https:\/\/novasdodia.com.br\/index.php\/wp-json\/wp\/v2\/categories?post=39707"},{"taxonomy":"post_tag","embeddable":true,"href":"https:\/\/novasdodia.com.br\/index.php\/wp-json\/wp\/v2\/tags?post=39707"}],"curies":[{"name":"wp","href":"https:\/\/api.w.org\/{rel}","templated":true}]}}