{"id":39755,"date":"2025-07-11T07:26:06","date_gmt":"2025-07-11T10:26:06","guid":{"rendered":"https:\/\/novasdodia.com.br\/index.php\/2025\/07\/11\/cet-rio-divulga-esquema-especial-de-transito-para-a-meia-maratona-no-domingo-dia-13-07-prefeitura-da-cidade-do-rio-de-janeiro\/"},"modified":"2025-07-11T07:26:06","modified_gmt":"2025-07-11T10:26:06","slug":"cet-rio-divulga-esquema-especial-de-transito-para-a-meia-maratona-no-domingo-dia-13-07-prefeitura-da-cidade-do-rio-de-janeiro","status":"publish","type":"post","link":"https:\/\/novasdodia.com.br\/index.php\/2025\/07\/11\/cet-rio-divulga-esquema-especial-de-transito-para-a-meia-maratona-no-domingo-dia-13-07-prefeitura-da-cidade-do-rio-de-janeiro\/","title":{"rendered":"CET-Rio divulga esquema especial de tr\u00e2nsito para a meia maratona, no domingo, dia 13\/07 &#8211; Prefeitura da Cidade do Rio de Janeiro"},"content":{"rendered":"<p><\/p>\n<div wp_automatic_readability=\"149.37802971071\">\n<div class=\"image-post\" wp_automatic_readability=\"33\">\n                     O t\u00e9rmino da prova ser\u00e1 no Aterro do Flamengo, na altura da Pra\u00e7a Cuauhtemoque. Arte: CET-Rio                  <\/div>\n<p>A CET-Rio informa que implantar\u00e1 opera\u00e7\u00e3o de tr\u00e2nsito para a realiza\u00e7\u00e3o da Meia Maratona Asics Golden Run Etapa Rio 2025. A corrida acontecer\u00e1 no domingo (13\/07), com o percurso em diversas vias da Zona Sul e do Centro da cidade.<\/p>\n<p>A largada ser\u00e1 \u00e0s 6h na Av. Delfim Moreira (altura do Posto 12) e seguir\u00e1 pela Av. Vieira Souto, Rua Francisco Otaviano, Av. Atl\u00e2ntica, Av. Princesa Isabel, Enseada de Botafogo (duas voltas), Aterro do Flamengo, Av. General Justo e Av. Alfred Agache onde far\u00e1 o retorno para o Aterro. O t\u00e9rmino da prova ser\u00e1 no Aterro do Flamengo, na altura da Pra\u00e7a Cuauhtemoque.<\/p>\n<p>A pista revers\u00edvel que ocorre aos domingos e feriados na Avenida Atl\u00e2ntica, na pista junto \u00e0s edifica\u00e7\u00f5es, ser\u00e1 implantada e desmobilizada em seu hor\u00e1rio habitual, no domingo (13\/07), das 7h \u00e0s 18h.<\/p>\n<p>A opera\u00e7\u00e3o de tr\u00e2nsito contar\u00e1 com 180 pessoas, entre funcion\u00e1rios na CET-Rio, Guardas Municipais e apoiadores de tr\u00e1fego, que trabalhar\u00e3o para manter a fluidez, coibir o estacionamento irregular, ordenar os cruzamentos, orientar pedestres e motoristas, al\u00e9m de efetuar os bloqueios durante todo o per\u00edodo da meia maratona.<\/p>\n<p>As condi\u00e7\u00f5es do tr\u00e2nsito ser\u00e3o monitoradas quanto a eventuais impactos e os tempos semaf\u00f3ricos ser\u00e3o ajustados para melhorar a fluidez nas rotas alternativas e nos principais corredores de tr\u00e1fego da regi\u00e3o. Ser\u00e3o utilizados 9 pain\u00e9is de mensagens vari\u00e1veis que informar\u00e3o sobre as condi\u00e7\u00f5es de tr\u00e2nsito, os bloqueios vi\u00e1rios e as rotas de desvio.<\/p>\n<p><strong>As seguintes vias ser\u00e3o interditadas no domingo (13\/07)<\/strong><\/p>\n<p><strong>De 0h \u00e0s 18h (T\u00e9rmino da \u00c1rea de Lazer)<\/strong><br \/>\u2013 Avenida Delfim Moreira, pista junto \u00e0 orla.<\/p>\n<p><strong>De 0h \u00e0s 18h (T\u00e9rmino da \u00c1rea de Lazer)<\/strong><br \/>\u2013 Avenida Infante Dom Henrique, em ambos os sentidos, no trecho correspondente \u00e0 \u00c1rea de Lazer do Aterro do Flamengo.<\/p>\n<p><strong>Das 2h \u00e0s 8h<\/strong><br \/>\u2013 Rua Francisco Otaviano, em duas faixas de rolamento no lado direito.<\/p>\n<p><strong>Das 2h \u00e0s 10h<\/strong><br \/>\u2013 Avenida Princesa Isabel, em duas faixas de rolamento, sentido Centro;<br \/>\u2013 T\u00fanel Engenheiro Coelho Cintra (T\u00fanel Novo), em duas faixas (lado esquerdo), sentido Centro;<br \/>\u2013 Avenida Lauro Sodr\u00e9, pista sentido Centro, em duas faixas de rolamento \u00e0 esquerda do sentido do tr\u00e1fego, entre o T\u00fanel Engenheiro Coelho Cintra e a Rua Lauro M\u00fcller;<br \/>\u2013 Avenida Lauro Sodr\u00e9, pista sentido Copacabana, em duas faixas de rolamento no lado esquerdo, entre o T\u00fanel do Pasmado e o cruzamento com a Rua General G\u00f3es Monteiro.<\/p>\n<p><strong>Das 2h \u00e0s 11h<\/strong><br \/>\u2013 T\u00fanel do Pasmado, em duas faixas de rolamento no lado esquerdo;<br \/>\u2013 Avenida Rep\u00f3rter Nestor Moreira;<br \/>\u2013 Avenida das Na\u00e7\u00f5es Unidas (Enseada de Botafogo), em ambos os sentidos.<\/p>\n<p><strong>Das 2h \u00e0s 18h (T\u00e9rmino da \u00c1rea de Lazer)<\/strong><br \/>\u2013 Avenida Vieira Souto, pista junto \u00e0 orla.<\/p>\n<p><strong>Das 2h \u00e0s 18h (T\u00e9rmino da \u00c1rea de Lazer)<\/strong><br \/>\u2013 Av.Atl\u00e2ntica, pista junto \u00e0 orla, no trecho correspondente \u00e0 \u00c1rea de Lazer.<\/p>\n<p><strong>Das 2h \u00e0s 11h:<\/strong><br \/>\u2013 Avenida General Justo;<br \/>\u2013 Avenida Alfred Agache;<br \/>\u2013 Via de Acesso \u00e0 Pra\u00e7a Marechal \u00c2ncora;<br \/>\u2013 T\u00fanel Marcello Alencar, ambos os sentidos;<br \/>\u2013 Avenida Rodrigues Alves, ambos os sentidos, entre a Avenida Francisco Bicalho e o T\u00fanel Marcello Alencar;<br \/>\u2013 Pra\u00e7a Marechal \u00c2ncora, toda extens\u00e3o da via inominada;<br \/>\u2013 Entroncamentos de acessos do Viaduto do Gas\u00f4metro \u00e0 Avenida Rodrigues Alves;<br \/>\u2013 Via de contorno do Museu Hist\u00f3rico;<br \/>\u2013 Rua Agnaldo de Caiado de Castro (Pra\u00e7a do Expedicion\u00e1rio), entre a Avenida Presidente Ant\u00f4nio Carlos e a Rua Dom Manuel;<br \/>\u2013 Rua Dom Manuel, entre a Pra\u00e7a do Expedicion\u00e1rio e a Rua Jacob do Bandolim;<br \/>\u2013 Rua Jacob do Bandolim, entre a Pra\u00e7a do Expedicion\u00e1rio e a Pra\u00e7a XV;<br \/>\u2013 Avenida Presidente Ant\u00f4nio Carlos, pista da direita, sentido Candel\u00e1ria, entre a Avenida Franklin Roosevelt e a Rua Agnaldo de Caiado de Castro (Pra\u00e7a do Expedicion\u00e1rio);<br \/>\u2013 Avenida Churchill, entre a edifica\u00e7\u00e3o de n\u00ba 62 e a Avenida Presidente Ant\u00f4nio Carlos;<br \/>\u2013 Rua Santa Luzia, entre a Avenida Presidente Ant\u00f4nio Carlos e o Largo da Miseric\u00f3rdia;<br \/>\u2013 Avenida Marechal C\u00e2mara;<br \/>\u2013 Via do Largo da Miseric\u00f3rdia;<br \/>\u2013 Via da Pra\u00e7a do Expedicion\u00e1rio (entorno do Museu Hist\u00f3rico), sentido Avenida Alfred Agache;<br \/>\u2013 Entroncamentos de acessos do Viaduto do Gas\u00f4metro \u00e0 Avenida Rodrigues Alves;<\/p>\n<p><strong>INVERS\u00c3O DO REGIME DE M\u00c3O DE DIRE\u00c7\u00c3O<\/strong><\/p>\n<p>Domingo (13\/07), das 2h \u00e0s 8h<br \/>\u2013 Rua Joaquim Nabuco, entre a Av. Nossa Senhora de Copacabana e a Rua Raul Pomp\u00e9ia, que passar\u00e1 a ter o sentido de circula\u00e7\u00e3o da Rua Raul Pomp\u00e9ia para a Av. Nossa Senhora de Copacabana.<\/p>\n<p><strong>ACESSO AO LEME E URCA A PARTIR DE COPACABANA<\/strong><\/p>\n<p>Para minimizar os impactos da interven\u00e7\u00e3o e viabilizar o acesso ao Leme e \u00e0 Urca, uma faixa revers\u00edvel ser\u00e1 montada entre os bairros Copacabana e Botafogo. Os ve\u00edculos dever\u00e3o percorrer a seguinte rota, no dia 13\/07 (domingo), das 5h \u00e0s 10h:<\/p>\n<p>Leme: Avenida Princesa Isabel (em regime de pista revers\u00edvel); T\u00fanel Engenheiro Coelho Cintra (em regime de pista revers\u00edvel); Avenida Lauro Sodr\u00e9 (em regime de pista revers\u00edvel); \u00e0 esquerda na al\u00e7a de acesso \u00e0 Rua General Severiano, junto \u00e0 Pra\u00e7a Engenheiro Bernardo Sai\u00e3o (Morro do Pasmado), Rua General Severiano; \u00e0 direita na Pra\u00e7a Ozanan; \u00e0 direita na Avenida Venceslau Br\u00e1s (em regime de pista revers\u00edvel); Avenida Lauro Sodr\u00e9 (em regime de pista revers\u00edvel); T\u00fanel Engenheiro Marques Porto (em regime de pista revers\u00edvel); Avenida Princesa Isabel (em regime de pista revers\u00edvel); \u00e0 esquerda na Avenida Nossa Senhora de Copacabana.<\/p>\n<p>Urca: Avenida Princesa Isabel (em regime de pista revers\u00edvel); T\u00fanel Engenheiro Coelho Cintra (em regime de pista revers\u00edvel); Avenida Lauro Sodr\u00e9 (em regime de pista revers\u00edvel); \u00e0 esquerda na al\u00e7a de acesso \u00e0 Rua General Severiano, junto \u00e0 Pra\u00e7a Engenheiro Bernardo Sai\u00e3o (Morro do Pasmado), Rua General Severiano; \u00e0 direita na Pra\u00e7a Ozanan; \u00e0 esquerda na Avenida Venceslau Br\u00e1s; \u00e0 direita na Avenida Pasteur.<\/p>\n<p><strong>PROIBI\u00c7\u00c3O DE ESTACIONAMENTO<\/strong><\/p>\n<p>Al\u00e9m das proibi\u00e7\u00f5es j\u00e1 regulamentadas, ser\u00e1 proibido o estacionamento nas seguintes vias:<\/p>\n<p>Das 6h de s\u00e1bado (12\/07) \u00e0s 12h de domingo (13\/07):<br \/>\u2013 Rua Francisco Otaviano, lado esquerdo, no trecho entre a Av. Vieira Souto e a Av. Nossa Senhora de Copacabana;<br \/>\u2013 Av. Nossa Senhora de Copacabana, lado esquerdo, a partir da Rua Figueiredo de Magalh\u00e3es at\u00e9 a Av. Princesa Isabel.<\/p>\n<p><strong>RECOMENDA\u00c7\u00d5ES IMPORTANTES<\/strong><\/p>\n<p>* Pedestres: devem realizar as travessias nos locais indicados pela sinaliza\u00e7\u00e3o de orienta\u00e7\u00e3o ou pelos orientadores da meia maratona;<br \/>* Respeitar os locais de proibi\u00e7\u00e3o de estacionamento;<br \/>\u2013 Estar atento \u00e0s orienta\u00e7\u00f5es dos agentes de tr\u00e2nsito e de toda sinaliza\u00e7\u00e3o implantada na \u00e1rea;<br \/>\u2013 Motoristas: recomenda-se evitar circular pela regi\u00e3o da corrida. Em fun\u00e7\u00e3o da quantidade de vias interditadas, as condi\u00e7\u00f5es de circula\u00e7\u00e3o estar\u00e3o alteradas durante toda a manh\u00e3 de domingo.<\/p>\n<p>             <!-- Compartilhe ---><\/p>\n<p>\t\t\t <!-- TAGS --><\/p>\n<section class=\"category-tags\">\n<div class=\"marcacao-category\">\n<article class=\"category-post\">\n<p>Categoria: <\/p>\n<\/article>\n<li>10 de julho de 2025<\/li><\/div>\n<article class=\"tags\">\n\t\t\t\t\tMarca\u00e7\u00f5es: aterro do Flamengo copacabana estacionamento interdi\u00e7\u00f5es de rua Meia Maratona orla Zona Sul<br \/><\/article>\n<\/section>\n<p>            <!-- Mais Not&iacute;cias --><\/p>\n<p>\t\t<!-- Conte&uacute;do SIDEBAR --><\/p><\/div>\n","protected":false},"excerpt":{"rendered":"<p>O t\u00e9rmino da prova ser\u00e1 no Aterro do Flamengo, na altura da Pra\u00e7a Cuauhtemoque. Arte: CET-Rio A CET-Rio informa que implantar\u00e1 opera\u00e7\u00e3o de tr\u00e2nsito para a realiza\u00e7\u00e3o da Meia Maratona Asics Golden Run Etapa Rio 2025. A corrida acontecer\u00e1 no domingo (13\/07), com o percurso em diversas vias da Zona Sul e do Centro da [&hellip;]<\/p>\n","protected":false},"author":1,"featured_media":0,"comment_status":"","ping_status":"","sticky":false,"template":"","format":"standard","meta":{"footnotes":""},"categories":[1],"tags":[],"class_list":["post-39755","post","type-post","status-publish","format-standard","hentry","category-noticias"],"amp_enabled":true,"_links":{"self":[{"href":"https:\/\/novasdodia.com.br\/index.php\/wp-json\/wp\/v2\/posts\/39755","targetHints":{"allow":["GET"]}}],"collection":[{"href":"https:\/\/novasdodia.com.br\/index.php\/wp-json\/wp\/v2\/posts"}],"about":[{"href":"https:\/\/novasdodia.com.br\/index.php\/wp-json\/wp\/v2\/types\/post"}],"author":[{"embeddable":true,"href":"https:\/\/novasdodia.com.br\/index.php\/wp-json\/wp\/v2\/users\/1"}],"replies":[{"embeddable":true,"href":"https:\/\/novasdodia.com.br\/index.php\/wp-json\/wp\/v2\/comments?post=39755"}],"version-history":[{"count":0,"href":"https:\/\/novasdodia.com.br\/index.php\/wp-json\/wp\/v2\/posts\/39755\/revisions"}],"wp:attachment":[{"href":"https:\/\/novasdodia.com.br\/index.php\/wp-json\/wp\/v2\/media?parent=39755"}],"wp:term":[{"taxonomy":"category","embeddable":true,"href":"https:\/\/novasdodia.com.br\/index.php\/wp-json\/wp\/v2\/categories?post=39755"},{"taxonomy":"post_tag","embeddable":true,"href":"https:\/\/novasdodia.com.br\/index.php\/wp-json\/wp\/v2\/tags?post=39755"}],"curies":[{"name":"wp","href":"https:\/\/api.w.org\/{rel}","templated":true}]}}