{"id":39781,"date":"2025-07-11T17:54:04","date_gmt":"2025-07-11T20:54:04","guid":{"rendered":"https:\/\/novasdodia.com.br\/index.php\/2025\/07\/11\/paralimpiadas-escolares-de-mato-grosso-do-sul-movimentam-campo-grande-neste-fim-de-semana-agencia-de-noticias-do-governo-de-mato-grosso-do-sul\/"},"modified":"2025-07-11T17:54:04","modified_gmt":"2025-07-11T20:54:04","slug":"paralimpiadas-escolares-de-mato-grosso-do-sul-movimentam-campo-grande-neste-fim-de-semana-agencia-de-noticias-do-governo-de-mato-grosso-do-sul","status":"publish","type":"post","link":"https:\/\/novasdodia.com.br\/index.php\/2025\/07\/11\/paralimpiadas-escolares-de-mato-grosso-do-sul-movimentam-campo-grande-neste-fim-de-semana-agencia-de-noticias-do-governo-de-mato-grosso-do-sul\/","title":{"rendered":"Paralimp\u00edadas Escolares de Mato Grosso do Sul movimentam Campo Grande neste fim de semana \u2013 Ag\u00eancia de Noticias do Governo de Mato Grosso do Sul"},"content":{"rendered":"<p><\/p>\n<div>\n<p>Com o objetivo de desenvolver o paradesporto entre crian\u00e7as e adolescentes em idade escolar do estado de Mato Grosso do Sul, acontecer\u00e1 o maior evento estudantil de paradesporto em MS, a 14\u00aa edi\u00e7\u00e3o das Paraesc (Paralimp\u00edadas Escolares de Mato Grosso do Sul), entre os dias 11 a 13 de julho. A cerim\u00f4nia de abertura est\u00e1 marcada para o dia 11 de julho (sexta-feira) \u00e0s 18h30 no Eco Hotel do Lago, em Campo Grande.<\/p>\n<p>A realiza\u00e7\u00e3o \u00e9 da Fundesporte (Funda\u00e7\u00e3o de Desporto e Lazer de Mato Grosso do Sul), vinculada \u00e0 Setesc (Secretaria de Estado de Turismo, Esporte e Cultura), com o objetivo de fomentar a pr\u00e1tica esportiva entre estudantes com defici\u00eancia f\u00edsica, intelectual ou visual. A iniciativa promove a inclus\u00e3o e contribui para o desenvolvimento de jovens atletas em idade escolar. As modalidades paral\u00edmpicas em disputa nesta edi\u00e7\u00e3o ser\u00e3o atletismo, bocha, t\u00eanis de mesa e badminton.<\/p>\n<p>Al\u00e9m de incentivar a forma\u00e7\u00e3o de novos atletas, as Paraesc tamb\u00e9m funcionam como etapa seletiva para a etapa nacional das Paralimp\u00edadas Escolares, que ocorrer\u00e3o em S\u00e3o Paulo, de 17 a 22 de novembro e 24 a 29 de novembro. A expectativa \u00e9 que Mato Grosso do Sul participe da fase nacional em nove modalidades.<\/p>\n<p>Neste ano, o evento sul-mato-grossense ter\u00e1 recorde de participa\u00e7\u00e3o, com representantes de 17 munic\u00edpios: Alcin\u00f3polis, Amambai, Aquidauana, Caarap\u00f3, Campo Grande, Cassil\u00e2ndia, Chapad\u00e3o do Sul, Corumb\u00e1, Dourados, Navira\u00ed, Nova Andradina, Ponta Por\u00e3, Rio Brilhante, S\u00e3o Gabriel do Oeste, Sidrol\u00e2ndia, Sonora e Tr\u00eas Lagoas.<\/p>\n<p>Exclusivamente voltadas a estudantes com defici\u00eancia, as Paralimp\u00edadas Escolares de Mato Grosso do Sul t\u00eam como miss\u00e3o promover a inclus\u00e3o, a forma\u00e7\u00e3o esportiva, al\u00e9m de fortalecer o desenvolvimento t\u00e9cnico das modalidades paral\u00edmpicas e disseminar os valores do paradesporto.<\/p>\n<p>O secret\u00e1rio de Estado de Turismo, Esporte e Cultura, Marcelo Miranda, salienta a import\u00e2ncia das Paraesc como instrumento de transforma\u00e7\u00e3o social por meio do esporte. \u201cAs Paralimp\u00edadas Escolares representam um espa\u00e7o de reconhecimento, visibilidade e protagonismo para os jovens atletas com defici\u00eancia. \u00c9 ali que eles mostram seu talento, superam limites e nos ensinam, com o exemplo, o verdadeiro significado de inclus\u00e3o e cidadania\u201d.<\/p>\n<p>O diretor-presidente da Fundesporte, Paulo Ricardo Nu\u00f1ez, refor\u00e7ou o compromisso do Governo do Estado com a inclus\u00e3o e o fortalecimento das pol\u00edticas p\u00fablicas voltadas \u00e0s pessoas com defici\u00eancia.<\/p>\n<p>\u201cAs Paraesc promovem o acesso das pessoas com defici\u00eancia \u00e0s mais diversas pr\u00e1ticas esportivas. O esporte eleva a auto-estima, melhora sa\u00fade f\u00edsica e mental e promove o bem-estar. Essa \u00e9 uma pol\u00edtica p\u00fablica essencial de governo e nosso desejo \u00e9 melhorar cada vez mais as Paral\u00edmpiadas Escolares e incluir cada vez mais modalidades\u201d, afirma Nu\u00f1ez.<\/p>\n<p>Segundo o diretor de Gest\u00e3o de Pol\u00edticas de Excel\u00eancia e Capacita\u00e7\u00e3o Esportiva da Fundesporte, Leandro Fonseca, o evento tem papel fundamental na consolida\u00e7\u00e3o do paradesporto no estado. \u201cAs Paralimp\u00edadas Escolares de Mato Grosso do Sul s\u00e3o o maior evento estudantil do paradesporto no estado. Elas funcionam como seletiva para a etapa nacional, que \u00e9 o maior evento paradesportivo escolar do mundo, ent\u00e3o \u00e9 muito importante que os atletas tenham um bom desempenho nesta fase\u201d.<\/p>\n<p>Leandro tamb\u00e9m destacou o crescimento da competi\u00e7\u00e3o. \u201cEste ano alcan\u00e7amos um recorde de participa\u00e7\u00e3o. Em 2024, tivemos 13 munic\u00edpios; agora, s\u00e3o 17 inscritos. A expectativa \u00e9 reunir cerca de 350 participantes nesta etapa estadual\u201d.<\/p>\n<p><b>14\u00aa edi\u00e7\u00e3o das Paral\u00edmpiadas Escolares de Mato Grosso do Sul\u00a0<\/b><\/p>\n<p><b>Cerim\u00f4nia de Abertura:\u00a0<\/b><\/p>\n<p><b>Data:\u00a0<\/b>11 de julho (sexta-feira)\u00a0<\/p>\n<p><b>Hor\u00e1rio:\u00a0<\/b>18h30<\/p>\n<p><b>Local:\u00a0<\/b>Eco Hotel do Lago<\/p>\n<p><b>Endere\u00e7o:<\/b>\u00a0R. Bom Retiro, 1098 \u2013 Campo Grande, MS, 79079-050<\/p>\n<p><b>Programa\u00e7\u00e3o\u00a0<\/b><\/p>\n<p><b>S\u00c1BADO \u2013 12 DE JULHO<\/b><\/p>\n<p><b><i>T\u00eanis de mesa<\/i><\/b><b><i><br \/><\/i><\/b><b>Local:\u00a0<\/b>Eco Hotel do Lago<b><br \/><\/b><b>Hor\u00e1rio:<\/b>\u00a08h \u00e0s 12h<\/p>\n<p><b><i>Bocha<\/i><\/b><b><br \/><\/b><b>Local:\u00a0<\/b>Eco Hotel do Lago<br \/>Hor\u00e1rio: 8h \u00e0s 10h e das 14h \u00e0s 16h<\/p>\n<p><b><i>Atletismo<\/i><\/b><b><i><br \/><\/i><\/b><b>Local:\u00a0<\/b>Parque Ayrton Senna<br \/>Hor\u00e1rio: 8h \u00e0s 10h e das 14h \u00e0s 16h\u00a0<\/p>\n<p><b><i>Parabadminton<\/i><\/b><b><i><br \/><\/i><\/b><b>Local:\u00a0<\/b>R\u00e1dio Clube Campo<br \/><b>Hor\u00e1rio:\u00a0<\/b>13h30 \u00e0s 17h<\/p>\n<p><b>DOMINGO \u2013 13 DE JULHO<\/b><\/p>\n<p><b><i>Atletismo<\/i><\/b><b><i><br \/><\/i><\/b><b>Local:\u00a0<\/b>Parque Ayrton Senna<br \/><b>Hor\u00e1rio:<\/b>\u00a08h \u00e0s 9h30<\/p>\n<p>Para mais informa\u00e7\u00f5es acesse os boletins:<br \/><span style=\"color: #0000ff;\">Informativo\u00a0<\/span><br \/><span style=\"color: #0000ff;\">Boletim 1\u00a0<\/span><\/p>\n<p><em>Bel Manvailer, Comunica\u00e7\u00e3o Setesc<\/em><br \/><em>Fotos: arquivo\/Fundesporte<\/em><\/p>\n<\/div>\n","protected":false},"excerpt":{"rendered":"<p>Com o objetivo de desenvolver o paradesporto entre crian\u00e7as e adolescentes em idade escolar do estado de Mato Grosso do Sul, acontecer\u00e1 o maior evento estudantil de paradesporto em MS, a 14\u00aa edi\u00e7\u00e3o das Paraesc (Paralimp\u00edadas Escolares de Mato Grosso do Sul), entre os dias 11 a 13 de julho. A cerim\u00f4nia de abertura est\u00e1 [&hellip;]<\/p>\n","protected":false},"author":1,"featured_media":0,"comment_status":"","ping_status":"","sticky":false,"template":"","format":"standard","meta":{"footnotes":""},"categories":[],"tags":[],"class_list":["post-39781","post","type-post","status-publish","format-standard","hentry"],"amp_enabled":true,"_links":{"self":[{"href":"https:\/\/novasdodia.com.br\/index.php\/wp-json\/wp\/v2\/posts\/39781","targetHints":{"allow":["GET"]}}],"collection":[{"href":"https:\/\/novasdodia.com.br\/index.php\/wp-json\/wp\/v2\/posts"}],"about":[{"href":"https:\/\/novasdodia.com.br\/index.php\/wp-json\/wp\/v2\/types\/post"}],"author":[{"embeddable":true,"href":"https:\/\/novasdodia.com.br\/index.php\/wp-json\/wp\/v2\/users\/1"}],"replies":[{"embeddable":true,"href":"https:\/\/novasdodia.com.br\/index.php\/wp-json\/wp\/v2\/comments?post=39781"}],"version-history":[{"count":0,"href":"https:\/\/novasdodia.com.br\/index.php\/wp-json\/wp\/v2\/posts\/39781\/revisions"}],"wp:attachment":[{"href":"https:\/\/novasdodia.com.br\/index.php\/wp-json\/wp\/v2\/media?parent=39781"}],"wp:term":[{"taxonomy":"category","embeddable":true,"href":"https:\/\/novasdodia.com.br\/index.php\/wp-json\/wp\/v2\/categories?post=39781"},{"taxonomy":"post_tag","embeddable":true,"href":"https:\/\/novasdodia.com.br\/index.php\/wp-json\/wp\/v2\/tags?post=39781"}],"curies":[{"name":"wp","href":"https:\/\/api.w.org\/{rel}","templated":true}]}}