{"id":40013,"date":"2025-07-16T15:09:04","date_gmt":"2025-07-16T18:09:04","guid":{"rendered":"https:\/\/novasdodia.com.br\/index.php\/2025\/07\/16\/agencia-minas-gerais-governo-do-estado-entrega-medalha-do-dia-de-minas-em-mariana\/"},"modified":"2025-07-16T15:09:04","modified_gmt":"2025-07-16T18:09:04","slug":"agencia-minas-gerais-governo-do-estado-entrega-medalha-do-dia-de-minas-em-mariana","status":"publish","type":"post","link":"https:\/\/novasdodia.com.br\/index.php\/2025\/07\/16\/agencia-minas-gerais-governo-do-estado-entrega-medalha-do-dia-de-minas-em-mariana\/","title":{"rendered":"Ag\u00eancia Minas Gerais | Governo do Estado entrega Medalha do Dia de Minas, em Mariana"},"content":{"rendered":"<p><\/p>\n<div>\n<section class=\"news-related \/ col-md-4 col-lg-3 \/ margin-md-bottom-2 margin-left-1 \/ pull-right \/ hidden-xs hidden-sm\">\n<header>\n<p class=\"text-title-section \/ margin-bottom-1\">Relacionadas<\/p>\n<\/header>\n<p>\t\t\t\t\t\t\t<main><\/p>\n<hr class=\"row margin-md-bottom-2\"\/>\n\t\t\t\t\t\t\t<\/main><br \/>\n\t\t\t\t\t\t<\/section>\n<p>O Governo de Minas Gerais\u00a0realizou, nesta quarta-feira (16\/7), a celebra\u00e7\u00e3o do Dia de Minas, na Pra\u00e7a Minas Gerais, em Mariana. Nesta data, simbolicamente, a capital do estado \u00e9 transferida para o munic\u00edpio da regi\u00e3o Central, primeira capital mineira.<\/p>\n<p>Presidido pelo governador Romeu Zema e com a presen\u00e7a do vice-governador Mateus Sim\u00f5es, o evento marca a entrega da tradicional Medalha do Dia do Estado de Minas Gerais, honraria que reconhece personalidades e entidades que se destacaram por sua atua\u00e7\u00e3o em prol do desenvolvimento do estado.<\/p>\n<p><em>(Confira a rela\u00e7\u00e3o dos 50 agraciados neste ano no final da mat\u00e9ria)<\/em><\/p>\n<p>\u00a0<\/p>\n<table align=\"center\" border=\"0\" cellpadding=\"1\" cellspacing=\"1\" style=\"width: 100%;\">&#13;<\/p>\n<tbody>&#13;<\/p>\n<tr>&#13;<\/p>\n<td colspan=\"5\" style=\"text-align: center; vertical-align: middle;\">&#13;<\/p>\n<p style=\"text-align:center\">\n<p>&#13;\n\t\t\t<\/td>\n<p>&#13;<br \/>\n\t\t<\/tr>\n<p>&#13;<\/p>\n<tr>&#13;<\/p>\n<td style=\"text-align: center; vertical-align: middle;\">\u00a0<\/td>\n<p>&#13;<\/p>\n<td colspan=\"3\" rowspan=\"3\" style=\"text-align: center; vertical-align: middle;\">&#13;<br \/>\n\t\t\t&#13;\n\t\t\t<\/td>\n<p>&#13;<\/p>\n<td style=\"text-align: center; vertical-align: middle;\">\u00a0<\/td>\n<p>&#13;<br \/>\n\t\t<\/tr>\n<p>&#13;<\/p>\n<tr>&#13;<\/p>\n<td style=\"text-align: center; vertical-align: middle;\">\u00a0<\/td>\n<p>&#13;<\/p>\n<td style=\"text-align: center; vertical-align: middle;\">\u00a0<\/td>\n<p>&#13;<br \/>\n\t\t<\/tr>\n<p>&#13;<\/p>\n<tr>&#13;<\/p>\n<td style=\"text-align: center; vertical-align: middle;\">\u00a0<\/td>\n<p>&#13;<\/p>\n<td style=\"text-align: center; vertical-align: middle;\">\u00a0<\/td>\n<p>&#13;<br \/>\n\t\t<\/tr>\n<p>&#13;<\/p>\n<tr>&#13;<\/p>\n<td colspan=\"5\" style=\"text-align: center; vertical-align: middle;\">&#13;<\/p>\n<p style=\"text-align:center\">\n<p>&#13;\n\t\t\t<\/td>\n<p>&#13;<br \/>\n\t\t<\/tr>\n<p>&#13;<br \/>\n\t<\/tbody>\n<p>&#13;<br \/>\n<\/table>\n<p>&#13;<br \/>\nA data \u00e9 determinada pela Constitui\u00e7\u00e3o do Estado. A semana em que recai o dia 16\/7 fica denominada Semana de Minas, constituindo per\u00edodo de celebra\u00e7\u00e3o c\u00edvica em todo o Estado.<\/p>\n<p>Nessa data, em 1977, durante sess\u00e3o solene comemorativa do 281\u00ba anivers\u00e1rio de Mariana, o professor Roque Jos\u00e9 Cam\u00eallo prop\u00f4s a institui\u00e7\u00e3o, como data c\u00edvica estadual, do Dia do Estado de Minas Gerais. O projeto recebeu o apoio de acad\u00eamicos, autoridades municipais e da comunidade.<\/p>\n<p>Dois anos depois, em 1979, no 283\u00ba anivers\u00e1rio da cidade, foi pedido apoio ao ent\u00e3o governador Francelino Pereira para o projeto que declarava o 16\/7 como o Dia do Estado de Minas Gerais. A Lei Estadual instituiu a data comemorativa.<\/p>\n<p>Em 1980, foi sancionada a Lei Municipal 561, que instituiu a Medalha do Dia do Estado de Minas Gerais. A Constitui\u00e7\u00e3o do Estado, promulgada em 1989, formalizou a data como Dia de Minas, assim como o 8\/12 como Dia dos Gerais.<\/p>\n<p>O vice-governador de Minas Gerais destacou a import\u00e2ncia da medalha e o valor que a condecora\u00e7\u00e3o representa \u00e0queles que fazem parte do desenvolvimento do estado, e frisou ainda o tamanho hist\u00f3rico da cidade de Mariana.<br \/>&#13;<br \/>\n\u00a0<\/p>\n<table align=\"center\" border=\"0\" cellpadding=\"1\" cellspacing=\"1\" style=\"width: 100%;\">&#13;<\/p>\n<tbody>&#13;<\/p>\n<tr>&#13;<\/p>\n<td colspan=\"5\" style=\"text-align: center; vertical-align: middle;\">&#13;<\/p>\n<p style=\"text-align:center\">\n<p>&#13;\n\t\t\t<\/td>\n<p>&#13;<br \/>\n\t\t<\/tr>\n<p>&#13;<\/p>\n<tr>&#13;<\/p>\n<td style=\"text-align: center; vertical-align: middle;\">\u00a0<\/td>\n<p>&#13;<\/p>\n<td colspan=\"3\" rowspan=\"3\" style=\"text-align: center; vertical-align: middle;\">&#13;<br \/>\n\t\t\t&#13;\n\t\t\t<\/td>\n<p>&#13;<\/p>\n<td style=\"text-align: center; vertical-align: middle;\">\u00a0<\/td>\n<p>&#13;<br \/>\n\t\t<\/tr>\n<p>&#13;<\/p>\n<tr>&#13;<\/p>\n<td style=\"text-align: center; vertical-align: middle;\">\u00a0<\/td>\n<p>&#13;<\/p>\n<td style=\"text-align: center; vertical-align: middle;\">\u00a0<\/td>\n<p>&#13;<br \/>\n\t\t<\/tr>\n<p>&#13;<\/p>\n<tr>&#13;<\/p>\n<td style=\"text-align: center; vertical-align: middle;\">\u00a0<\/td>\n<p>&#13;<\/p>\n<td style=\"text-align: center; vertical-align: middle;\">\u00a0<\/td>\n<p>&#13;<br \/>\n\t\t<\/tr>\n<p>&#13;<\/p>\n<tr>&#13;<\/p>\n<td colspan=\"5\" style=\"text-align: center; vertical-align: middle;\">&#13;<\/p>\n<p style=\"text-align:center\">\n<p>&#13;\n\t\t\t<\/td>\n<p>&#13;<br \/>\n\t\t<\/tr>\n<p>&#13;<br \/>\n\t<\/tbody>\n<p>&#13;<br \/>\n<\/table>\n<p>&#13;<br \/>\n<strong>Dia de Minas em Belo Horizonte<\/strong><\/p>\n<p>Parte das comemora\u00e7\u00f5es do Dia de Minas ocorre em Belo Horizonte, tamb\u00e9m nesta quarta, em um ato simb\u00f3lico no Pal\u00e1cio da Liberdade. A iniciativa \u00e9 promovida pela Secretaria de Estado de Cultura e Turismo de Minas Gerais (Secult) e pela Funda\u00e7\u00e3o Cl\u00f3vis Salgado (FCS), com o objetivo de resgatar s\u00edmbolos fundacionais da identidade mineira.<\/p>\n<p>Uma r\u00e9plica da bandeira dos Inconfidentes ser\u00e1 hasteada junto \u00e0 execu\u00e7\u00e3o de hinos, apresenta\u00e7\u00e3o da Banda da Pol\u00edcia Militar de Minas Gerais (PMMG) e presen\u00e7a de representantes institucionais.<\/p>\n<p>Al\u00e9m do ato simb\u00f3lico, a programa\u00e7\u00e3o cultural gratuita se estender\u00e1 ao longo do dia, em outros espa\u00e7os da capital, como a Pra\u00e7a da Esta\u00e7\u00e3o, o Museu Mineiro e a Biblioteca P\u00fablica Estadual de Minas Gerais, com programa\u00e7\u00e3o voltada para a celebra\u00e7\u00e3o da hist\u00f3ria, arte e cultura de Minas.<\/p>\n<p><strong>Agraciados com a Medalha do Dia de Minas 2025<\/strong><br \/>&#13;<br \/>\n\u00a0<\/p>\n<ul>&#13;<\/p>\n<li>Alex Sandro Coelho Diniz, empres\u00e1rio<br \/>&#13;<br \/>\n\t\u00a0<\/li>\n<p>&#13;<\/p>\n<li>Coronel PM QOR Alexandre de Castro Leal, subsecret\u00e1rio de Fiscaliza\u00e7\u00e3o Ambiental da Semad<br \/>&#13;<br \/>\n\t\u00a0<\/li>\n<p>&#13;<\/p>\n<li>Carol Caram, deputada estadual<br \/>&#13;<br \/>\n\t\u00a0<\/li>\n<p>&#13;<\/p>\n<li>Ana Paula Gon\u00e7alves Tranche, presidente-volunt\u00e1ria e gestora da Associa\u00e7\u00e3o dos Deficientes F\u00edsicos de Po\u00e7os de Caldas<br \/>&#13;<br \/>\n\t\u00a0<\/li>\n<p>&#13;<\/p>\n<li>Anderson Ferreira Guimar\u00e3es, CEO da Indaia Transportes<br \/>&#13;<br \/>\n\t\u00a0<\/li>\n<p>&#13;<\/p>\n<li>Andr\u00e9 Francisco Guedes Silva, 3\u00ba Sargento da PMMG<br \/>&#13;<br \/>\n\t\u00a0<\/li>\n<p>&#13;<\/p>\n<li>Bertrand de Orleans e Bragan\u00e7a, chefe da Casa Imperial do Brasil<br \/>&#13;<br \/>\n\t\u00a0<\/li>\n<p>&#13;<\/p>\n<li>Charles Magalh\u00e3es Cordeiro, diretor-executivo da Rede Vitoriosa de Comunica\u00e7\u00f5es<br \/>&#13;<br \/>\n\t\u00a0<\/li>\n<p>&#13;<\/p>\n<li>Cristiano \u00c1lvares Valladares do Lago, desembargador do TJMG<br \/>&#13;<br \/>\n\t\u00a0<\/li>\n<p>&#13;<\/p>\n<li>Edmarcio Moura Leal, assessor pol\u00edtico da Segov<br \/>&#13;<br \/>\n\t\u00a0<\/li>\n<p>&#13;<\/p>\n<li>Eduardo Soares do Couto Filho, vice-presidente jur\u00eddico e institucional da Cedro Participa\u00e7\u00f5es<br \/>&#13;<br \/>\n\t\u00a0\u00a0<\/li>\n<p>&#13;<\/p>\n<li>Major BM Felipe de Mello Rezende Colnago, piloto de helic\u00f3ptero na Secretaria da Casa Militar do Esp\u00edrito Santo<br \/>&#13;<br \/>\n\t\u00a0<\/li>\n<p>&#13;<\/p>\n<li>Fernanda Rodrigues Guimar\u00e3es Andrade Mascarenhas, ju\u00edza de Direito e diretora do Foro da Comarca de Mariana<br \/>&#13;<br \/>\n\t\u00a0<\/li>\n<p>&#13;<\/p>\n<li>Fernando Breno Valadares Vieira, prefeito de Coromandel<br \/>&#13;<br \/>\n\t\u00a0<\/li>\n<p>&#13;<\/p>\n<li>Florence de Oliveira Assis Lavorato da Rocha, m\u00e9dica angiologista<br \/>&#13;<br \/>\n\t\u00a0<\/li>\n<p>&#13;<\/p>\n<li>Gabriel Augusto Parreiras, prefeito de Brumadinho<br \/>&#13;<br \/>\n\t\u00a0<\/li>\n<p>&#13;<\/p>\n<li>Padre Geraldo Dias Buziani, reitor da Catedral Bas\u00edlica Nossa Senhora da Assun\u00e7\u00e3o de Mariana<br \/>&#13;<br \/>\n\t\u00a0<\/li>\n<p>&#13;<\/p>\n<li>Habib Felippe Jabour, Desembargador do TJMG<br \/>&#13;<br \/>\n\t\u00a0<\/li>\n<p>&#13;<\/p>\n<li>Hotel Provid\u00eancia Ltda<br \/>&#13;<br \/>\n\t\u00a0<\/li>\n<p>&#13;<\/p>\n<li>Hugo Henrique Aparecido de Castro Machado, presidente do Instituto Hist\u00f3rico e Geogr\u00e1fico de Pomp\u00e9u<br \/>&#13;<br \/>\n\t\u00a0<\/li>\n<p>&#13;<\/p>\n<li>Igor Timo, deputado federal<br \/>&#13;<br \/>\n\t\u00a0<\/li>\n<p>&#13;<\/p>\n<li>Isabel de Campos Abreu, auxiliar de Apoio da Sa\u00fade<br \/>&#13;<br \/>\n\t\u00a0<\/li>\n<p>&#13;<\/p>\n<li>\u00cdtalo Henrique de Oliveira, vereador de Mariana<br \/>&#13;<br \/>\n\t\u00a0<\/li>\n<p>&#13;<\/p>\n<li>Izak Carlos da Silva, economista-chefe do BDMG<br \/>&#13;<br \/>\n\t\u00a0<\/li>\n<p>&#13;<\/p>\n<li>Jos\u00e9 Mour\u00e3o dos Santos, investigador da PCMG<br \/>&#13;<br \/>\n\t\u00a0<\/li>\n<p>&#13;<\/p>\n<li>J\u00falio Cezar Guttierrez Vieira Baptista, desembargador do TJMG<br \/>&#13;<br \/>\n\t\u00a0<\/li>\n<p>&#13;<\/p>\n<li>La\u00eds Santiago Jorge, m\u00e9dica radio-oncologista<br \/>&#13;<br \/>\n\t\u00a0<\/li>\n<p>&#13;<\/p>\n<li>Luciano Xavier de Castro, fundador do Grupo 3T<br \/>&#13;<br \/>\n\t\u00a0<\/li>\n<p>&#13;<\/p>\n<li>Lu\u00eds Eduardo Alves Pifano, desembargador do TJMG<br \/>&#13;<br \/>\n\t\u00a0<\/li>\n<p>&#13;<\/p>\n<li>Lu\u00eds Helv\u00e9cio Silva Ara\u00fajo, prefeito de Piranga<br \/>&#13;<br \/>\n\t\u00a0<\/li>\n<p>&#13;<\/p>\n<li>Lud Falc\u00e3o, deputada estadual<br \/>&#13;<br \/>\n\t\u00a0<\/li>\n<p>&#13;<\/p>\n<li>Luiz Carlos Farid Rahme, empres\u00e1rio e gestor do Grupo Farid<br \/>&#13;<br \/>\n\t\u00a0<\/li>\n<p>&#13;<\/p>\n<li>Marcelo Bangoim Fernandes, delegado da PCMG<br \/>&#13;<br \/>\n\t\u00a0<\/li>\n<p>&#13;<\/p>\n<li>Marcelo de Souza e Silva, presidente da CDL\/BH e do Conselho Deliberativo do Sebrae\/Minas<br \/>&#13;<br \/>\n\t\u00a0<\/li>\n<p>&#13;<\/p>\n<li>Marco Ant\u00f4nio Tukoff de Mita, professor da rede municipal de Mariana<br \/>&#13;<br \/>\n\t\u00a0<\/li>\n<p>&#13;<\/p>\n<li>Marcos Leonardo Cond\u00e9, m\u00e9dico neurologista<br \/>&#13;<br \/>\n\t\u00a0<\/li>\n<p>&#13;<\/p>\n<li>Maria das Dores Campos Abreu Lousado, vereadora e presidente da C\u00e2mara Municipal de Una\u00ed<br \/>&#13;<br \/>\n\t\u00a0<\/li>\n<p>&#13;<\/p>\n<li>Marilene Rom\u00e3o Gon\u00e7alves, secret\u00e1ria municipal de Sa\u00fade de Mariana<br \/>&#13;<br \/>\n\t\u00a0<\/li>\n<p>&#13;<\/p>\n<li>Mauro Marcos da Silva, membro da Comiss\u00e3o de Atingidos pela Barragem de Fund\u00e3o<br \/>&#13;<br \/>\n\t\u00a0\u00a0<\/li>\n<p>&#13;<\/p>\n<li>Otac\u00edlio Neto Costa Mattos, prefeito de Concei\u00e7\u00e3o do Mato Dentro<br \/>&#13;<br \/>\n\t\u00a0<\/li>\n<p>&#13;<\/p>\n<li>Patricia Rocha Gomes, diretora de Jornalismo da Record Minas<br \/>&#13;<br \/>\n\t\u00a0<\/li>\n<p>&#13;<\/p>\n<li>Rafael Arcanjo Santos, professor aposentado<br \/>&#13;<br \/>\n\t\u00a0<\/li>\n<p>&#13;<\/p>\n<li>Rodolfo Tadeu da Silva, prefeito de Sabar\u00e1<br \/>&#13;<br \/>\n\t\u00a0<\/li>\n<p>&#13;<\/p>\n<li>Romeu Geraldo de Oliveira, presidente da Associa\u00e7\u00e3o de Moradores de Paracatu de Baixo<br \/>&#13;<br \/>\n\t\u00a0<\/li>\n<p>&#13;<\/p>\n<li>Ros\u00e2ngela Maria Alfenas de Andrade, administradora do Hospital Santa Isabel de Ub\u00e1<br \/>&#13;<br \/>\n\t\u00a0<\/li>\n<p>&#13;<\/p>\n<li>S\u00e1lvio Chaves, desembargador do TRE-MG<br \/>&#13;<br \/>\n\t\u00a0<\/li>\n<p>&#13;<\/p>\n<li>Tha\u00eds Cristina Lopes de Ara\u00fajo Vilas Boas, superintendente central de Repara\u00e7\u00e3o do Rio Doce<br \/>&#13;<br \/>\n\t\u00a0<\/li>\n<p>&#13;<\/p>\n<li>Valseni Jos\u00e9 Pereira Braga, diretor-geral da Rede Batista de Educa\u00e7\u00e3o<br \/>&#13;<br \/>\n\t\u00a0<\/li>\n<p>&#13;<\/p>\n<li>Vicente de Oliveira Silva, desembargador do TJMG<br \/>&#13;<br \/>\n\t\u00a0<\/li>\n<p>&#13;<\/p>\n<li>Vincent N\u00e9d\u00e9lec, adido de Coopera\u00e7\u00e3o e A\u00e7\u00e3o Cultural da Embaixada da Fran\u00e7a<\/li>\n<p>&#13;\n<\/ul>\n<\/p><\/div>\n","protected":false},"excerpt":{"rendered":"<p>Relacionadas O Governo de Minas Gerais\u00a0realizou, nesta quarta-feira (16\/7), a celebra\u00e7\u00e3o do Dia de Minas, na Pra\u00e7a Minas Gerais, em Mariana. Nesta data, simbolicamente, a capital do estado \u00e9 transferida para o munic\u00edpio da regi\u00e3o Central, primeira capital mineira. Presidido pelo governador Romeu Zema e com a presen\u00e7a do vice-governador Mateus Sim\u00f5es, o evento marca [&hellip;]<\/p>\n","protected":false},"author":1,"featured_media":0,"comment_status":"","ping_status":"","sticky":false,"template":"","format":"standard","meta":{"footnotes":""},"categories":[1],"tags":[],"class_list":["post-40013","post","type-post","status-publish","format-standard","hentry","category-noticias"],"amp_enabled":true,"_links":{"self":[{"href":"https:\/\/novasdodia.com.br\/index.php\/wp-json\/wp\/v2\/posts\/40013","targetHints":{"allow":["GET"]}}],"collection":[{"href":"https:\/\/novasdodia.com.br\/index.php\/wp-json\/wp\/v2\/posts"}],"about":[{"href":"https:\/\/novasdodia.com.br\/index.php\/wp-json\/wp\/v2\/types\/post"}],"author":[{"embeddable":true,"href":"https:\/\/novasdodia.com.br\/index.php\/wp-json\/wp\/v2\/users\/1"}],"replies":[{"embeddable":true,"href":"https:\/\/novasdodia.com.br\/index.php\/wp-json\/wp\/v2\/comments?post=40013"}],"version-history":[{"count":0,"href":"https:\/\/novasdodia.com.br\/index.php\/wp-json\/wp\/v2\/posts\/40013\/revisions"}],"wp:attachment":[{"href":"https:\/\/novasdodia.com.br\/index.php\/wp-json\/wp\/v2\/media?parent=40013"}],"wp:term":[{"taxonomy":"category","embeddable":true,"href":"https:\/\/novasdodia.com.br\/index.php\/wp-json\/wp\/v2\/categories?post=40013"},{"taxonomy":"post_tag","embeddable":true,"href":"https:\/\/novasdodia.com.br\/index.php\/wp-json\/wp\/v2\/tags?post=40013"}],"curies":[{"name":"wp","href":"https:\/\/api.w.org\/{rel}","templated":true}]}}