{"id":40113,"date":"2025-07-18T11:01:04","date_gmt":"2025-07-18T14:01:04","guid":{"rendered":"https:\/\/novasdodia.com.br\/index.php\/2025\/07\/18\/bonito-conclui-mutiroes-de-pesagem-do-bolsa-familia-com-foco-na-saude-das-familias-prefeitura-municipal-de-bonito\/"},"modified":"2025-07-18T11:01:04","modified_gmt":"2025-07-18T14:01:04","slug":"bonito-conclui-mutiroes-de-pesagem-do-bolsa-familia-com-foco-na-saude-das-familias-prefeitura-municipal-de-bonito","status":"publish","type":"post","link":"https:\/\/novasdodia.com.br\/index.php\/2025\/07\/18\/bonito-conclui-mutiroes-de-pesagem-do-bolsa-familia-com-foco-na-saude-das-familias-prefeitura-municipal-de-bonito\/","title":{"rendered":"Bonito conclui mutir\u00f5es de pesagem do Bolsa Fam\u00edlia com foco na sa\u00fade das fam\u00edlias &#8211; Prefeitura Municipal de Bonito"},"content":{"rendered":"<p><\/p>\n<div>\n<div class=\"td-post-featured-image\"><\/div>\n<p>A Prefeitura de Bonito, por meio da Secretaria Municipal de Sa\u00fade, concluiu os mutir\u00f5es da 1\u00aa vig\u00eancia de 2025 do Programa Bolsa Fam\u00edlia. A a\u00e7\u00e3o foi realizada entre os meses de janeiro e junho, com o objetivo de garantir o cumprimento das condicionalidades de sa\u00fade exigidas pelo programa federal.<\/p>\n<p>Durante esse per\u00edodo, foram realizadas atividades de acompanhamento nutricional e avalia\u00e7\u00e3o da situa\u00e7\u00e3o de sa\u00fade das fam\u00edlias benefici\u00e1rias, refor\u00e7ando a import\u00e2ncia do cuidado cont\u00ednuo, especialmente entre gestantes, crian\u00e7as e mulheres em idade f\u00e9rtil.<\/p>\n<p>As a\u00e7\u00f5es envolveram:<\/p>\n<p>\u00a0\u00a0\u00a0\u00a0\u00a0\u00a0\u00a0\u00a0\u00a0\u00a0\u00a0 \u2022\u00a0\u00a0\u00a0\u00a0\u00a0\u00a0\u00a0\u00a0\u00a0 Pesagem, medi\u00e7\u00e3o e verifica\u00e7\u00e3o do cart\u00e3o de vacina\u00e7\u00e3o;<\/p>\n<p>\u00a0\u00a0\u00a0\u00a0\u00a0\u00a0\u00a0\u00a0\u00a0\u00a0\u00a0 \u2022\u00a0\u00a0\u00a0\u00a0\u00a0\u00a0\u00a0\u00a0\u00a0 Acompanhamento do pr\u00e9-natal de gestantes;<\/p>\n<p>\u00a0\u00a0\u00a0\u00a0\u00a0\u00a0\u00a0\u00a0\u00a0\u00a0\u00a0 \u2022\u00a0\u00a0\u00a0\u00a0\u00a0\u00a0\u00a0\u00a0\u00a0 Coleta de exame citopatol\u00f3gico (preventivo) para rastreio de c\u00e2ncer do colo do \u00fatero;<\/p>\n<p>\u00a0\u00a0\u00a0\u00a0\u00a0\u00a0\u00a0\u00a0\u00a0\u00a0\u00a0 \u2022\u00a0\u00a0\u00a0\u00a0\u00a0\u00a0\u00a0\u00a0\u00a0 Identifica\u00e7\u00e3o de casos de desnutri\u00e7\u00e3o, sobrepeso e outras condi\u00e7\u00f5es que exigem aten\u00e7\u00e3o;<\/p>\n<p>\u00a0\u00a0\u00a0\u00a0\u00a0\u00a0\u00a0\u00a0\u00a0\u00a0\u00a0 \u2022\u00a0\u00a0\u00a0\u00a0\u00a0\u00a0\u00a0\u00a0\u00a0 Atualiza\u00e7\u00e3o de informa\u00e7\u00f5es no sistema e-SUS\/PEC;<\/p>\n<p>\u00a0\u00a0\u00a0\u00a0\u00a0\u00a0\u00a0\u00a0\u00a0\u00a0\u00a0 \u2022\u00a0\u00a0\u00a0\u00a0\u00a0\u00a0\u00a0\u00a0\u00a0 Orienta\u00e7\u00f5es sobre alimenta\u00e7\u00e3o saud\u00e1vel e promo\u00e7\u00e3o \u00e0 sa\u00fade.<\/p>\n<p>Os mutir\u00f5es foram realizados em todas as unidades da Estrat\u00e9gia Sa\u00fade da Fam\u00edlia (ESF), incluindo os assentamentos e a regi\u00e3o do \u00c1guas do Miranda, conforme cronograma previamente divulgado. A mobiliza\u00e7\u00e3o contou com o trabalho conjunto dos Agentes Comunit\u00e1rios de Sa\u00fade, apoio nas redes sociais, carro de som e cartazes informativos.<\/p>\n<p>A Secretaria Municipal de Sa\u00fade refor\u00e7a a import\u00e2ncia da participa\u00e7\u00e3o da popula\u00e7\u00e3o nas pr\u00f3ximas etapas, que continuar\u00e3o sendo divulgadas amplamente. <a\/><\/p>\n<figure class=\"wp-block-gallery has-nested-images columns-default is-cropped wp-block-gallery-1 is-layout-flex wp-block-gallery-is-layout-flex\">\n<figure class=\"wp-block-image size-large\"><\/figure>\n<figure class=\"wp-block-image size-large\"><\/figure>\n<figure class=\"wp-block-image size-large\"><\/figure>\n<figure class=\"wp-block-image size-large\"><\/figure>\n<figure class=\"wp-block-image size-large\"><\/figure>\n<figure class=\"wp-block-image size-large\"><\/figure>\n<figure class=\"wp-block-image size-large\"><\/figure>\n<figure class=\"wp-block-image size-large\"><\/figure>\n<figure class=\"wp-block-image size-large\"><\/figure>\n<figure class=\"wp-block-image size-large\"><\/figure>\n<figure class=\"wp-block-image size-large\"><\/figure>\n<figure class=\"wp-block-image size-large\"><\/figure>\n<figure class=\"wp-block-image size-large\"><\/figure>\n<figure class=\"wp-block-image size-large\"><\/figure>\n<figure class=\"wp-block-image size-large\"><\/figure>\n<figure class=\"wp-block-image size-large\"><\/figure>\n<figure class=\"wp-block-image size-large\"><\/figure>\n<figure class=\"wp-block-image size-large\"><\/figure>\n<\/figure><\/div>\n","protected":false},"excerpt":{"rendered":"<p>A Prefeitura de Bonito, por meio da Secretaria Municipal de Sa\u00fade, concluiu os mutir\u00f5es da 1\u00aa vig\u00eancia de 2025 do Programa Bolsa Fam\u00edlia. A a\u00e7\u00e3o foi realizada entre os meses de janeiro e junho, com o objetivo de garantir o cumprimento das condicionalidades de sa\u00fade exigidas pelo programa federal. Durante esse per\u00edodo, foram realizadas atividades [&hellip;]<\/p>\n","protected":false},"author":1,"featured_media":0,"comment_status":"","ping_status":"","sticky":false,"template":"","format":"standard","meta":{"footnotes":""},"categories":[],"tags":[],"class_list":["post-40113","post","type-post","status-publish","format-standard","hentry"],"amp_enabled":true,"_links":{"self":[{"href":"https:\/\/novasdodia.com.br\/index.php\/wp-json\/wp\/v2\/posts\/40113","targetHints":{"allow":["GET"]}}],"collection":[{"href":"https:\/\/novasdodia.com.br\/index.php\/wp-json\/wp\/v2\/posts"}],"about":[{"href":"https:\/\/novasdodia.com.br\/index.php\/wp-json\/wp\/v2\/types\/post"}],"author":[{"embeddable":true,"href":"https:\/\/novasdodia.com.br\/index.php\/wp-json\/wp\/v2\/users\/1"}],"replies":[{"embeddable":true,"href":"https:\/\/novasdodia.com.br\/index.php\/wp-json\/wp\/v2\/comments?post=40113"}],"version-history":[{"count":0,"href":"https:\/\/novasdodia.com.br\/index.php\/wp-json\/wp\/v2\/posts\/40113\/revisions"}],"wp:attachment":[{"href":"https:\/\/novasdodia.com.br\/index.php\/wp-json\/wp\/v2\/media?parent=40113"}],"wp:term":[{"taxonomy":"category","embeddable":true,"href":"https:\/\/novasdodia.com.br\/index.php\/wp-json\/wp\/v2\/categories?post=40113"},{"taxonomy":"post_tag","embeddable":true,"href":"https:\/\/novasdodia.com.br\/index.php\/wp-json\/wp\/v2\/tags?post=40113"}],"curies":[{"name":"wp","href":"https:\/\/api.w.org\/{rel}","templated":true}]}}