{"id":40245,"date":"2025-07-21T19:00:07","date_gmt":"2025-07-21T22:00:07","guid":{"rendered":"https:\/\/novasdodia.com.br\/index.php\/2025\/07\/21\/desenrola-rural-transforma-realidade-de-agricultores-familiares-em-campo-grande-cgnoticias\/"},"modified":"2025-07-21T19:00:07","modified_gmt":"2025-07-21T22:00:07","slug":"desenrola-rural-transforma-realidade-de-agricultores-familiares-em-campo-grande-cgnoticias","status":"publish","type":"post","link":"https:\/\/novasdodia.com.br\/index.php\/2025\/07\/21\/desenrola-rural-transforma-realidade-de-agricultores-familiares-em-campo-grande-cgnoticias\/","title":{"rendered":"Desenrola Rural transforma realidade de agricultores familiares em Campo Grande \u2013 CGNot\u00edcias"},"content":{"rendered":"<p><\/p>\n<div>\n<p>\u201cEst\u00e1vamos perdendo a esperan\u00e7a. Agora vemos que podemos voltar a investir, plantar, colher e alimentar a nossa cidade, o nosso Brasil\u201d. As palavras emocionadas s\u00e3o do agricultor familiar Pedro Paulo, do Assentamento Conquista \u2013 que est\u00e1 localizado na zona rural de Campo Grande. O depoimento expressa o impacto que o Programa Desenrola Rural levou para a regi\u00e3o.<\/p>\n<p>Institu\u00eddo pelo Decreto-Lei n\u00ba 12.381 de 11\/02\/2025, a iniciativa do Governo Federal \u00e9 voltada para os agricultores familiares e suas cooperativas e objetiva a regulariza\u00e7\u00e3o de d\u00edvidas e facilita\u00e7\u00e3o de acesso ao cr\u00e9dito via Pronaf (Grupos A, A\/C e B), fortalecendo a produ\u00e7\u00e3o de alimentos. Para dar conhecimento \u00e0 a\u00e7\u00e3o, a Secretaria Municipal de Meio Ambiente, Gest\u00e3o Urbana e Desenvolvimento Econ\u00f4mico, Tur\u00edstico e Sustent\u00e1vel (Semades) fez uma parceria com o Banco do Brasil e levou informa\u00e7\u00f5es claras e orienta\u00e7\u00f5es pr\u00e1ticas sobre as condi\u00e7\u00f5es do Desenrola Rural aos assentamentos rurais.<\/p>\n<p>\u201c\u00c9 a primeira vez que recebemos um esclarecimento t\u00e3o completo sobre nossas d\u00edvidas e sobre o caminho para produzir mais e melhor. Sa\u00edmos daqui com perspectivas. Vamos at\u00e9 o banco, vamos renegociar. Mas mais que isso: sentimos que algu\u00e9m nos escutou e veio at\u00e9 n\u00f3s\u201d, continua o agricultor.<\/p>\n<p>O secret\u00e1rio municipal da Semades, Ademar Silva Jr. Explica que o objetivo \u00e9 refor\u00e7ar o compromisso enquanto administra\u00e7\u00e3o municipal com o fortalecimento da agricultura familiar e mostrar a for\u00e7a de parcerias bem articuladas. \u201cBanco do Brasil e equipe Semades juntam ampliaram o alcance do Desenrola Rural levando dignidade, autonomia e oportunidade para quem produz o alimento que chega \u00e0s mesas dos brasileiros\u201d, diz Ademar.<\/p>\n<p>Assessor da superintend\u00eancia do Banco Brasil, Haroldo Cortez, explica que os caminhos para renegocia\u00e7\u00e3o variam de acordo com o tipo de d\u00edvida. \u201d O Desenrola Rural tem foco nos agricultores familiares que acessaram o Pronaf. Essa parceria \u00e9 fundamental para levar informa\u00e7\u00e3o e orienta\u00e7\u00e3o sobre renegocia\u00e7\u00e3o e acesso a novos cr\u00e9ditos. Ao proporcionar esse conhecimento, estimulamos a produ\u00e7\u00e3o no campo e o fortalecimento da economia local\u201d, conclui.<\/p>\n<p>Para mais informa\u00e7\u00f5es, siga acessando as redes sociais da Semades @semadescg e o site da Prefeitura de Campo Grande.<\/p>\n<p><em><br \/><strong>#PraTodosVerem<\/strong>: Um grupo de aproximadamente 40 pessoas posa para foto em uma estrutura coberta, semelhante a um barrac\u00e3o rural, com cadeiras vazias \u00e0 frente. O ambiente tem teto de telha met\u00e1lica e paredes parcialmente constru\u00eddas. Ao fundo, nota-se a presen\u00e7a de uma \u00e1rea verde e c\u00e9u azul. As pessoas est\u00e3o organizadas em duas fileiras, muitas sorrindo, com trajes casuais, chap\u00e9us e roupas leves.<\/em><\/p>\n<\/div>\n<p><script async defer async defer src=\"https:\/\/connect.facebook.net\/en_US\/sdk.js?ver=1#xfbml=1&amp;version=v3.2\" id=\"prefeitura-campogrande-script-facebook-sdk-js\"><\/script><\/p>\n","protected":false},"excerpt":{"rendered":"<p>\u201cEst\u00e1vamos perdendo a esperan\u00e7a. Agora vemos que podemos voltar a investir, plantar, colher e alimentar a nossa cidade, o nosso Brasil\u201d. As palavras emocionadas s\u00e3o do agricultor familiar Pedro Paulo, do Assentamento Conquista \u2013 que est\u00e1 localizado na zona rural de Campo Grande. O depoimento expressa o impacto que o Programa Desenrola Rural levou para [&hellip;]<\/p>\n","protected":false},"author":1,"featured_media":0,"comment_status":"","ping_status":"","sticky":false,"template":"","format":"standard","meta":{"footnotes":""},"categories":[],"tags":[],"class_list":["post-40245","post","type-post","status-publish","format-standard","hentry"],"amp_enabled":true,"_links":{"self":[{"href":"https:\/\/novasdodia.com.br\/index.php\/wp-json\/wp\/v2\/posts\/40245","targetHints":{"allow":["GET"]}}],"collection":[{"href":"https:\/\/novasdodia.com.br\/index.php\/wp-json\/wp\/v2\/posts"}],"about":[{"href":"https:\/\/novasdodia.com.br\/index.php\/wp-json\/wp\/v2\/types\/post"}],"author":[{"embeddable":true,"href":"https:\/\/novasdodia.com.br\/index.php\/wp-json\/wp\/v2\/users\/1"}],"replies":[{"embeddable":true,"href":"https:\/\/novasdodia.com.br\/index.php\/wp-json\/wp\/v2\/comments?post=40245"}],"version-history":[{"count":0,"href":"https:\/\/novasdodia.com.br\/index.php\/wp-json\/wp\/v2\/posts\/40245\/revisions"}],"wp:attachment":[{"href":"https:\/\/novasdodia.com.br\/index.php\/wp-json\/wp\/v2\/media?parent=40245"}],"wp:term":[{"taxonomy":"category","embeddable":true,"href":"https:\/\/novasdodia.com.br\/index.php\/wp-json\/wp\/v2\/categories?post=40245"},{"taxonomy":"post_tag","embeddable":true,"href":"https:\/\/novasdodia.com.br\/index.php\/wp-json\/wp\/v2\/tags?post=40245"}],"curies":[{"name":"wp","href":"https:\/\/api.w.org\/{rel}","templated":true}]}}