{"id":40324,"date":"2025-07-23T14:14:05","date_gmt":"2025-07-23T17:14:05","guid":{"rendered":"https:\/\/novasdodia.com.br\/index.php\/2025\/07\/23\/agencia-minas-gerais-estudantes-de-minas-se-preparam-para-etapa-estadual-da-6a-conferencia-pelo-meio-ambiente\/"},"modified":"2025-07-23T14:14:05","modified_gmt":"2025-07-23T17:14:05","slug":"agencia-minas-gerais-estudantes-de-minas-se-preparam-para-etapa-estadual-da-6a-conferencia-pelo-meio-ambiente","status":"publish","type":"post","link":"https:\/\/novasdodia.com.br\/index.php\/2025\/07\/23\/agencia-minas-gerais-estudantes-de-minas-se-preparam-para-etapa-estadual-da-6a-conferencia-pelo-meio-ambiente\/","title":{"rendered":"Ag\u00eancia Minas Gerais | Estudantes de Minas se preparam para Etapa Estadual da 6\u00aa Confer\u00eancia pelo Meio Ambiente"},"content":{"rendered":"<p><\/p>\n<div>\n<p>Estudantes da rede estadual de Minas Gerais se preparam para a Etapa Estadual da 6\u00aa Confer\u00eancia Nacional Infantojuvenil pelo Meio Ambiente (CNIJMA), que ser\u00e1 realizada no dia 12\/8, em Belo Horizonte.<\/p>\n<p>Com o tema \u201cVamos Transformar o Brasil com Educa\u00e7\u00e3o e Justi\u00e7a Clim\u00e1tica\u201d, a iniciativa mobiliza escolas de todas as regi\u00f5es mineiras e valoriza o protagonismo juvenil na constru\u00e7\u00e3o de solu\u00e7\u00f5es sustent\u00e1veis para o futuro do pa\u00eds.<\/p>\n<p>Voltada especialmente aos estudantes de 11 a 14 anos dos anos finais do ensino fundamental, a confer\u00eancia promove uma forma\u00e7\u00e3o ambiental cr\u00edtica, participativa e inclusiva. Participam da a\u00e7\u00e3o escolas do campo, ind\u00edgenas, quilombolas, da educa\u00e7\u00e3o especial e demais escolas.<\/p>\n<p><strong>Etapa Polo <\/strong><\/p>\n<p>A etapa polo foi realizada no in\u00edcio deste m\u00eas, de forma virtual, pelo canal Est\u00fadio Educa\u00e7\u00e3o, no Youtube, envolvendo escolas dos Polos Centro, Vale do A\u00e7o, Zona da Mata, Tri\u00e2ngulo, Norte e Sul de Minas.<\/p>\n<p>Foram apresentados projetos inovadores, como o \u201cJardim Sensorial\u201d, \u201cHorta Escolar: plantando sa\u00fade, colhendo paz\u201d, \u201cEcobarreira Semiana: tecendo redes de justi\u00e7a clim\u00e1tica para o Rio Verde\u201d e o \u201cBiodigestor rural como solu\u00e7\u00e3o sustent\u00e1vel\u201d. Ao todo, foram mais de 20 propostas eleitas pelos estudantes delegados titulares e suplentes para representar as escolas na Etapa Estadual.<\/p>\n<p>\u201cO projeto tem sido muito importante para a nossa vida escolar e pessoal. Estamos aprendendo sobre o uso excessivo de agrot\u00f3xicos, o desperd\u00edcio de lixo org\u00e2nico e desenvolvendo solu\u00e7\u00f5es, como uma composteira\u201d, conta Edgar Soares, estudante da Escola Estadual Coronel Nicolau Sampaio, em Diogo de Vasconcelos, um dos selecionados para a etapa estadual.<\/p>\n<p><strong>Encontro em BH<\/strong><\/p>\n<p>O grande encontro presencial reunir\u00e1 na Etapa Estadual, em Belo Horizonte, os delegados eleitos nas etapas anteriores. O objetivo \u00e9 promover o interc\u00e2mbio de experi\u00eancias, aprofundar o debate sobre justi\u00e7a clim\u00e1tica e fortalecer o movimento ambiental juvenil em Minas.<\/p>\n<p>Cada projeto representa uma proposta constru\u00edda coletivamente nas escolas, em um processo democr\u00e1tico que valoriza a escuta e a escolha entre os pr\u00f3prios estudantes. As iniciativas devem abordar os desafios ambientais enfrentados pela comunidade escolar e propor solu\u00e7\u00f5es com impacto social e ambiental.<\/p>\n<p>\u201cA confer\u00eancia \u00e9 uma oportunidade para que toda a comunidade escolar se envolva em um processo formativo e transformador, incentivando a cria\u00e7\u00e3o de projetos com impacto ambiental e social\u201d, destaca a diretora de Modalidades de Ensino e Tem\u00e1ticas Especiais da Secretaria de Estado de Educa\u00e7\u00e3o de Minas Gerais (SEE\/MG), Suellen Coelho.<\/p>\n<p><strong>Educa\u00e7\u00e3o e justi\u00e7a clim\u00e1tica<\/strong><\/p>\n<p>A 6\u00aa edi\u00e7\u00e3o da Confer\u00eancia integra o movimento nacional de prepara\u00e7\u00e3o para a COP30, que ser\u00e1 realizada em novembro de 2025, em Bel\u00e9m (PA). A proposta \u00e9 estimular nos jovens a empatia, a a\u00e7\u00e3o coletiva e o engajamento pol\u00edtico, reconhecendo que os impactos da crise clim\u00e1tica n\u00e3o s\u00e3o sentidos de forma igualit\u00e1ria e que a justi\u00e7a ambiental exige participa\u00e7\u00e3o ativa e pol\u00edticas p\u00fablicas inclusivas.<\/p>\n<p>A Confer\u00eancia em Minas Gerais est\u00e1 organizada em cinco Etapas: Escolar, Municipal, Regional, Polo e Estadual. A Etapa Estadual, marcada para agosto, contar\u00e1 com a participa\u00e7\u00e3o de delega\u00e7\u00f5es de todos os polos, momento em que a ser\u00e3o eleitos o projeto e delegados que representar\u00e3o Minas Gerais na Etapa Nacional.<\/p>\n<p>A Etapa Nacional ser\u00e1 realizada em outubro de 2025, em Bras\u00edlia (DF), sob coordena\u00e7\u00e3o dos Minist\u00e9rios da Educa\u00e7\u00e3o, do Meio Ambiente e Mudan\u00e7a do Clima e da Ci\u00eancia, Tecnologia e Inova\u00e7\u00e3o.<\/p>\n<\/p><\/div>\n","protected":false},"excerpt":{"rendered":"<p>Estudantes da rede estadual de Minas Gerais se preparam para a Etapa Estadual da 6\u00aa Confer\u00eancia Nacional Infantojuvenil pelo Meio Ambiente (CNIJMA), que ser\u00e1 realizada no dia 12\/8, em Belo Horizonte. Com o tema \u201cVamos Transformar o Brasil com Educa\u00e7\u00e3o e Justi\u00e7a Clim\u00e1tica\u201d, a iniciativa mobiliza escolas de todas as regi\u00f5es mineiras e valoriza o [&hellip;]<\/p>\n","protected":false},"author":1,"featured_media":0,"comment_status":"","ping_status":"","sticky":false,"template":"","format":"standard","meta":{"footnotes":""},"categories":[1],"tags":[],"class_list":["post-40324","post","type-post","status-publish","format-standard","hentry","category-noticias"],"amp_enabled":true,"_links":{"self":[{"href":"https:\/\/novasdodia.com.br\/index.php\/wp-json\/wp\/v2\/posts\/40324","targetHints":{"allow":["GET"]}}],"collection":[{"href":"https:\/\/novasdodia.com.br\/index.php\/wp-json\/wp\/v2\/posts"}],"about":[{"href":"https:\/\/novasdodia.com.br\/index.php\/wp-json\/wp\/v2\/types\/post"}],"author":[{"embeddable":true,"href":"https:\/\/novasdodia.com.br\/index.php\/wp-json\/wp\/v2\/users\/1"}],"replies":[{"embeddable":true,"href":"https:\/\/novasdodia.com.br\/index.php\/wp-json\/wp\/v2\/comments?post=40324"}],"version-history":[{"count":0,"href":"https:\/\/novasdodia.com.br\/index.php\/wp-json\/wp\/v2\/posts\/40324\/revisions"}],"wp:attachment":[{"href":"https:\/\/novasdodia.com.br\/index.php\/wp-json\/wp\/v2\/media?parent=40324"}],"wp:term":[{"taxonomy":"category","embeddable":true,"href":"https:\/\/novasdodia.com.br\/index.php\/wp-json\/wp\/v2\/categories?post=40324"},{"taxonomy":"post_tag","embeddable":true,"href":"https:\/\/novasdodia.com.br\/index.php\/wp-json\/wp\/v2\/tags?post=40324"}],"curies":[{"name":"wp","href":"https:\/\/api.w.org\/{rel}","templated":true}]}}