{"id":40344,"date":"2025-07-23T22:20:08","date_gmt":"2025-07-24T01:20:08","guid":{"rendered":"https:\/\/novasdodia.com.br\/index.php\/2025\/07\/23\/prefeitura-divulga-lista-de-habilitados-para-o-sorteio-da-vila-dos-idosos-cgnoticias\/"},"modified":"2025-07-23T22:20:08","modified_gmt":"2025-07-24T01:20:08","slug":"prefeitura-divulga-lista-de-habilitados-para-o-sorteio-da-vila-dos-idosos-cgnoticias","status":"publish","type":"post","link":"https:\/\/novasdodia.com.br\/index.php\/2025\/07\/23\/prefeitura-divulga-lista-de-habilitados-para-o-sorteio-da-vila-dos-idosos-cgnoticias\/","title":{"rendered":"Prefeitura divulga lista de habilitados para o sorteio da Vila dos Idosos \u2013 CGNot\u00edcias"},"content":{"rendered":"<p><\/p>\n<div>\n<p>A Prefeitura de Campo Grande, por meio da Ag\u00eancia Municipal de Habita\u00e7\u00e3o e Assuntos Fundi\u00e1rios (EMHA), divulgou nesta ter\u00e7a-feira (22), no Di\u00e1rio Oficial de Campo Grande (Diogrande), edi\u00e7\u00e3o extra n\u00ba 7.998, a rela\u00e7\u00e3o dos tr\u00eas grupos de idosos habilitados a participar do sorteio dos apartamentos do Condom\u00ednio da Melhor Idade, tamb\u00e9m conhecido como Vila dos Idosos.<\/p>\n<p>Os idosos habilitados para o sorteio foram organizados em tr\u00eas grupos: Grupo I \u2013 Pessoas idosas com prioridade especial, acima de 80 anos; Grupo II \u2013 Pessoas idosas com defici\u00eancia; e Grupo III \u2013 P\u00fablico geral. Ao todo, 934 candidatos est\u00e3o aptos para participar do sorteio, cuja data deve ser divulgada em breve. A lista completa pode ser conferida\u00a0aqui.<\/p>\n<p>Localizada pr\u00f3xima ao Horto Florestal, a Vila dos Idosos \u00e9 o primeiro empreendimento de loca\u00e7\u00e3o social destinado a pessoas idosas em Campo Grande. As inscri\u00e7\u00f5es para participar do empreendimento foram abertas no dia 4 de julho de 2023 e encerradas no dia 4 de setembro do mesmo ano. Em abril deste ano, foi publicada a rela\u00e7\u00e3o dos candidatos desclassificados por n\u00e3o atenderem aos crit\u00e9rios.\u00a0Ao todo, 210 inscritos n\u00e3o atenderam aos requisitos.<\/p>\n<p>Entre os crit\u00e9rios exigidos, estavam: possuir renda entre 1 e 3 sal\u00e1rios m\u00ednimos; n\u00e3o ser propriet\u00e1rio, promitente comprador, permission\u00e1rio, promitente permission\u00e1rio de direitos de aquisi\u00e7\u00e3o, usufrutu\u00e1rio ou arrendat\u00e1rio de outro im\u00f3vel; n\u00e3o ter sido contemplado, em car\u00e1ter definitivo, por programas habitacionais p\u00fablicos; estar cadastrado no cadastro geral da Emha; e ter idade igual ou superior a 60 anos.<\/p>\n<p>\u201cA Vila dos Idosos \u00e9 um projeto que est\u00e1 sendo conduzido com muita responsabilidade e transpar\u00eancia. Em breve, poderemos entregar um ambiente seguro, acolhedor para os futuros moradores. \u00c9 uma iniciativa inovadora, criada para oferecer n\u00e3o apenas moradia, mas tamb\u00e9m qualidade de vida, acessibilidade e conviv\u00eancia social para a popula\u00e7\u00e3o idosa\u201d, afirmou o diretor-presidente da Emha, Claudio Marques.<\/p>\n<h3 class=\"wp-block-heading\">Sobre a Vila dos Idosos<\/h3>\n<p>O empreendimento contar\u00e1 com 40 apartamentos destinados \u00e0 popula\u00e7\u00e3o idosa. As unidades possuem 33,70m\u00b2 cada, com sala integrada \u00e0 cozinha, \u00e1rea de servi\u00e7o e um quarto com banheiro, todos dentro das normas de acessibilidade.<\/p>\n<p>O condom\u00ednio foi projetado para garantir conforto e qualidade de vida aos moradores, oferecendo amplos corredores com ilumina\u00e7\u00e3o e ventila\u00e7\u00e3o natural, salas de apoio, escada de emerg\u00eancia e elevador para todos os andares. Al\u00e9m disso, contar\u00e1 com espa\u00e7os de conviv\u00eancia, como sala multiuso, capela e \u00e1reas destinadas \u00e0 sociabiliza\u00e7\u00e3o.\u00a0<\/p>\n<p>As unidades habitacionais ofertadas ser\u00e3o exclusivamente destinadas \u00e0 loca\u00e7\u00e3o social, sendo proibida a op\u00e7\u00e3o de compra ao final do contrato. As unidades n\u00e3o ser\u00e3o mobiliadas, ficando a cargo de cada idoso levar sua mob\u00edlia para o local. Os benefici\u00e1rios ter\u00e3o um custo mensal relativo ao pagamento da loca\u00e7\u00e3o e da taxa de condom\u00ednio, que ser\u00e1 definido e divulgado antes da realiza\u00e7\u00e3o do sorteio.<\/p>\n<p>Para auxiliar na administra\u00e7\u00e3o e manuten\u00e7\u00e3o do pr\u00e9dio, o empreendimento contar\u00e1 com 10 sal\u00f5es comerciais no t\u00e9rreo, cada um com 39,40m\u00b2 de \u00e1rea individual. Com essa estrutura, a Vila dos Idosos se destaca como um modelo inovador de habita\u00e7\u00e3o social, promovendo bem-estar e integra\u00e7\u00e3o comunit\u00e1ria para a terceira idade.<\/p>\n<h4 class=\"wp-block-heading\">Suporte Internacional<\/h4>\n<p>O projeto recebeu suporte internacional atrav\u00e9s do Banco Interamericano de Desenvolvimento (BID) e resultou na cria\u00e7\u00e3o do Comit\u00ea Habita\u00e7\u00e3o de Interesse Social (COHIS), que tem como objetivo apresentar e discutir experi\u00eancias de loca\u00e7\u00e3o social como alternativa de acesso \u00e0 moradia.<\/p>\n<p>Al\u00e9m disso, resultou na elabora\u00e7\u00e3o do Decreto Municipal n.15.167\/2022, que regulamenta a Lei Municipal n. 6592 e, em linhas gerais, estabelece responsabilidades, prazos e diretrizes de credenciamento da popula\u00e7\u00e3o, dando in\u00edcio ao Programa de Loca\u00e7\u00e3o Social do Munic\u00edpio.<\/p>\n<\/div>\n<p><script async defer async defer src=\"https:\/\/connect.facebook.net\/en_US\/sdk.js?ver=1#xfbml=1&amp;version=v3.2\" id=\"prefeitura-campogrande-script-facebook-sdk-js\"><\/script><\/p>\n","protected":false},"excerpt":{"rendered":"<p>A Prefeitura de Campo Grande, por meio da Ag\u00eancia Municipal de Habita\u00e7\u00e3o e Assuntos Fundi\u00e1rios (EMHA), divulgou nesta ter\u00e7a-feira (22), no Di\u00e1rio Oficial de Campo Grande (Diogrande), edi\u00e7\u00e3o extra n\u00ba 7.998, a rela\u00e7\u00e3o dos tr\u00eas grupos de idosos habilitados a participar do sorteio dos apartamentos do Condom\u00ednio da Melhor Idade, tamb\u00e9m conhecido como Vila dos [&hellip;]<\/p>\n","protected":false},"author":1,"featured_media":0,"comment_status":"","ping_status":"","sticky":false,"template":"","format":"standard","meta":{"footnotes":""},"categories":[],"tags":[],"class_list":["post-40344","post","type-post","status-publish","format-standard","hentry"],"amp_enabled":true,"_links":{"self":[{"href":"https:\/\/novasdodia.com.br\/index.php\/wp-json\/wp\/v2\/posts\/40344","targetHints":{"allow":["GET"]}}],"collection":[{"href":"https:\/\/novasdodia.com.br\/index.php\/wp-json\/wp\/v2\/posts"}],"about":[{"href":"https:\/\/novasdodia.com.br\/index.php\/wp-json\/wp\/v2\/types\/post"}],"author":[{"embeddable":true,"href":"https:\/\/novasdodia.com.br\/index.php\/wp-json\/wp\/v2\/users\/1"}],"replies":[{"embeddable":true,"href":"https:\/\/novasdodia.com.br\/index.php\/wp-json\/wp\/v2\/comments?post=40344"}],"version-history":[{"count":0,"href":"https:\/\/novasdodia.com.br\/index.php\/wp-json\/wp\/v2\/posts\/40344\/revisions"}],"wp:attachment":[{"href":"https:\/\/novasdodia.com.br\/index.php\/wp-json\/wp\/v2\/media?parent=40344"}],"wp:term":[{"taxonomy":"category","embeddable":true,"href":"https:\/\/novasdodia.com.br\/index.php\/wp-json\/wp\/v2\/categories?post=40344"},{"taxonomy":"post_tag","embeddable":true,"href":"https:\/\/novasdodia.com.br\/index.php\/wp-json\/wp\/v2\/tags?post=40344"}],"curies":[{"name":"wp","href":"https:\/\/api.w.org\/{rel}","templated":true}]}}