{"id":4038,"date":"2022-06-28T01:32:43","date_gmt":"2022-06-28T04:32:43","guid":{"rendered":"https:\/\/novasdodia.com.br\/?p=4038"},"modified":"2022-06-28T01:32:43","modified_gmt":"2022-06-28T04:32:43","slug":"maite-proenca-diz-que-preferia-que-adriana-calcanhoto-fosse-homem-poa-show","status":"publish","type":"post","link":"https:\/\/novasdodia.com.br\/index.php\/2022\/06\/28\/maite-proenca-diz-que-preferia-que-adriana-calcanhoto-fosse-homem-poa-show\/","title":{"rendered":"Mait\u00ea Proen\u00e7a diz que preferia que Adriana Calcanhoto fosse homem &#8211; POA SHOW"},"content":{"rendered":"<p>A atriz Mait\u00ea Proen\u00e7a, de 64 anos, disse aceitar o fato de sua namorada, a cantora Adriana Calcanhoto, de 56, ser mulher, mas admite que &#8220;preferia&#8221; que ela fosse homem.<\/p>\n<p>Em entrevista \u00e0 revista JP, Proen\u00e7a destacou que o relacionamento com Calcanhoto fez com que ela se permitisse &#8220;experimentar algo diferente&#8221;, e ter clareza de que sua declara\u00e7\u00e3o poderia ser alvo de cr\u00edticas, mas acharia melhor se a amada fosse do sexo masculino.<\/p>\n<\/p>\n<h4>Relacionadas<\/h4>\n<p>&#8220;Eu queria que ela fosse homem. Para essa atividade, sempre gostei mais do homem. Mas ela \u00e9 mulher, gosto dela e aceito isso. Sei que as feministas e os LGBTs n\u00e3o v\u00e3o gostar do que acabei de dizer, mas, honestamente, \u00e9 assim, entendeu? Posso experimentar algo diferente para estar com ela&#8221;, relatou.<\/p>\n<p>Mait\u00ea Proen\u00e7a e Adriana Calcanhoto . Ao abordar o relacionamento, a atriz afirmou que sua vida sexual hoje, aos 64, est\u00e1 mais &#8220;bem resolvida&#8221;, al\u00e9m de se sentir &#8220;mais livre&#8221;.<\/p>\n<p>Fonte: <a href=\"\/\/poashow.com.br\/2022\/06\/27\/maite-proenca-diz-que-preferia-que-adriana-calcanhoto-fosse-homem\" title=\"poashow.com.br\/2022\/06\/27\/maite-proenca-diz-que-preferia-que-adriana-calcanhoto-fosse-homem\" target=\"_blank\" rel=\"bookmark noopener\"><cite>poashow.com.br\/2022\/06\/27\/maite-proenca-diz-que-preferia-que-adriana-calcanhoto-fosse-homem<\/cite><\/a><\/p>\n","protected":false},"excerpt":{"rendered":"<p>A atriz Mait\u00ea Proen\u00e7a, de 64 anos, disse aceitar o fato de sua namorada, a cantora Adriana Calcanhoto, de 56, ser mulher, mas admite que &#8220;preferia&#8221; que ela fosse homem. Em entrevista \u00e0 revista JP, Proen\u00e7a destacou que o relacionamento com Calcanhoto fez com que ela se permitisse &#8220;experimentar algo diferente&#8221;, e ter clareza de [&hellip;]<\/p>\n","protected":false},"author":1,"featured_media":4039,"comment_status":"closed","ping_status":"closed","sticky":false,"template":"","format":"standard","meta":{"footnotes":""},"categories":[1],"tags":[],"class_list":["post-4038","post","type-post","status-publish","format-standard","has-post-thumbnail","hentry","category-noticias"],"amp_enabled":true,"_links":{"self":[{"href":"https:\/\/novasdodia.com.br\/index.php\/wp-json\/wp\/v2\/posts\/4038","targetHints":{"allow":["GET"]}}],"collection":[{"href":"https:\/\/novasdodia.com.br\/index.php\/wp-json\/wp\/v2\/posts"}],"about":[{"href":"https:\/\/novasdodia.com.br\/index.php\/wp-json\/wp\/v2\/types\/post"}],"author":[{"embeddable":true,"href":"https:\/\/novasdodia.com.br\/index.php\/wp-json\/wp\/v2\/users\/1"}],"replies":[{"embeddable":true,"href":"https:\/\/novasdodia.com.br\/index.php\/wp-json\/wp\/v2\/comments?post=4038"}],"version-history":[{"count":0,"href":"https:\/\/novasdodia.com.br\/index.php\/wp-json\/wp\/v2\/posts\/4038\/revisions"}],"wp:featuredmedia":[{"embeddable":true,"href":"https:\/\/novasdodia.com.br\/index.php\/wp-json\/wp\/v2\/media\/4039"}],"wp:attachment":[{"href":"https:\/\/novasdodia.com.br\/index.php\/wp-json\/wp\/v2\/media?parent=4038"}],"wp:term":[{"taxonomy":"category","embeddable":true,"href":"https:\/\/novasdodia.com.br\/index.php\/wp-json\/wp\/v2\/categories?post=4038"},{"taxonomy":"post_tag","embeddable":true,"href":"https:\/\/novasdodia.com.br\/index.php\/wp-json\/wp\/v2\/tags?post=4038"}],"curies":[{"name":"wp","href":"https:\/\/api.w.org\/{rel}","templated":true}]}}