{"id":40426,"date":"2025-07-25T17:45:17","date_gmt":"2025-07-25T20:45:17","guid":{"rendered":"https:\/\/novasdodia.com.br\/index.php\/2025\/07\/25\/capacitacao-em-turismo-levou-participantes-a-descobrirem-campo-grande-cgnoticias\/"},"modified":"2025-07-25T17:45:17","modified_gmt":"2025-07-25T20:45:17","slug":"capacitacao-em-turismo-levou-participantes-a-descobrirem-campo-grande-cgnoticias","status":"publish","type":"post","link":"https:\/\/novasdodia.com.br\/index.php\/2025\/07\/25\/capacitacao-em-turismo-levou-participantes-a-descobrirem-campo-grande-cgnoticias\/","title":{"rendered":"Capacita\u00e7\u00e3o em turismo levou participantes a descobrirem Campo Grande \u2013 CGNot\u00edcias"},"content":{"rendered":"<p><\/p>\n<div>\n<p>Voc\u00ea j\u00e1 parou para pensar em quantas hist\u00f3rias, belezas naturais e atrativos culturais est\u00e3o espalhados por Campo Grande? Muitas vezes passamos por esses lugares e nem paramos para pensar o tanto de riqueza cultural existe ali. A Prefeitura Municipal, por meio da Secretaria de Meio Ambiente, Gest\u00e3o Urbana e Desenvolvimento Econ\u00f4mico, Tur\u00edstico e Sustent\u00e1vel (Semades) promoveu nesta quinta-feira (24) a primeira edi\u00e7\u00e3o do projeto \u201cCapacita\u00e7\u00e3o em Turismo: Descubra Campo Grande\u201d \u2014 uma oportunidade \u00fanica para redescobrir a Capital com novos olhos.<\/p>\n<p>Servidora da Casa de Cultura, Angina Silverina da Silva Menezes, contou que aprendeu um monte de coisa nova e est\u00e1 preparada para compartilhar o conhecimento. \u201cAcredito que atrav\u00e9s desse curso vou poder ajudar os visitantes a descobrir pontos maravilhosos que existem em Campo Grande. Eu mesmo moro aqui h\u00e1 26 anos e muitos lugares eu n\u00e3o conhecia\u201d.<\/p>\n<p>A tamb\u00e9m participante do curso Rafaela Alves dos Santos ficou encantada com o nome de Cidade Morena. \u201cEu n\u00e3o sabia que Campo Grande era conhecida como cidade morena por causa da terra vermelha. Ent\u00e3o \u00e9 muito importante a gente conhecer a nossa cultura\u201d, disse.<\/p>\n<p>Al\u00e9m de apresentar os atrativos tur\u00edsticos, culturais, hist\u00f3ricos e naturais de Campo Grande, a capacita\u00e7\u00e3o prop\u00f4s uma imers\u00e3o no sentimento de pertencimento e cuidado com a cidade, valorizando o turismo como ferramenta de desenvolvimento sustent\u00e1vel e promo\u00e7\u00e3o da cidadania.<\/p>\n<figure class=\"wp-block-image size-large\"><\/figure>\n<p>Para o secret\u00e1rio municipal de Meio Ambiente, Gest\u00e3o Urbana e Desenvolvimento Econ\u00f4mico, Tur\u00edstico e Sustent\u00e1vel (Semades), Ademar Silva Jr., a iniciativa desperta o olhar para o que temos de melhor. \u201cN\u00e3o \u00e9 apenas para quem j\u00e1 atua no setor do turismo, mas para toda a popula\u00e7\u00e3o que ama essa terra e quer v\u00ea-la crescer. Campo Grande \u00e9 uma cidade rica em hist\u00f3ria, cultura e belezas naturais. Muitas vezes, o que \u00e9 nosso passa despercebido e o projeto \u2018Descubra Campo Grande\u2019 veio mudar isso\u201d, disse<\/p>\n<p>O evento foi voltado para trabalhadores do setor tur\u00edstico, estudantes e tamb\u00e9m para toda a pessoa que quisesse conhecer melhor a cidade.<\/p>\n<\/div>\n<p><script async defer async defer src=\"https:\/\/connect.facebook.net\/en_US\/sdk.js?ver=1#xfbml=1&amp;version=v3.2\" id=\"prefeitura-campogrande-script-facebook-sdk-js\"><\/script><\/p>\n","protected":false},"excerpt":{"rendered":"<p>Voc\u00ea j\u00e1 parou para pensar em quantas hist\u00f3rias, belezas naturais e atrativos culturais est\u00e3o espalhados por Campo Grande? Muitas vezes passamos por esses lugares e nem paramos para pensar o tanto de riqueza cultural existe ali. A Prefeitura Municipal, por meio da Secretaria de Meio Ambiente, Gest\u00e3o Urbana e Desenvolvimento Econ\u00f4mico, Tur\u00edstico e Sustent\u00e1vel (Semades) [&hellip;]<\/p>\n","protected":false},"author":1,"featured_media":0,"comment_status":"","ping_status":"","sticky":false,"template":"","format":"standard","meta":{"footnotes":""},"categories":[],"tags":[],"class_list":["post-40426","post","type-post","status-publish","format-standard","hentry"],"amp_enabled":true,"_links":{"self":[{"href":"https:\/\/novasdodia.com.br\/index.php\/wp-json\/wp\/v2\/posts\/40426","targetHints":{"allow":["GET"]}}],"collection":[{"href":"https:\/\/novasdodia.com.br\/index.php\/wp-json\/wp\/v2\/posts"}],"about":[{"href":"https:\/\/novasdodia.com.br\/index.php\/wp-json\/wp\/v2\/types\/post"}],"author":[{"embeddable":true,"href":"https:\/\/novasdodia.com.br\/index.php\/wp-json\/wp\/v2\/users\/1"}],"replies":[{"embeddable":true,"href":"https:\/\/novasdodia.com.br\/index.php\/wp-json\/wp\/v2\/comments?post=40426"}],"version-history":[{"count":0,"href":"https:\/\/novasdodia.com.br\/index.php\/wp-json\/wp\/v2\/posts\/40426\/revisions"}],"wp:attachment":[{"href":"https:\/\/novasdodia.com.br\/index.php\/wp-json\/wp\/v2\/media?parent=40426"}],"wp:term":[{"taxonomy":"category","embeddable":true,"href":"https:\/\/novasdodia.com.br\/index.php\/wp-json\/wp\/v2\/categories?post=40426"},{"taxonomy":"post_tag","embeddable":true,"href":"https:\/\/novasdodia.com.br\/index.php\/wp-json\/wp\/v2\/tags?post=40426"}],"curies":[{"name":"wp","href":"https:\/\/api.w.org\/{rel}","templated":true}]}}