{"id":40459,"date":"2025-07-26T16:36:04","date_gmt":"2025-07-26T19:36:04","guid":{"rendered":"https:\/\/novasdodia.com.br\/index.php\/2025\/07\/26\/coordenadoria-promove-serie-de-atividades-para-fortalecer-os-direitos-das-mulheres-negras-na-capital\/"},"modified":"2025-07-26T16:36:04","modified_gmt":"2025-07-26T19:36:04","slug":"coordenadoria-promove-serie-de-atividades-para-fortalecer-os-direitos-das-mulheres-negras-na-capital","status":"publish","type":"post","link":"https:\/\/novasdodia.com.br\/index.php\/2025\/07\/26\/coordenadoria-promove-serie-de-atividades-para-fortalecer-os-direitos-das-mulheres-negras-na-capital\/","title":{"rendered":"Coordenadoria promove s\u00e9rie de atividades para fortalecer os direitos das mulheres negras na Capital"},"content":{"rendered":"<p><\/p>\n<div>\n<p>A Coordenadoria de Promo\u00e7\u00e3o da Igualdade Racial de Jo\u00e3o Pessoa realiza, a partir de segunda-feira (28), uma s\u00e9rie de atividades em escolas da rede municipal com o objetivo de fortalecer o protagonismo, a visibilidade e os direitos das mulheres negras. O projeto \u2018Mulheres Negras em Movimento: Julho de Vozes, Ra\u00edzes e Luta\u2019 segue at\u00e9 a quinta-feira (31) em quatro unidades educacionais.<\/p>\n<p>As a\u00e7\u00f5es afirmativas previstas no calend\u00e1rio buscam provocar encontros significativos entre a comunidade, a arte e as pol\u00edticas p\u00fablicas e ser\u00e3o desenvolvidas em parceria com a Secretaria de Educa\u00e7\u00e3o e Cultura, que tem Lucian Souza como presidente do Conselho de Promo\u00e7\u00e3o da Igualdade Racial. <\/p>\n<p>A programa\u00e7\u00e3o prev\u00ea rodas de conversas itinerantes; oficinas com tran\u00e7adeiras, conversas sobre autocuidado e valoriza\u00e7\u00e3o da est\u00e9tica negra; entre outras atividades.<\/p>\n<p>\u201cSer\u00e1 um ato simb\u00f3lico e pol\u00edtico de valoriza\u00e7\u00e3o da cultura negra, da hist\u00f3ria afro-brasileira e da pot\u00eancia das mulheres negras, para enriquecer as narrativas que celebram o 25 de Julho \u2013 Dia Internacional da Mulher Negra Latino-Americana e Caribenha, que inspira esse projeto\u201d, ressalta a coordenadora de Promo\u00e7\u00e3o da Igualdade Racial, Carla Uedler Moreira.<\/p>\n<figure class=\"wp-block-gallery has-nested-images columns-default is-cropped wp-block-gallery-1 is-layout-flex wp-block-gallery-is-layout-flex\">\n<figure class=\"wp-block-image size-full\"><\/figure>\n<\/figure>\n<p><strong>Calend\u00e1rio de atividades:<\/strong><\/p>\n<p>\u2022 28\/07 \u2013 EM Antonio Santos Coelho Neto, \u00e0s 9h<\/p>\n<p>\u2022 29\/07 \u2013 EM Zumbi dos Palmares, \u00e0s 14h<\/p>\n<p>\u2022 30\/07 \u2013 EM Padre Pedro Serrano, \u00e0s 14h<\/p>\n<p>\u2022 31\/07 \u2013 EM Quilombola Ant\u00f4nia do Socorro Silva Machado, \u00e0s 14h<\/p>\n<p><strong>Confira a programa\u00e7\u00e3o:<\/strong><\/p>\n<p><strong>Rodas \u201cMulheres Negras Dizem\u201d<\/strong><\/p>\n<ul class=\"wp-block-list\">\n<li>Roda de conversa itinerante sobre identidade e viv\u00eancias negras.<\/li>\n<\/ul>\n<ul class=\"wp-block-list\">\n<li>Participa\u00e7\u00e3o direta dos alunos: protagonismo das alunas, que dialogar\u00e3o sobre suas viv\u00eancias e sonhos no contexto do \u2018Julho das Pretas\u2019.<\/li>\n<li>Haver\u00e1 a participa\u00e7\u00e3o de outras mulheres negras convidadas para enriquecer o di\u00e1logo: Adelhya Gomes, gerente da Secretaria de Sa\u00fade da Popula\u00e7\u00e3o Negra do Governo do Estado, professora de Dan\u00e7a Afro e Pr\u00e1ticas de Cuidado Integral da mulher negra.<\/li>\n<li>Participa\u00e7\u00e3o da Secretaria Extraordin\u00e1ria de Pol\u00edticas P\u00fablicas para as Mulheres de Jo\u00e3o Pessoa com informa\u00e7\u00f5es sobre quest\u00f5es de g\u00eanero e suas interseccionalidades, atrav\u00e9s de atividades l\u00fadicas.<\/li>\n<li>Participa\u00e7\u00e3o de Erika Santos, empreendedora na Casa do Ax\u00e9, ganhadora do pr\u00eamio ExpoFavela que a levou para Paris representando a Para\u00edba.<\/li>\n<\/ul>\n<p><strong>Mutir\u00e3o de <\/strong><strong>t<\/strong><strong>ran\u00e7as e <\/strong><strong>a<\/strong><strong>utoestima<\/strong><\/p>\n<ul class=\"wp-block-list\">\n<li>Oficinas com tran\u00e7adeiras, conversas sobre autocuidado e valoriza\u00e7\u00e3o da est\u00e9tica negra.<\/li>\n<li>Participa\u00e7\u00e3o de Jake Furtado, pedagoga e trancista na Jake Furtado Afro Hair, que trar\u00e1 a quest\u00e3o do empoderamento das mulheres negras.<\/li>\n<\/ul><\/div>\n","protected":false},"excerpt":{"rendered":"<p>A Coordenadoria de Promo\u00e7\u00e3o da Igualdade Racial de Jo\u00e3o Pessoa realiza, a partir de segunda-feira (28), uma s\u00e9rie de atividades em escolas da rede municipal com o objetivo de fortalecer o protagonismo, a visibilidade e os direitos das mulheres negras. O projeto \u2018Mulheres Negras em Movimento: Julho de Vozes, Ra\u00edzes e Luta\u2019 segue at\u00e9 a [&hellip;]<\/p>\n","protected":false},"author":1,"featured_media":0,"comment_status":"","ping_status":"","sticky":false,"template":"","format":"standard","meta":{"footnotes":""},"categories":[1],"tags":[],"class_list":["post-40459","post","type-post","status-publish","format-standard","hentry","category-noticias"],"amp_enabled":true,"_links":{"self":[{"href":"https:\/\/novasdodia.com.br\/index.php\/wp-json\/wp\/v2\/posts\/40459","targetHints":{"allow":["GET"]}}],"collection":[{"href":"https:\/\/novasdodia.com.br\/index.php\/wp-json\/wp\/v2\/posts"}],"about":[{"href":"https:\/\/novasdodia.com.br\/index.php\/wp-json\/wp\/v2\/types\/post"}],"author":[{"embeddable":true,"href":"https:\/\/novasdodia.com.br\/index.php\/wp-json\/wp\/v2\/users\/1"}],"replies":[{"embeddable":true,"href":"https:\/\/novasdodia.com.br\/index.php\/wp-json\/wp\/v2\/comments?post=40459"}],"version-history":[{"count":0,"href":"https:\/\/novasdodia.com.br\/index.php\/wp-json\/wp\/v2\/posts\/40459\/revisions"}],"wp:attachment":[{"href":"https:\/\/novasdodia.com.br\/index.php\/wp-json\/wp\/v2\/media?parent=40459"}],"wp:term":[{"taxonomy":"category","embeddable":true,"href":"https:\/\/novasdodia.com.br\/index.php\/wp-json\/wp\/v2\/categories?post=40459"},{"taxonomy":"post_tag","embeddable":true,"href":"https:\/\/novasdodia.com.br\/index.php\/wp-json\/wp\/v2\/tags?post=40459"}],"curies":[{"name":"wp","href":"https:\/\/api.w.org\/{rel}","templated":true}]}}