{"id":40475,"date":"2025-07-27T04:31:08","date_gmt":"2025-07-27T07:31:08","guid":{"rendered":"https:\/\/novasdodia.com.br\/index.php\/2025\/07\/27\/agencia-minas-gerais-passaporte-mineiro-do-conhecimento-estudantes-da-rede-publica-iniciam-intercambio-internacional-em-projeto-do-governo-de-minas\/"},"modified":"2025-07-27T04:31:08","modified_gmt":"2025-07-27T07:31:08","slug":"agencia-minas-gerais-passaporte-mineiro-do-conhecimento-estudantes-da-rede-publica-iniciam-intercambio-internacional-em-projeto-do-governo-de-minas","status":"publish","type":"post","link":"https:\/\/novasdodia.com.br\/index.php\/2025\/07\/27\/agencia-minas-gerais-passaporte-mineiro-do-conhecimento-estudantes-da-rede-publica-iniciam-intercambio-internacional-em-projeto-do-governo-de-minas\/","title":{"rendered":"Ag\u00eancia Minas Gerais | Passaporte Mineiro do Conhecimento: estudantes da rede p\u00fablica iniciam interc\u00e2mbio internacional em projeto do Governo de Minas"},"content":{"rendered":"<p><\/p>\n<div>\n<section class=\"news-related \/ col-md-4 col-lg-3 \/ margin-md-bottom-2 margin-left-1 \/ pull-right \/ hidden-xs hidden-sm\">\n<header>\n<p class=\"text-title-section \/ margin-bottom-1\">Relacionadas<\/p>\n<\/header>\n<p>\t\t\t\t\t\t\t<main><\/p>\n<hr class=\"row margin-md-bottom-2\"\/>\n<hr class=\"row margin-md-bottom-2\"\/>\n\t\t\t\t\t\t\t<\/main><br \/>\n\t\t\t\t\t\t<\/section>\n<p>Novos\u00a0estudantes selecionados da primeira edi\u00e7\u00e3o do Passaporte Mineiro do Conhecimento j\u00e1 est\u00e3o com o p\u00e9 no avi\u00e3o e o cora\u00e7\u00e3o cheio de expectativa. Na noite de\u00a0quinta-feira (24\/7), tr\u00eas alunos da rede p\u00fablica estadual embarcaram rumo ao Chile, onde v\u00e3o cursar o 2\u00ba ano do ensino m\u00e9dio com todas as despesas custeadas pelo Governo de Minas.<\/p>\n<p>Ana Oliveira, da Escola Estadual\u00a0Alfredo do Carmo (Amparo do Serra), David Veloso, da E.E. Presidente Tancredo Neves (Belo Oriente), e Kleber Barboza, da E.E. Professor Il\u00eddio Alves de Carvalho (S\u00e3o Sebasti\u00e3o do Anta), s\u00e3o os primeiros, de um novo grupo no total de 107 jovens de 57 munic\u00edpios mineiros, a iniciarem a jornada internacional neste segundo semestre.<\/p>\n<p>\u00a0<\/p>\n<table align=\"center\" border=\"0\" cellpadding=\"1\" cellspacing=\"1\" style=\"width: 70%;\">&#13;<\/p>\n<tbody>&#13;<\/p>\n<tr>&#13;<\/p>\n<td colspan=\"5\" style=\"text-align: center; vertical-align: middle;\">&#13;<\/p>\n<p style=\"text-align:center\">\n<p>&#13;\n\t\t\t<\/td>\n<p>&#13;<br \/>\n\t\t<\/tr>\n<p>&#13;<\/p>\n<tr>&#13;<\/p>\n<td style=\"text-align: center; vertical-align: middle;\">\u00a0<\/td>\n<p>&#13;<\/p>\n<td colspan=\"3\" rowspan=\"3\" style=\"text-align: center; vertical-align: middle;\">&#13;<br \/>\n\t\t\t&#13;\n\t\t\t<\/td>\n<p>&#13;<\/p>\n<td style=\"text-align: center; vertical-align: middle;\">\u00a0<\/td>\n<p>&#13;<br \/>\n\t\t<\/tr>\n<p>&#13;<\/p>\n<tr>&#13;<\/p>\n<td style=\"text-align: center; vertical-align: middle;\">\u00a0<\/td>\n<p>&#13;<\/p>\n<td style=\"text-align: center; vertical-align: middle;\">\u00a0<\/td>\n<p>&#13;<br \/>\n\t\t<\/tr>\n<p>&#13;<\/p>\n<tr>&#13;<\/p>\n<td style=\"text-align: center; vertical-align: middle;\">\u00a0<\/td>\n<p>&#13;<\/p>\n<td style=\"text-align: center; vertical-align: middle;\">\u00a0<\/td>\n<p>&#13;<br \/>\n\t\t<\/tr>\n<p>&#13;<\/p>\n<tr>&#13;<\/p>\n<td colspan=\"5\" style=\"text-align: center; vertical-align: middle;\">&#13;<\/p>\n<p style=\"text-align:center\">\n<p>&#13;\n\t\t\t<\/td>\n<p>&#13;<br \/>\n\t\t<\/tr>\n<p>&#13;<br \/>\n\t<\/tbody>\n<p>&#13;<br \/>\n<\/table>\n<p>\u00a0<\/p>\n<p>&#13;<br \/>\nRepresentando diferentes regi\u00f5es do estado, os estudantes levaram na bagagem o orgulho de fazer parte da rede p\u00fablica e o sonho de viver uma experi\u00eancia transformadora. Outros 40 alunos de escolas estaduais de Ibirit\u00e9, j\u00e1 haviam iniciado o embarque em janeiro e hoje estudam em diversos pa\u00edses.<br \/>&#13;<br \/>\n\u00a0<\/p>\n<p>\u00a0<\/p>\n<table align=\"center\" border=\"0\" cellpadding=\"1\" cellspacing=\"1\" style=\"width: 100%;\">&#13;<\/p>\n<tbody>&#13;<\/p>\n<tr>&#13;<\/p>\n<td colspan=\"5\" style=\"text-align: center; vertical-align: middle;\">&#13;<\/p>\n<p style=\"text-align:center\">\n<p>&#13;\n\t\t\t<\/td>\n<p>&#13;<br \/>\n\t\t<\/tr>\n<p>&#13;<\/p>\n<tr>&#13;<\/p>\n<td style=\"text-align: center; vertical-align: middle;\">\u00a0<\/td>\n<p>&#13;<\/p>\n<td colspan=\"3\" rowspan=\"3\" style=\"text-align: center; vertical-align: middle;\">&#13;<br \/>\n\t\t\t&#13;\n\t\t\t<\/td>\n<p>&#13;<\/p>\n<td style=\"text-align: center; vertical-align: middle;\">\u00a0<\/td>\n<p>&#13;<br \/>\n\t\t<\/tr>\n<p>&#13;<\/p>\n<tr>&#13;<\/p>\n<td style=\"text-align: center; vertical-align: middle;\">\u00a0<\/td>\n<p>&#13;<\/p>\n<td style=\"text-align: center; vertical-align: middle;\">\u00a0<\/td>\n<p>&#13;<br \/>\n\t\t<\/tr>\n<p>&#13;<\/p>\n<tr>&#13;<\/p>\n<td style=\"text-align: center; vertical-align: middle;\">\u00a0<\/td>\n<p>&#13;<\/p>\n<td style=\"text-align: center; vertical-align: middle;\">\u00a0<\/td>\n<p>&#13;<br \/>\n\t\t<\/tr>\n<p>&#13;<\/p>\n<tr>&#13;<\/p>\n<td colspan=\"5\" style=\"text-align: center; vertical-align: middle;\">&#13;<\/p>\n<p style=\"text-align:center\">\n<p>&#13;\n\t\t\t<\/td>\n<p>&#13;<br \/>\n\t\t<\/tr>\n<p>&#13;<br \/>\n\t<\/tbody>\n<p>&#13;<br \/>\n<\/table>\n<p>\u00a0<\/p>\n<p>O projeto cobre todos os custos da experi\u00eancia: passagens, vistos, passaporte, seguro sa\u00fade, hospedagem, taxas escolares e ajuda de custo. Os embarques seguem de forma escalonada, com suporte da Secretaria de Estado de Educa\u00e7\u00e3o (SEE\/MG) e da Funda\u00e7\u00e3o Helena Antipoff (FHA), garantindo uma transi\u00e7\u00e3o segura e bem acompanhada para os estudantes.<\/p>\n<p><strong>Jornada transformadora<\/strong><\/p>\n<p>Mais do que um interc\u00e2mbio, o Passaporte Mineiro do Conhecimento promove uma forma\u00e7\u00e3o integral. Ao vivenciar novas culturas e idiomas, os estudantes ampliam horizontes, desenvolvem compet\u00eancias socioemocionais e fortalecem a empatia, a autonomia e o pensamento cr\u00edtico.<\/p>\n<p>Para Kleber, de 17 anos, a viagem \u00e9 a realiza\u00e7\u00e3o de um sonho. \u201cDesde o come\u00e7o do projeto, percebi que essa oportunidade que o Governo de Minas deu pra gente era algo que eu nem imaginava viver um dia. Um interc\u00e2mbio, a chance de conhecer uma nova cultura, novas pessoas, uma nova culin\u00e1ria e ainda levar um pouco de Minas pra l\u00e1\u201d, conta o estudante.<\/p>\n<p>A sele\u00e7\u00e3o dos participantes foi criteriosa, considerando desempenho escolar, engajamento social e perfil de lideran\u00e7a. Todos passaram por uma Trilha Formativa, com palestras e oficinas baseadas nos 17 Objetivos de Desenvolvimento Sustent\u00e1vel (ODS) da ONU.<\/p>\n<p>Os destinos incluem pa\u00edses como Canad\u00e1, Alemanha, Su\u00ed\u00e7a, Austr\u00e1lia, Jap\u00e3o, Costa Rica, \u00c1frica do Sul, entre outros.<\/p>\n<p><strong>Investimento para a juventude mineira<\/strong><\/p>\n<p>Em 2024, o Passaporte Mineiro do Conhecimento foi ampliado. A iniciativa, pioneira no pa\u00eds em abrang\u00eancia e impacto social, garante interc\u00e2mbio internacional gratuito para estudantes da rede estadual de escolas de Ensino M\u00e9dio em Tempo Integral (EMTI).<\/p>\n<p>Na primeira edi\u00e7\u00e3o, lan\u00e7ada no ano passado, quase 150 alunos foram contemplados, com um investimento de R$ 26 milh\u00f5es. A a\u00e7\u00e3o refor\u00e7a o compromisso do Governo de Minas com uma educa\u00e7\u00e3o p\u00fablica de qualidade e com a cria\u00e7\u00e3o de oportunidades que transformam vidas. A segunda edi\u00e7\u00e3o do projeto j\u00e1 est\u00e1 em andamento e prev\u00ea a concess\u00e3o de outras 150 bolsas para estudantes do EMTI em 2026.<\/p>\n<\/p><\/div>\n","protected":false},"excerpt":{"rendered":"<p>Relacionadas Novos\u00a0estudantes selecionados da primeira edi\u00e7\u00e3o do Passaporte Mineiro do Conhecimento j\u00e1 est\u00e3o com o p\u00e9 no avi\u00e3o e o cora\u00e7\u00e3o cheio de expectativa. Na noite de\u00a0quinta-feira (24\/7), tr\u00eas alunos da rede p\u00fablica estadual embarcaram rumo ao Chile, onde v\u00e3o cursar o 2\u00ba ano do ensino m\u00e9dio com todas as despesas custeadas pelo Governo de [&hellip;]<\/p>\n","protected":false},"author":1,"featured_media":0,"comment_status":"","ping_status":"","sticky":false,"template":"","format":"standard","meta":{"footnotes":""},"categories":[1],"tags":[],"class_list":["post-40475","post","type-post","status-publish","format-standard","hentry","category-noticias"],"amp_enabled":true,"_links":{"self":[{"href":"https:\/\/novasdodia.com.br\/index.php\/wp-json\/wp\/v2\/posts\/40475","targetHints":{"allow":["GET"]}}],"collection":[{"href":"https:\/\/novasdodia.com.br\/index.php\/wp-json\/wp\/v2\/posts"}],"about":[{"href":"https:\/\/novasdodia.com.br\/index.php\/wp-json\/wp\/v2\/types\/post"}],"author":[{"embeddable":true,"href":"https:\/\/novasdodia.com.br\/index.php\/wp-json\/wp\/v2\/users\/1"}],"replies":[{"embeddable":true,"href":"https:\/\/novasdodia.com.br\/index.php\/wp-json\/wp\/v2\/comments?post=40475"}],"version-history":[{"count":0,"href":"https:\/\/novasdodia.com.br\/index.php\/wp-json\/wp\/v2\/posts\/40475\/revisions"}],"wp:attachment":[{"href":"https:\/\/novasdodia.com.br\/index.php\/wp-json\/wp\/v2\/media?parent=40475"}],"wp:term":[{"taxonomy":"category","embeddable":true,"href":"https:\/\/novasdodia.com.br\/index.php\/wp-json\/wp\/v2\/categories?post=40475"},{"taxonomy":"post_tag","embeddable":true,"href":"https:\/\/novasdodia.com.br\/index.php\/wp-json\/wp\/v2\/tags?post=40475"}],"curies":[{"name":"wp","href":"https:\/\/api.w.org\/{rel}","templated":true}]}}