{"id":40547,"date":"2025-07-29T04:11:10","date_gmt":"2025-07-29T07:11:10","guid":{"rendered":"https:\/\/novasdodia.com.br\/index.php\/2025\/07\/29\/agencia-minas-gerais-mao-de-obra-de-custodiados-do-presidio-de-almenara-e-utilizada-para-realizacao-de-reformas-estruturais-na-unidade\/"},"modified":"2025-07-29T04:11:10","modified_gmt":"2025-07-29T07:11:10","slug":"agencia-minas-gerais-mao-de-obra-de-custodiados-do-presidio-de-almenara-e-utilizada-para-realizacao-de-reformas-estruturais-na-unidade","status":"publish","type":"post","link":"https:\/\/novasdodia.com.br\/index.php\/2025\/07\/29\/agencia-minas-gerais-mao-de-obra-de-custodiados-do-presidio-de-almenara-e-utilizada-para-realizacao-de-reformas-estruturais-na-unidade\/","title":{"rendered":"Ag\u00eancia Minas Gerais | M\u00e3o de obra de custodiados do Pres\u00eddio de Almenara \u00e9 utilizada\u00a0para realiza\u00e7\u00e3o de reformas estruturais na unidade"},"content":{"rendered":"<p><\/p>\n<div>\n<p>O Pres\u00eddio de Almenara, no Vale do Jequitinhonha, est\u00e1 passando por reformas infraestruturais com m\u00e3o de obra de custodiados no processo de remi\u00e7\u00e3o por trabalho. A iniciativa, que inclui a manuten\u00e7\u00e3o e constru\u00e7\u00e3o de novas \u00e1reas dentro da unidade prisional, visa proporcionar um ambiente mais seguro\u00a0para todos e d\u00e1 a oportunidade de adquirir uma nova qualifica\u00e7\u00e3o profissional aos detentos participantes.<\/p>\n<p>Al\u00e9m disso, o Pres\u00eddio de Almenara conta com diversas a\u00e7\u00f5es de ressocializa\u00e7\u00e3o, tendo educa\u00e7\u00e3o, trabalho, sa\u00fade e humaniza\u00e7\u00e3o como foco em suas abordagens. Uma das atividades not\u00e1veis \u00e9 o projeto\u00a0Cultivando a Liberdade, no qual os presos trabalham em conjunto no cultivo de uma horta. Os alimentos, quando colhidos, s\u00e3o revertidos em doa\u00e7\u00f5es para escolas, hospitais e casas de acolhimento, o que estreita os la\u00e7os entre a unidade e a comunidade local.\u00a0<\/p>\n<p>Visando a educa\u00e7\u00e3o, a unidade prisional tamb\u00e9m mant\u00e9m ativamente cerca de 20 presos no processo de remi\u00e7\u00e3o por leitura, que coloca o ato de ler como ve\u00edculo para redu\u00e7\u00e3o de pena, incentivando o estudo entre os indiv\u00edduos sob cust\u00f3dia. Com participa\u00e7\u00e3o ativa nos processos educativos, o Pres\u00eddio de Almenara registrou o cadastro de 15 detentos no Exame Nacional para Certifica\u00e7\u00e3o de Compet\u00eancias de Jovens e Adultos para Pessoas Privadas de Liberdade (Encceja PPL) 2025, e contou com a participa\u00e7\u00e3o de 20 inscritos no Exame Nacional do Ensino M\u00e9dio (Enem), em 2024.\u00a0<\/p>\n<p>O secret\u00e1rio de Estado de Justi\u00e7a e Seguran\u00e7a P\u00fablica, Rog\u00e9rio Greco, destaca a import\u00e2ncia das medidas de ressocializa\u00e7\u00e3o pelo trabalho e pelo estudo. \u201cO Governo de Minas se empenha para que, ao deixar a pris\u00e3o, o preso tenha uma profiss\u00e3o a seguir, tendo como se sustentar pelo pr\u00f3prio trabalho, de fato recuperado para o conv\u00edvio social\u201d, afirma.<\/p>\n<p>Para o diretor-geral do Pres\u00eddio de Almenara, Renato Ruas, a ressocializa\u00e7\u00e3o \u00e9 um pilar fundamental para evitar a reincid\u00eancia dos indiv\u00edduos egressos. \u201cMais do que um local de cumprimento de pena, o pres\u00eddio deve ser um ambiente prop\u00edcio \u00e0 transforma\u00e7\u00e3o, onde a dignidade humana seja preservada e as oportunidades de reintegra\u00e7\u00e3o social sejam fomentadas\u201d, disse.\u00a0<\/p>\n<p>Ao focar nesses pilares, o Pres\u00eddio de Almenara pavimenta o caminho para ser um modelo de reintegra\u00e7\u00e3o social, beneficiando toda a sua comunidade local e evidenciando o compromisso do Departamento Penitenci\u00e1rio de Minas Gerais (Depen-MG) com a constru\u00e7\u00e3o de novos caminhos dentro do sistema prisional.\u00a0<\/p>\n<p>\u00a0<\/p>\n<p>\u00a0<\/p>\n<\/p><\/div>\n","protected":false},"excerpt":{"rendered":"<p>O Pres\u00eddio de Almenara, no Vale do Jequitinhonha, est\u00e1 passando por reformas infraestruturais com m\u00e3o de obra de custodiados no processo de remi\u00e7\u00e3o por trabalho. A iniciativa, que inclui a manuten\u00e7\u00e3o e constru\u00e7\u00e3o de novas \u00e1reas dentro da unidade prisional, visa proporcionar um ambiente mais seguro\u00a0para todos e d\u00e1 a oportunidade de adquirir uma nova [&hellip;]<\/p>\n","protected":false},"author":1,"featured_media":0,"comment_status":"","ping_status":"","sticky":false,"template":"","format":"standard","meta":{"footnotes":""},"categories":[1],"tags":[],"class_list":["post-40547","post","type-post","status-publish","format-standard","hentry","category-noticias"],"amp_enabled":true,"_links":{"self":[{"href":"https:\/\/novasdodia.com.br\/index.php\/wp-json\/wp\/v2\/posts\/40547","targetHints":{"allow":["GET"]}}],"collection":[{"href":"https:\/\/novasdodia.com.br\/index.php\/wp-json\/wp\/v2\/posts"}],"about":[{"href":"https:\/\/novasdodia.com.br\/index.php\/wp-json\/wp\/v2\/types\/post"}],"author":[{"embeddable":true,"href":"https:\/\/novasdodia.com.br\/index.php\/wp-json\/wp\/v2\/users\/1"}],"replies":[{"embeddable":true,"href":"https:\/\/novasdodia.com.br\/index.php\/wp-json\/wp\/v2\/comments?post=40547"}],"version-history":[{"count":0,"href":"https:\/\/novasdodia.com.br\/index.php\/wp-json\/wp\/v2\/posts\/40547\/revisions"}],"wp:attachment":[{"href":"https:\/\/novasdodia.com.br\/index.php\/wp-json\/wp\/v2\/media?parent=40547"}],"wp:term":[{"taxonomy":"category","embeddable":true,"href":"https:\/\/novasdodia.com.br\/index.php\/wp-json\/wp\/v2\/categories?post=40547"},{"taxonomy":"post_tag","embeddable":true,"href":"https:\/\/novasdodia.com.br\/index.php\/wp-json\/wp\/v2\/tags?post=40547"}],"curies":[{"name":"wp","href":"https:\/\/api.w.org\/{rel}","templated":true}]}}