{"id":40587,"date":"2025-07-29T23:54:11","date_gmt":"2025-07-30T02:54:11","guid":{"rendered":"https:\/\/novasdodia.com.br\/index.php\/2025\/07\/29\/vigilancia-por-cameras-em-sp-e-pouco-eficaz-diz-estudo-agencia-brasil\/"},"modified":"2025-07-29T23:54:11","modified_gmt":"2025-07-30T02:54:11","slug":"vigilancia-por-cameras-em-sp-e-pouco-eficaz-diz-estudo-agencia-brasil","status":"publish","type":"post","link":"https:\/\/novasdodia.com.br\/index.php\/2025\/07\/29\/vigilancia-por-cameras-em-sp-e-pouco-eficaz-diz-estudo-agencia-brasil\/","title":{"rendered":"Vigil\u00e2ncia por c\u00e2meras em SP \u00e9 pouco eficaz, diz estudo| Ag\u00eancia Brasil"},"content":{"rendered":"<p> Por MRNews<br \/>\n<\/p>\n<div wp_automatic_readability=\"101.58528148855\">\n<p><strong>Estudo realizado pelo Centro de Estudos de Seguran\u00e7a e Cidadania avaliou o impacto do programa Smart Sampa, de monitoramento e vigil\u00e2ncia por meio de c\u00e2meras nas ruas da cidade de S\u00e3o Paulo. De acordo com o estudo, o programa n\u00e3o impactou de forma significativa nos \u00edndices de seguran\u00e7a p\u00fablica.\u00a0<\/strong><\/p>\n<p>O <strong>estudo avaliou tr\u00eas indicadores de criminalidade (furtos, roubos e homic\u00eddios) e\u00a0dois de produtividade policial <\/strong>(pris\u00f5es por flagrante e por mandado).\u00a0<\/p>\n<p>Conforme a an\u00e1lise, n\u00e3o houve altera\u00e7\u00e3o nos \u00edndices\u00a0em rela\u00e7\u00e3o a outras cidades do estado. O estudo conclui que o programa \u00e9 caro e ineficaz.<\/p>\n<p><strong><a href=\"https:\/\/mrnews.com.br\/index.php\/2025\/07\/29\/apos-tarifaco-dos-eua-madeireira-catarinense-anuncia-ferias-coletivas\/\">Ap\u00f3s tarifa\u00e7o dos EUA, madeireira catarinense anuncia f\u00e9rias coletivas<\/a><\/strong><\/p>\n<p><strong><a href=\"https:\/\/mrnews.com.br\/index.php\/2025\/07\/29\/morre-wadih-mutran-ex-vereador-da-cidade-de-sao-paulo\/\">Morre Wadih Mutran, ex-vereador da cidade de S\u00e3o Paulo<\/a><\/strong><\/p>\n<p><strong>Embora constantemente divulgado pelo prefeito de S\u00e3o Paulo, Ricardo Nunes, o programa, que integra c\u00e2meras da prefeitura e particulares em uma rede com dezenas de milhares de pontos de observa\u00e7\u00e3o, monitorados em uma central de vigil\u00e2ncia terceirizado, n\u00e3o representou melhora percept\u00edvel pelos c\u00e1lculos em nenhum dos \u00edndices.<\/strong><\/p>\n<p>Avaliado em dois m\u00e9todos, o Difference-in-Differences e o event-study, como maneira de evitar falhas e dubiedade nas an\u00e1lises, o estudo comparou estat\u00edsticas criminais em delegacias nas regi\u00f5es em que h\u00e1 ades\u00e3o ao programa com as de delegacias de regi\u00f5es em que isso n\u00e3o ocorre, usadas como popula\u00e7\u00e3o de controle.<\/p>\n<p>Os \u00edndices retratados j\u00e1 tinham din\u00e2micas pr\u00f3prias, de queda ou aumento, que foram mantidas em rela\u00e7\u00e3o \u00e0s demais localidades, de acordo com o centro de estudos.<\/p>\n<blockquote wp_automatic_readability=\"11.074157303371\">\n<p>\u201cA aus\u00eancia de impacto mensur\u00e1vel, mesmo ap\u00f3s um ano de opera\u00e7\u00e3o e com uso massivo de recursos p\u00fablicos e agentes de seguran\u00e7a, sugere que o reconhecimento facial tem sido mais eficaz como instrumento de propaganda pol\u00edtica do que como pol\u00edtica p\u00fablica baseada em evid\u00eancias\u201d, aponta o estudo.<\/p>\n<p><strong><a href=\"https:\/\/mrnews.com.br\/index.php\/2025\/07\/29\/possivel-reacao-do-brasil-a-tarifaco-pode-afetar-precos-de-remedios\/\">Poss\u00edvel rea\u00e7\u00e3o do Brasil a tarifa\u00e7o pode afetar pre\u00e7os de rem\u00e9dios<\/a><\/strong><\/p>\n<p><strong><a href=\"https:\/\/mrnews.com.br\/index.php\/2025\/07\/29\/dolar-cai-para-r-556-com-possivel-recuo-em-tarifaco-nos-eua\/\">D\u00f3lar cai para R$ 5,56 com poss\u00edvel recuo em tarifa\u00e7o nos EUA<\/a><\/strong><\/p>\n<\/blockquote>\n<p>Segundo a pesquisa, tamb\u00e9m houve casos de erros de identifica\u00e7\u00e3o documentados, que se somam a falta de regula\u00e7\u00e3o espec\u00edfica e ao hist\u00f3rico de vieses raciais associados a esse tipo de tecnologia, comp\u00f5e um quadro que imp\u00f5e preocupa\u00e7\u00f5es s\u00e9rias sobre o custo social do programa. \u00a0<\/p>\n<p><strong>\u201cEm um cen\u00e1rio de escassez or\u00e7ament\u00e1ria e servi\u00e7os p\u00fablicos precarizados, \u00e9 urgente reavaliar prioridades: a seguran\u00e7a p\u00fablica deve ser pensada a partir de pol\u00edticas eficazes, com base em evid\u00eancias e respeito aos direitos fundamentais, n\u00e3o em solu\u00e7\u00f5es tecnol\u00f3gicas que promovem vigil\u00e2ncia massiva sem resultados concretos\u201d, critica o CESEC.<\/strong><\/p>\n<h2>Prefeitura defende o programa<\/h2>\n<p>Procurada pela reportagem, a prefeitura se manifestou por meio de nota, na qual classificou as compara\u00e7\u00f5es realizadas no estudo como inadequadas e ligadas a uma metodologia falha, com conclus\u00f5es incorretas.<\/p>\n<p><strong>Segundo a prefeitura, o programa\u00a0trata\u00a0do maior sistema de monitoramento da Am\u00e9rica Latina, com mais de 31 mil c\u00e2meras, e seus resultados provam sua efic\u00e1cia, tais como a pris\u00e3o de quase 3.000 pessoas em flagrante, a captura de mais de 1.550 foragidos e a localiza\u00e7\u00e3o de cerca de 80 pessoas desaparecidas.<\/strong><\/p>\n<blockquote wp_automatic_readability=\"13\">\n<p><strong>\u201c<\/strong>Outra falha do m\u00e9todo de estudo \u00e9 comparar a capital com cidades do interior do Estado, que possuem realidade social, econ\u00f4mica e criminal diferente da capital S\u00e3o Paulo, uma metr\u00f3pole que corresponde sozinha a mais de 25% da popula\u00e7\u00e3o do Estado e tem PIB superior ao de pa\u00edses.<strong>\u00a0<\/strong>Os estudiosos falham tamb\u00e9m ao apresentar uma introdu\u00e7\u00e3o carregada de afirma\u00e7\u00f5es politizadas, sem qualquer respaldo nos dados analisados no pr\u00f3prio estudo ou em estat\u00edsticas e evid\u00eancias t\u00e9cnicas\u201d, destaca a nota.<\/p>\n<\/blockquote>\n<p>O estudo, dispon\u00edvel no <em>site<\/em> do CESEC, dedica dois anexos a quest\u00f5es t\u00e9cnicas.<\/p>\n<p>A prefeitura explicou ainda que o sistema paulistano valida os alertas com avalia\u00e7\u00e3o de agentes humanos, e que n\u00e3o h\u00e1 registro de pris\u00f5es incorretas em situa\u00e7\u00f5es de uso do sistema.<\/p>\n<p><strong>O sistema defende, tamb\u00e9m, apoia o\u00a0trabalho da Pol\u00edcia Civil, colaborando com 275 ocorr\u00eancias entre novembro de 2024 e maio deste ano.<\/strong><\/p>\n<\/div>\n","protected":false},"excerpt":{"rendered":"<p>Por MRNews Estudo realizado pelo Centro de Estudos de Seguran\u00e7a e Cidadania avaliou o impacto do programa Smart Sampa, de monitoramento e vigil\u00e2ncia por meio de c\u00e2meras nas ruas da cidade de S\u00e3o Paulo. De acordo com o estudo, o programa n\u00e3o impactou de forma significativa nos \u00edndices de seguran\u00e7a p\u00fablica.\u00a0 O estudo avaliou tr\u00eas [&hellip;]<\/p>\n","protected":false},"author":3,"featured_media":0,"comment_status":"","ping_status":"","sticky":false,"template":"","format":"standard","meta":{"footnotes":""},"categories":[1],"tags":[],"class_list":["post-40587","post","type-post","status-publish","format-standard","hentry","category-noticias"],"amp_enabled":true,"_links":{"self":[{"href":"https:\/\/novasdodia.com.br\/index.php\/wp-json\/wp\/v2\/posts\/40587","targetHints":{"allow":["GET"]}}],"collection":[{"href":"https:\/\/novasdodia.com.br\/index.php\/wp-json\/wp\/v2\/posts"}],"about":[{"href":"https:\/\/novasdodia.com.br\/index.php\/wp-json\/wp\/v2\/types\/post"}],"author":[{"embeddable":true,"href":"https:\/\/novasdodia.com.br\/index.php\/wp-json\/wp\/v2\/users\/3"}],"replies":[{"embeddable":true,"href":"https:\/\/novasdodia.com.br\/index.php\/wp-json\/wp\/v2\/comments?post=40587"}],"version-history":[{"count":0,"href":"https:\/\/novasdodia.com.br\/index.php\/wp-json\/wp\/v2\/posts\/40587\/revisions"}],"wp:attachment":[{"href":"https:\/\/novasdodia.com.br\/index.php\/wp-json\/wp\/v2\/media?parent=40587"}],"wp:term":[{"taxonomy":"category","embeddable":true,"href":"https:\/\/novasdodia.com.br\/index.php\/wp-json\/wp\/v2\/categories?post=40587"},{"taxonomy":"post_tag","embeddable":true,"href":"https:\/\/novasdodia.com.br\/index.php\/wp-json\/wp\/v2\/tags?post=40587"}],"curies":[{"name":"wp","href":"https:\/\/api.w.org\/{rel}","templated":true}]}}