{"id":40615,"date":"2025-07-30T13:53:13","date_gmt":"2025-07-30T16:53:13","guid":{"rendered":"https:\/\/novasdodia.com.br\/index.php\/2025\/07\/30\/chamamento-publico-para-revitalizacao-do-entorno-do-sambodromo-e-lancado-prefeitura-da-cidade-do-rio-de-janeiro\/"},"modified":"2025-07-30T13:53:13","modified_gmt":"2025-07-30T16:53:13","slug":"chamamento-publico-para-revitalizacao-do-entorno-do-sambodromo-e-lancado-prefeitura-da-cidade-do-rio-de-janeiro","status":"publish","type":"post","link":"https:\/\/novasdodia.com.br\/index.php\/2025\/07\/30\/chamamento-publico-para-revitalizacao-do-entorno-do-sambodromo-e-lancado-prefeitura-da-cidade-do-rio-de-janeiro\/","title":{"rendered":"Chamamento p\u00fablico para revitaliza\u00e7\u00e3o do entorno do Samb\u00f3dromo \u00e9 lan\u00e7ado &#8211; Prefeitura da Cidade do Rio de Janeiro"},"content":{"rendered":"<p><\/p>\n<div id=\"main\">\n<div class=\"wrapper-breadcrumbs\" wp_automatic_readability=\"31.051840126632\">\n<div class=\"image-post\" wp_automatic_readability=\"32\">\n                     Projeto prev\u00ea a constru\u00e7\u00e3o do Boulevard do Samba &#8211; Fabio Motta                  <\/div>\n<p>O chamamento p\u00fablico para o munic\u00edpio receber estudos relacionados \u00e0 derrubada do Viaduto 31 de Mar\u00e7o e \u00e0 constru\u00e7\u00e3o do Boulevard do Samba est\u00e1 publicado na edi\u00e7\u00e3o desta quarta-feira (30\/07) do Di\u00e1rio Oficial. A iniciativa busca atrair propostas que contribuam para a requalifica\u00e7\u00e3o e o desenvolvimento da \u00e1rea que abriga o Samb\u00f3dromo.<\/p>\n<p>O chamamento, liderado pela Secretaria Municipal de Desenvolvimento Econ\u00f4mico (SMDE), com apoio da Companhia Carioca de Parceria e Investimentos (CCPar), permitir\u00e1 que pessoas f\u00edsicas e jur\u00eddicas apresentem estudos t\u00e9cnicos, jur\u00eddicos e econ\u00f4mico-financeiros que auxiliem a Prefeitura no desenvolvimento de uma solu\u00e7\u00e3o urban\u00edstica integrada para a regi\u00e3o.<\/p>\n<blockquote wp_automatic_readability=\"9\">\n<p>\u2013 Esse \u00e9 mais um passo que estamos dando para revitalizar e valorizar ainda mais a regi\u00e3o central do Rio e o Samb\u00f3dromo, palco principal do Carnaval carioca \u2013 destaca Osmar Lima, secret\u00e1rio municipal de Desenvolvimento Econ\u00f4mico do Rio.<\/p>\n<\/blockquote>\n<p>Os estudos est\u00e3o divididos em dois grupos. O primeiro deles envolve o or\u00e7amento do valor da obra de demoli\u00e7\u00e3o e de uma nova solu\u00e7\u00e3o vi\u00e1ria para a regi\u00e3o, bem como estudos de tr\u00e1fego, levantamentos e sondagens, com valor de ressarcimento m\u00e1ximo de R$ 2 milh\u00f5es. O segundo grupo contempla a proposta de um modelo jur\u00eddico e financeiro para a viabiliza\u00e7\u00e3o de investimentos em requalifica\u00e7\u00e3o urbana, incluindo estudos de mercado, com ressarcimento de at\u00e9 R$ 1 milh\u00e3o.<\/p>\n<p>As propostas ser\u00e3o analisadas por uma comiss\u00e3o t\u00e9cnica indicada pela SMDE, que far\u00e1 a avalia\u00e7\u00e3o com base em crit\u00e9rios t\u00e9cnicos definidos no edital. Mais informa\u00e7\u00f5es est\u00e3o dispon\u00edveis no site www.ccpar.rio\/mapa\/cidadenova. D\u00favidas e requerimentos de autoriza\u00e7\u00e3o devem ser enviados para o e-mail pmi.cidadenova@ccpar.com.br.<\/p>\n<p>             <!-- Compartilhe ---><\/p>\n<p>\t\t\t <!-- TAGS --><\/p>\n<section class=\"category-tags\">\n<div class=\"marcacao-category\">\n<article class=\"category-post\">\n<p>Categoria: <\/p>\n<\/article>\n<li>30 de julho de 2025<\/li><\/div>\n<article class=\"tags\">\n\t\t\t\t\t\t\t\t\t<\/article>\n<\/section>\n<p>            <!-- Mais Not&iacute;cias --><\/p>\n<p>\t\t<!-- Conte&uacute;do SIDEBAR --><\/p><\/div>\n<\/p><\/div>\n","protected":false},"excerpt":{"rendered":"<p>Projeto prev\u00ea a constru\u00e7\u00e3o do Boulevard do Samba &#8211; Fabio Motta O chamamento p\u00fablico para o munic\u00edpio receber estudos relacionados \u00e0 derrubada do Viaduto 31 de Mar\u00e7o e \u00e0 constru\u00e7\u00e3o do Boulevard do Samba est\u00e1 publicado na edi\u00e7\u00e3o desta quarta-feira (30\/07) do Di\u00e1rio Oficial. A iniciativa busca atrair propostas que contribuam para a requalifica\u00e7\u00e3o e [&hellip;]<\/p>\n","protected":false},"author":1,"featured_media":0,"comment_status":"","ping_status":"","sticky":false,"template":"","format":"standard","meta":{"footnotes":""},"categories":[1],"tags":[],"class_list":["post-40615","post","type-post","status-publish","format-standard","hentry","category-noticias"],"amp_enabled":true,"_links":{"self":[{"href":"https:\/\/novasdodia.com.br\/index.php\/wp-json\/wp\/v2\/posts\/40615","targetHints":{"allow":["GET"]}}],"collection":[{"href":"https:\/\/novasdodia.com.br\/index.php\/wp-json\/wp\/v2\/posts"}],"about":[{"href":"https:\/\/novasdodia.com.br\/index.php\/wp-json\/wp\/v2\/types\/post"}],"author":[{"embeddable":true,"href":"https:\/\/novasdodia.com.br\/index.php\/wp-json\/wp\/v2\/users\/1"}],"replies":[{"embeddable":true,"href":"https:\/\/novasdodia.com.br\/index.php\/wp-json\/wp\/v2\/comments?post=40615"}],"version-history":[{"count":0,"href":"https:\/\/novasdodia.com.br\/index.php\/wp-json\/wp\/v2\/posts\/40615\/revisions"}],"wp:attachment":[{"href":"https:\/\/novasdodia.com.br\/index.php\/wp-json\/wp\/v2\/media?parent=40615"}],"wp:term":[{"taxonomy":"category","embeddable":true,"href":"https:\/\/novasdodia.com.br\/index.php\/wp-json\/wp\/v2\/categories?post=40615"},{"taxonomy":"post_tag","embeddable":true,"href":"https:\/\/novasdodia.com.br\/index.php\/wp-json\/wp\/v2\/tags?post=40615"}],"curies":[{"name":"wp","href":"https:\/\/api.w.org\/{rel}","templated":true}]}}