{"id":40704,"date":"2025-08-01T13:39:12","date_gmt":"2025-08-01T16:39:12","guid":{"rendered":"https:\/\/novasdodia.com.br\/index.php\/2025\/08\/01\/noite-da-seresta-retorna-com-show-de-wanderlea-e-revitalizacao-da-concha-cgnoticias\/"},"modified":"2025-08-01T13:39:12","modified_gmt":"2025-08-01T16:39:12","slug":"noite-da-seresta-retorna-com-show-de-wanderlea-e-revitalizacao-da-concha-cgnoticias","status":"publish","type":"post","link":"https:\/\/novasdodia.com.br\/index.php\/2025\/08\/01\/noite-da-seresta-retorna-com-show-de-wanderlea-e-revitalizacao-da-concha-cgnoticias\/","title":{"rendered":"Noite da Seresta retorna com show de Wanderl\u00e9a e revitaliza\u00e7\u00e3o da Concha \u2013 CGNot\u00edcias"},"content":{"rendered":"<p><\/p>\n<div>\n<p>Campo Grande se prepara para uma noite especial no dia 15 de agosto com o retorno da tradicional Noite da Seresta \u00e0 Pra\u00e7a do R\u00e1dio Clube. O evento, que integra a programa\u00e7\u00e3o de anivers\u00e1rio de 126 anos da cidade, \u00e9 gratuito e aberto a toda a fam\u00edlia.<\/p>\n<p>A programa\u00e7\u00e3o tem in\u00edcio \u00e0s 20h, com apresenta\u00e7\u00f5es de seresteiros locais, resgatando a atmosfera intimista e rom\u00e2ntica que marcou as primeiras edi\u00e7\u00f5es do evento. \u00c0s 21h, a cantora Wanderl\u00e9a sobe ao palco para interpretar os sucessos que a consagraram como um dos grandes nomes da Jovem Guarda.<\/p>\n<p>Na mesma noite, o p\u00fablico tamb\u00e9m poder\u00e1 conferir a entrega da revitaliza\u00e7\u00e3o da Concha Ac\u00fastica Fam\u00edlia Esp\u00edndola, um dos principais espa\u00e7os culturais da pra\u00e7a. A estrutura ganhou uma nova pintura art\u00edstica assinada pelo muralista Caio Green, em um trabalho patrocinado pela Velotex, que celebra 25 anos de atua\u00e7\u00e3o. O painel homenageia a biodiversidade pantaneira, com cores que representam o c\u00e9u, a terra, os rios e a flora da regi\u00e3o.<\/p>\n<p>A a\u00e7\u00e3o incluiu ainda a doa\u00e7\u00e3o de tintas para a pintura do entorno da pra\u00e7a, incluindo o parquinho e os meios-fios, refor\u00e7ando o compromisso com a valoriza\u00e7\u00e3o dos espa\u00e7os p\u00fablicos e da arte urbana local.<\/p>\n<p>\u201cA Noite da Seresta sempre teve um papel especial na vida cultural de Campo Grande, unindo gera\u00e7\u00f5es em torno da m\u00fasica e da mem\u00f3ria afetiva da cidade. Retomar este evento, agora com a Concha Ac\u00fastica revitalizada, \u00e9 um presente para todos os campo-grandenses\u201d, destaca o secret\u00e1rio municipal de Cultura e Turismo, Valdir Gomes.<\/p>\n<p>A Noite da Seresta \u00e9 lembrada com carinho pelos campo-grandenses que frequentaram suas edi\u00e7\u00f5es entre 2000 e 2013. J\u00e1 passaram pelo palco nomes nacionais como Oswaldo Montenegro, Dem\u00f4nios da Garoa, Agnaldo Tim\u00f3teo e Wanderley Cardoso, al\u00e9m de grandes talentos regionais como Tet\u00ea, Geraldo e Celito Esp\u00edndola, Alzira E. e o Grupo Acaba.<\/p>\n<p>Para quem j\u00e1 viveu as noites de seresta, o evento \u00e9 um convite para reviver emo\u00e7\u00f5es inesquec\u00edveis. Para quem vai conhecer agora, \u00e9 a oportunidade de cantar sob as estrelas em um dos cen\u00e1rios mais ic\u00f4nicos de Campo Grande \u2014 agora ainda mais bonito com a revitaliza\u00e7\u00e3o da Concha Ac\u00fastica Fam\u00edlia Esp\u00edndola.<\/p>\n<p>#<em>ParaTodosVerem A imagem de capa mostra a cantora Wanderl\u00e9ia.<\/em><\/p>\n<\/div>\n<p><script async defer async defer src=\"https:\/\/connect.facebook.net\/en_US\/sdk.js?ver=1#xfbml=1&amp;version=v3.2\" id=\"prefeitura-campogrande-script-facebook-sdk-js\"><\/script><\/p>\n","protected":false},"excerpt":{"rendered":"<p>Campo Grande se prepara para uma noite especial no dia 15 de agosto com o retorno da tradicional Noite da Seresta \u00e0 Pra\u00e7a do R\u00e1dio Clube. O evento, que integra a programa\u00e7\u00e3o de anivers\u00e1rio de 126 anos da cidade, \u00e9 gratuito e aberto a toda a fam\u00edlia. A programa\u00e7\u00e3o tem in\u00edcio \u00e0s 20h, com apresenta\u00e7\u00f5es [&hellip;]<\/p>\n","protected":false},"author":1,"featured_media":0,"comment_status":"","ping_status":"","sticky":false,"template":"","format":"standard","meta":{"footnotes":""},"categories":[],"tags":[],"class_list":["post-40704","post","type-post","status-publish","format-standard","hentry"],"amp_enabled":true,"_links":{"self":[{"href":"https:\/\/novasdodia.com.br\/index.php\/wp-json\/wp\/v2\/posts\/40704","targetHints":{"allow":["GET"]}}],"collection":[{"href":"https:\/\/novasdodia.com.br\/index.php\/wp-json\/wp\/v2\/posts"}],"about":[{"href":"https:\/\/novasdodia.com.br\/index.php\/wp-json\/wp\/v2\/types\/post"}],"author":[{"embeddable":true,"href":"https:\/\/novasdodia.com.br\/index.php\/wp-json\/wp\/v2\/users\/1"}],"replies":[{"embeddable":true,"href":"https:\/\/novasdodia.com.br\/index.php\/wp-json\/wp\/v2\/comments?post=40704"}],"version-history":[{"count":0,"href":"https:\/\/novasdodia.com.br\/index.php\/wp-json\/wp\/v2\/posts\/40704\/revisions"}],"wp:attachment":[{"href":"https:\/\/novasdodia.com.br\/index.php\/wp-json\/wp\/v2\/media?parent=40704"}],"wp:term":[{"taxonomy":"category","embeddable":true,"href":"https:\/\/novasdodia.com.br\/index.php\/wp-json\/wp\/v2\/categories?post=40704"},{"taxonomy":"post_tag","embeddable":true,"href":"https:\/\/novasdodia.com.br\/index.php\/wp-json\/wp\/v2\/tags?post=40704"}],"curies":[{"name":"wp","href":"https:\/\/api.w.org\/{rel}","templated":true}]}}