{"id":40726,"date":"2025-08-01T21:26:11","date_gmt":"2025-08-02T00:26:11","guid":{"rendered":"https:\/\/novasdodia.com.br\/index.php\/2025\/08\/01\/sabado-tem-plantao-de-vacinacao-em-dois-pontos-da-capital-cgnoticias\/"},"modified":"2025-08-01T21:26:11","modified_gmt":"2025-08-02T00:26:11","slug":"sabado-tem-plantao-de-vacinacao-em-dois-pontos-da-capital-cgnoticias","status":"publish","type":"post","link":"https:\/\/novasdodia.com.br\/index.php\/2025\/08\/01\/sabado-tem-plantao-de-vacinacao-em-dois-pontos-da-capital-cgnoticias\/","title":{"rendered":"S\u00e1bado tem plant\u00e3o de vacina\u00e7\u00e3o em dois pontos da Capital\u00a0 \u2013 CGNot\u00edcias"},"content":{"rendered":"<p><\/p>\n<div>\n<p>Neste s\u00e1bado (02), as equipes de vacina\u00e7\u00e3o da Secretaria Municipal de Sa\u00fade (Sesau) estar\u00e3o em dois pontos diferentes para facilitar o acesso da popula\u00e7\u00e3o \u00e0 vacina contra a Gripe.\u00a0<\/p>\n<p>Amanh\u00e3, a vacina\u00e7\u00e3o acontece das 7h30 \u00e0s 16h45 na USF Parque do Sol, onde al\u00e9m da dose da gripe, estar\u00e3o dispon\u00edveis os demais imunizantes que fazem parte da rotina da crian\u00e7a, adolescente,\u00a0adulto\u00a0e idoso. Assim, todos poder\u00e3o atualizar a caderneta de vacina\u00e7\u00e3o.\u00a0<\/p>\n<p>J\u00e1 na Pra\u00e7a da Moreninha III, a vacina da gripe estar\u00e1 dispon\u00edvel das 14h \u00e0s 18h\u00a0para toda a popula\u00e7\u00e3o a partir dos seus meses de idade, sendo necess\u00e1rio apenas apresentar um documento pessoal para se imunizar.\u00a0<\/p>\n<p>A vacina segue dispon\u00edvel em todas as 74 unidades de sa\u00fade da Capital, conforme o hor\u00e1rio de funcionamento das salas de vacina, que est\u00e1 dispon\u00edvel\u00a0neste link.\u00a0<\/p>\n<\/div>\n<p><script async defer async defer src=\"https:\/\/connect.facebook.net\/en_US\/sdk.js?ver=1#xfbml=1&amp;version=v3.2\" id=\"prefeitura-campogrande-script-facebook-sdk-js\"><\/script><\/p>\n","protected":false},"excerpt":{"rendered":"<p>Neste s\u00e1bado (02), as equipes de vacina\u00e7\u00e3o da Secretaria Municipal de Sa\u00fade (Sesau) estar\u00e3o em dois pontos diferentes para facilitar o acesso da popula\u00e7\u00e3o \u00e0 vacina contra a Gripe.\u00a0 Amanh\u00e3, a vacina\u00e7\u00e3o acontece das 7h30 \u00e0s 16h45 na USF Parque do Sol, onde al\u00e9m da dose da gripe, estar\u00e3o dispon\u00edveis os demais imunizantes que fazem [&hellip;]<\/p>\n","protected":false},"author":1,"featured_media":0,"comment_status":"","ping_status":"","sticky":false,"template":"","format":"standard","meta":{"footnotes":""},"categories":[],"tags":[],"class_list":["post-40726","post","type-post","status-publish","format-standard","hentry"],"amp_enabled":true,"_links":{"self":[{"href":"https:\/\/novasdodia.com.br\/index.php\/wp-json\/wp\/v2\/posts\/40726","targetHints":{"allow":["GET"]}}],"collection":[{"href":"https:\/\/novasdodia.com.br\/index.php\/wp-json\/wp\/v2\/posts"}],"about":[{"href":"https:\/\/novasdodia.com.br\/index.php\/wp-json\/wp\/v2\/types\/post"}],"author":[{"embeddable":true,"href":"https:\/\/novasdodia.com.br\/index.php\/wp-json\/wp\/v2\/users\/1"}],"replies":[{"embeddable":true,"href":"https:\/\/novasdodia.com.br\/index.php\/wp-json\/wp\/v2\/comments?post=40726"}],"version-history":[{"count":0,"href":"https:\/\/novasdodia.com.br\/index.php\/wp-json\/wp\/v2\/posts\/40726\/revisions"}],"wp:attachment":[{"href":"https:\/\/novasdodia.com.br\/index.php\/wp-json\/wp\/v2\/media?parent=40726"}],"wp:term":[{"taxonomy":"category","embeddable":true,"href":"https:\/\/novasdodia.com.br\/index.php\/wp-json\/wp\/v2\/categories?post=40726"},{"taxonomy":"post_tag","embeddable":true,"href":"https:\/\/novasdodia.com.br\/index.php\/wp-json\/wp\/v2\/tags?post=40726"}],"curies":[{"name":"wp","href":"https:\/\/api.w.org\/{rel}","templated":true}]}}