{"id":40786,"date":"2025-08-03T15:58:09","date_gmt":"2025-08-03T18:58:09","guid":{"rendered":"https:\/\/novasdodia.com.br\/index.php\/2025\/08\/03\/agencia-minas-gerais-verdelandia-e-catuti-recebem-oficinas-para-garantir-acesso-a-agua-de-qualidade\/"},"modified":"2025-08-03T15:58:09","modified_gmt":"2025-08-03T18:58:09","slug":"agencia-minas-gerais-verdelandia-e-catuti-recebem-oficinas-para-garantir-acesso-a-agua-de-qualidade","status":"publish","type":"post","link":"https:\/\/novasdodia.com.br\/index.php\/2025\/08\/03\/agencia-minas-gerais-verdelandia-e-catuti-recebem-oficinas-para-garantir-acesso-a-agua-de-qualidade\/","title":{"rendered":"Ag\u00eancia Minas Gerais | Verdel\u00e2ndia e Catuti recebem oficinas para garantir acesso \u00e0 \u00e1gua de qualidade"},"content":{"rendered":"<p><\/p>\n<div>\n<p>Moradores dos munic\u00edpios de Verdel\u00e2ndia e Catuti, no Norte de Minas, est\u00e3o mais perto de ter \u00e1gua de qualidade nas torneiras. As duas comunidades est\u00e3o sendo contempladas com a implanta\u00e7\u00e3o de sistemas de dessaliniza\u00e7\u00e3o de \u00e1gua, por meio do Programa \u00c1gua Doce (PAD), coordenado em Minas Gerais pela Secretaria de Estado de Meio Ambiente e Desenvolvimento Sustent\u00e1vel (Semad).<\/p>\n<p>Nesta semana, o programa realizou oficinas de sustentabilidade e gest\u00e3o comunit\u00e1ria nas localidades beneficiadas. O objetivo \u00e9 preparar os moradores para cuidar do novo sistema, garantindo que ele funcione bem no dia a dia e continue beneficiando a popula\u00e7\u00e3o ao longo do tempo.<\/p>\n<p>Em Verdel\u00e2ndia, a a\u00e7\u00e3o aconteceu na comunidade de Amargoso, atendendo cerca de cem fam\u00edlias. J\u00e1 em Catuti, cerca de 140 participaram das atividades no distrito de Malhadinha.\u00a0As atividades contaram com o apoio da Defesa Civil de Minas Gerais, da Emater e da equipe t\u00e9cnica da Semad.<\/p>\n<p>Durante as oficinas, os participantes aprenderam sobre o funcionamento do sistema de dessaliniza\u00e7\u00e3o, como fazer a manuten\u00e7\u00e3o adequada, reutilizar a \u00e1gua de forma segura e descartar corretamente o concentrado salino \u2014 res\u00edduo que sobra ap\u00f3s a retirada do sal da \u00e1gua. Tamb\u00e9m foram discutidas formas de gest\u00e3o coletiva, com foco na participa\u00e7\u00e3o ativa dos pr\u00f3prios moradores na opera\u00e7\u00e3o do sistema.<\/p>\n<p><b>\u00c1gua \u00e9 um direito de todos<\/b><\/p>\n<p>Para Kleynner Jardim Lopes, superintendente de \u00c1gua, Esgoto e Drenagem Pluvial da Semad e coordenador estadual do Programa \u00c1gua Doce, o envolvimento das comunidades \u00e9 fundamental para o sucesso da iniciativa. \u201cEstamos dando um passo importante para levar dignidade e seguran\u00e7a h\u00eddrica \u00e0s fam\u00edlias da zona rural. Quando a pr\u00f3pria comunidade participa da gest\u00e3o do sistema, a chance de mantermos essa conquista no longo prazo \u00e9 muito maior. A \u00e1gua precisa ser tratada como um direito de todos e um bem coletivo\u201d, afirmou.<\/p>\n<p>A a\u00e7\u00e3o faz parte dos esfor\u00e7os do Governo de Minas para ampliar o acesso \u00e0 \u00e1gua pot\u00e1vel em regi\u00f5es que mais sofrem com a escassez, como o semi\u00e1rido mineiro. Al\u00e9m de garantir sa\u00fade e qualidade de vida, a iniciativa promove o desenvolvimento local de forma sustent\u00e1vel.<\/p>\n<\/p><\/div>\n","protected":false},"excerpt":{"rendered":"<p>Moradores dos munic\u00edpios de Verdel\u00e2ndia e Catuti, no Norte de Minas, est\u00e3o mais perto de ter \u00e1gua de qualidade nas torneiras. As duas comunidades est\u00e3o sendo contempladas com a implanta\u00e7\u00e3o de sistemas de dessaliniza\u00e7\u00e3o de \u00e1gua, por meio do Programa \u00c1gua Doce (PAD), coordenado em Minas Gerais pela Secretaria de Estado de Meio Ambiente e [&hellip;]<\/p>\n","protected":false},"author":1,"featured_media":0,"comment_status":"","ping_status":"","sticky":false,"template":"","format":"standard","meta":{"footnotes":""},"categories":[1],"tags":[],"class_list":["post-40786","post","type-post","status-publish","format-standard","hentry","category-noticias"],"amp_enabled":true,"_links":{"self":[{"href":"https:\/\/novasdodia.com.br\/index.php\/wp-json\/wp\/v2\/posts\/40786","targetHints":{"allow":["GET"]}}],"collection":[{"href":"https:\/\/novasdodia.com.br\/index.php\/wp-json\/wp\/v2\/posts"}],"about":[{"href":"https:\/\/novasdodia.com.br\/index.php\/wp-json\/wp\/v2\/types\/post"}],"author":[{"embeddable":true,"href":"https:\/\/novasdodia.com.br\/index.php\/wp-json\/wp\/v2\/users\/1"}],"replies":[{"embeddable":true,"href":"https:\/\/novasdodia.com.br\/index.php\/wp-json\/wp\/v2\/comments?post=40786"}],"version-history":[{"count":0,"href":"https:\/\/novasdodia.com.br\/index.php\/wp-json\/wp\/v2\/posts\/40786\/revisions"}],"wp:attachment":[{"href":"https:\/\/novasdodia.com.br\/index.php\/wp-json\/wp\/v2\/media?parent=40786"}],"wp:term":[{"taxonomy":"category","embeddable":true,"href":"https:\/\/novasdodia.com.br\/index.php\/wp-json\/wp\/v2\/categories?post=40786"},{"taxonomy":"post_tag","embeddable":true,"href":"https:\/\/novasdodia.com.br\/index.php\/wp-json\/wp\/v2\/tags?post=40786"}],"curies":[{"name":"wp","href":"https:\/\/api.w.org\/{rel}","templated":true}]}}