{"id":40825,"date":"2025-08-04T16:32:07","date_gmt":"2025-08-04T19:32:07","guid":{"rendered":"https:\/\/novasdodia.com.br\/index.php\/2025\/08\/04\/radar-ifsp-reitor-da-boas-vindas-aos-alunos-para-o-2o-semestre-de-2025-ifsp\/"},"modified":"2025-08-04T16:32:07","modified_gmt":"2025-08-04T19:32:07","slug":"radar-ifsp-reitor-da-boas-vindas-aos-alunos-para-o-2o-semestre-de-2025-ifsp","status":"publish","type":"post","link":"https:\/\/novasdodia.com.br\/index.php\/2025\/08\/04\/radar-ifsp-reitor-da-boas-vindas-aos-alunos-para-o-2o-semestre-de-2025-ifsp\/","title":{"rendered":"Radar IFSP: reitor d\u00e1 boas-vindas aos alunos para o 2\u00ba semestre de 2025 &#8211; IFSP"},"content":{"rendered":"<p><\/p>\n<div>\n<div class=\"subtitle\">\n<p><span data-contrast=\"auto\">Confira o v\u00eddeo e saiba mais sobre o IFSP no Guia do Estudante<\/span><span data-ccp-props=\"{}\">\u00a0<\/span><\/p>\n<\/div>\n<p><!-- fim .content-header-options-1 --><\/p>\n<p><span data-contrast=\"auto\">Ap\u00f3s um primeiro semestre repleto de conquistas, a segunda parte do ano letivo de 2025 est\u00e1 sendo iniciada e com ela se renovam os desafios e a esperan\u00e7a de novos aprendizados e novas realiza\u00e7\u00f5es.\u00a0<\/span><span data-ccp-props=\"{&quot;134233117&quot;:false,&quot;134233118&quot;:false,&quot;201341983&quot;:0,&quot;335551550&quot;:1,&quot;335551620&quot;:1,&quot;335559685&quot;:0,&quot;335559737&quot;:0,&quot;335559738&quot;:0,&quot;335559739&quot;:160,&quot;335559740&quot;:279}\">\u00a0<\/span><\/p>\n<p><span data-contrast=\"auto\">O reitor Silm\u00e1rio Santos gravou um v\u00eddeo para dar as boas-vindas aos estudantes e servidores do IFSP, <\/span><span data-contrast=\"auto\">maior Instituto Federal do pa\u00eds<\/span><span data-contrast=\"auto\">. Confira:<\/span><span data-ccp-props=\"{&quot;134233117&quot;:false,&quot;134233118&quot;:false,&quot;201341983&quot;:0,&quot;335551550&quot;:1,&quot;335551620&quot;:1,&quot;335559685&quot;:0,&quot;335559737&quot;:0,&quot;335559738&quot;:0,&quot;335559739&quot;:160,&quot;335559740&quot;:279}\">\u00a0<\/span><\/p>\n<p><span data-ccp-props=\"{&quot;134233117&quot;:false,&quot;134233118&quot;:false,&quot;201341983&quot;:0,&quot;335551550&quot;:1,&quot;335551620&quot;:1,&quot;335559685&quot;:0,&quot;335559737&quot;:0,&quot;335559738&quot;:0,&quot;335559739&quot;:160,&quot;335559740&quot;:279}\"><iframe loading=\"lazy\" title=\"RADAR IFSP - Boas-vindas  - Segundo Semestre 2025\" width=\"640\" height=\"360\" src=\"https:\/\/www.youtube.com\/embed\/qd2Zfg_EJ9Y?feature=oembed\" frameborder=\"0\" allow=\"accelerometer; autoplay; clipboard-write; encrypted-media; gyroscope; picture-in-picture; web-share\" referrerpolicy=\"strict-origin-when-cross-origin\" allowfullscreen><\/iframe><\/span><\/p>\n<p><span data-contrast=\"none\">Os alunos que est\u00e3o chegando ao IFSP podem acessar as principais informa\u00e7\u00f5es sobre a institui\u00e7\u00e3o por meio do Guia do Estudante. No material \u00e9 poss\u00edvel conhecer um pouco sobre como ser\u00e1 o seu percurso acad\u00eamico; servi\u00e7os e pol\u00edticas de apoio ao estudante; n\u00facleos de acessibilidade e diversidade, al\u00e9m de saber mais sobre a Institui\u00e7\u00e3o.<\/span><span data-ccp-props=\"{&quot;134233117&quot;:false,&quot;134233118&quot;:false,&quot;335551550&quot;:1,&quot;335551620&quot;:1,&quot;335557856&quot;:16777215,&quot;335559738&quot;:0,&quot;335559739&quot;:150}\">\u00a0<\/span><\/p>\n<p><span data-contrast=\"none\">Elaborado pela Diretoria de Comunica\u00e7\u00e3o (Dicom), as informa\u00e7\u00f5es foram levantadas junto aos documentos institucionais e aos diferentes departamentos. Servidores de diferentes campi ajudaram a identificar as principais d\u00favidas dos alunos para que fossem contempladas no material. Clique na figura ou <\/span><span data-contrast=\"none\">aqui para o download<\/span><span data-contrast=\"none\">.<\/span><\/p>\n<p><span data-contrast=\"none\"><\/span><\/p>\n<\/div>\n","protected":false},"excerpt":{"rendered":"<p>Confira o v\u00eddeo e saiba mais sobre o IFSP no Guia do Estudante\u00a0 Ap\u00f3s um primeiro semestre repleto de conquistas, a segunda parte do ano letivo de 2025 est\u00e1 sendo iniciada e com ela se renovam os desafios e a esperan\u00e7a de novos aprendizados e novas realiza\u00e7\u00f5es.\u00a0\u00a0 O reitor Silm\u00e1rio Santos gravou um v\u00eddeo para [&hellip;]<\/p>\n","protected":false},"author":1,"featured_media":0,"comment_status":"","ping_status":"","sticky":false,"template":"","format":"standard","meta":{"footnotes":""},"categories":[1],"tags":[],"class_list":["post-40825","post","type-post","status-publish","format-standard","hentry","category-noticias"],"amp_enabled":true,"_links":{"self":[{"href":"https:\/\/novasdodia.com.br\/index.php\/wp-json\/wp\/v2\/posts\/40825","targetHints":{"allow":["GET"]}}],"collection":[{"href":"https:\/\/novasdodia.com.br\/index.php\/wp-json\/wp\/v2\/posts"}],"about":[{"href":"https:\/\/novasdodia.com.br\/index.php\/wp-json\/wp\/v2\/types\/post"}],"author":[{"embeddable":true,"href":"https:\/\/novasdodia.com.br\/index.php\/wp-json\/wp\/v2\/users\/1"}],"replies":[{"embeddable":true,"href":"https:\/\/novasdodia.com.br\/index.php\/wp-json\/wp\/v2\/comments?post=40825"}],"version-history":[{"count":0,"href":"https:\/\/novasdodia.com.br\/index.php\/wp-json\/wp\/v2\/posts\/40825\/revisions"}],"wp:attachment":[{"href":"https:\/\/novasdodia.com.br\/index.php\/wp-json\/wp\/v2\/media?parent=40825"}],"wp:term":[{"taxonomy":"category","embeddable":true,"href":"https:\/\/novasdodia.com.br\/index.php\/wp-json\/wp\/v2\/categories?post=40825"},{"taxonomy":"post_tag","embeddable":true,"href":"https:\/\/novasdodia.com.br\/index.php\/wp-json\/wp\/v2\/tags?post=40825"}],"curies":[{"name":"wp","href":"https:\/\/api.w.org\/{rel}","templated":true}]}}