{"id":40916,"date":"2025-08-06T12:52:21","date_gmt":"2025-08-06T15:52:21","guid":{"rendered":"https:\/\/novasdodia.com.br\/index.php\/2025\/08\/06\/funsat-participa-de-reuniao-do-conselho-municipal-e-confirma-investimento-de-r-22-milhoes-cgnoticias\/"},"modified":"2025-08-06T12:52:21","modified_gmt":"2025-08-06T15:52:21","slug":"funsat-participa-de-reuniao-do-conselho-municipal-e-confirma-investimento-de-r-22-milhoes-cgnoticias","status":"publish","type":"post","link":"https:\/\/novasdodia.com.br\/index.php\/2025\/08\/06\/funsat-participa-de-reuniao-do-conselho-municipal-e-confirma-investimento-de-r-22-milhoes-cgnoticias\/","title":{"rendered":"Funsat participa de reuni\u00e3o do Conselho Municipal e confirma investimento de R$ 2,2 milh\u00f5es \u2013 CGNot\u00edcias"},"content":{"rendered":"<p><\/p>\n<div>\n<p>A Funda\u00e7\u00e3o Social do Trabalho (Funsat) esteve presente, na tarde da \u00faltima ter\u00e7a-feira (5), na reuni\u00e3o do Conselho Municipal do Trabalho, Emprego e Renda de Campo Grande, realizada na sede da C\u00e2mara de Dirigentes Lojistas (CDL-CG). O encontro teve como pauta principal a defini\u00e7\u00e3o do Plano de A\u00e7\u00f5es e Servi\u00e7os (PAS) 2024\/2025 do Minist\u00e9rio do Trabalho e Emprego, com destaque para a previs\u00e3o de investimento de R$ 2,2 milh\u00f5es para a\u00e7\u00f5es da pasta no munic\u00edpio.<\/p>\n<p>Representaram a Funsat no encontro o diretor-presidente, Jo\u00e3o Henrique Bezerra, e a diretora de Desenvolvimento Social, Profissional e Empreendedorismo, Catyuce Thays Silva Lima. Durante a reuni\u00e3o, tamb\u00e9m foi aprovado um aporte suplementar de R$ 292 mil, ampliando a estimativa inicial de repasses.<\/p>\n<p>De acordo com Jo\u00e3o Henrique, os recursos federais v\u00e3o impulsionar diretamente os atendimentos da Funsat enquanto unidade do Sine (Sistema Nacional de Emprego), al\u00e9m de viabilizar a moderniza\u00e7\u00e3o dos servi\u00e7os na futura Casa do Trabalhador. \u201cSer\u00e1 um espa\u00e7o modelo, fruto da uni\u00e3o de esfor\u00e7os entre o Poder P\u00fablico, sociedade civil e setor produtivo, e que vai ampliar significativamente a capacidade de atendimento ao cidad\u00e3o campo-grandense\u201d, pontuou o dirigente.<\/p>\n<p>Segundo a Diretoria de Desenvolvimento Social, Profissional e Empreendedorismo, essa linha de repasse federal n\u00e3o era destinada \u00e0 Funsat desde 2015, tendo sido retomada somente em 2023 gra\u00e7as \u00e0 articula\u00e7\u00e3o do Conselho Municipal. \u201cEsse retorno de recursos federais, ap\u00f3s tantos anos, mostra o quanto a atua\u00e7\u00e3o do Conselho tem sido estrat\u00e9gica. \u00c9 um avan\u00e7o importante que fortalece as a\u00e7\u00f5es da Funsat e garante mais oportunidades para quem busca trabalho, qualifica\u00e7\u00e3o e apoio ao empreendedorismo\u201d, afirmou Catyuce Lima, que tamb\u00e9m atua como secret\u00e1ria executiva do Conselho.<\/p>\n<p>A Funsat segue atualizando a popula\u00e7\u00e3o sobre a\u00e7\u00f5es e oportunidades pelo perfil oficial no Instagram: @funsat.cg. O atendimento ao p\u00fablico tamb\u00e9m est\u00e1 dispon\u00edvel pelo telefone (67) 4042-0585, ramal 5800.<\/p>\n<\/div>\n<p><script async defer async defer src=\"https:\/\/connect.facebook.net\/en_US\/sdk.js?ver=1#xfbml=1&amp;version=v3.2\" id=\"prefeitura-campogrande-script-facebook-sdk-js\"><\/script><script async src=\"\/\/www.instagram.com\/embed.js\"><\/script><\/p>\n","protected":false},"excerpt":{"rendered":"<p>A Funda\u00e7\u00e3o Social do Trabalho (Funsat) esteve presente, na tarde da \u00faltima ter\u00e7a-feira (5), na reuni\u00e3o do Conselho Municipal do Trabalho, Emprego e Renda de Campo Grande, realizada na sede da C\u00e2mara de Dirigentes Lojistas (CDL-CG). O encontro teve como pauta principal a defini\u00e7\u00e3o do Plano de A\u00e7\u00f5es e Servi\u00e7os (PAS) 2024\/2025 do Minist\u00e9rio do [&hellip;]<\/p>\n","protected":false},"author":1,"featured_media":0,"comment_status":"","ping_status":"","sticky":false,"template":"","format":"standard","meta":{"footnotes":""},"categories":[],"tags":[],"class_list":["post-40916","post","type-post","status-publish","format-standard","hentry"],"amp_enabled":true,"_links":{"self":[{"href":"https:\/\/novasdodia.com.br\/index.php\/wp-json\/wp\/v2\/posts\/40916","targetHints":{"allow":["GET"]}}],"collection":[{"href":"https:\/\/novasdodia.com.br\/index.php\/wp-json\/wp\/v2\/posts"}],"about":[{"href":"https:\/\/novasdodia.com.br\/index.php\/wp-json\/wp\/v2\/types\/post"}],"author":[{"embeddable":true,"href":"https:\/\/novasdodia.com.br\/index.php\/wp-json\/wp\/v2\/users\/1"}],"replies":[{"embeddable":true,"href":"https:\/\/novasdodia.com.br\/index.php\/wp-json\/wp\/v2\/comments?post=40916"}],"version-history":[{"count":0,"href":"https:\/\/novasdodia.com.br\/index.php\/wp-json\/wp\/v2\/posts\/40916\/revisions"}],"wp:attachment":[{"href":"https:\/\/novasdodia.com.br\/index.php\/wp-json\/wp\/v2\/media?parent=40916"}],"wp:term":[{"taxonomy":"category","embeddable":true,"href":"https:\/\/novasdodia.com.br\/index.php\/wp-json\/wp\/v2\/categories?post=40916"},{"taxonomy":"post_tag","embeddable":true,"href":"https:\/\/novasdodia.com.br\/index.php\/wp-json\/wp\/v2\/tags?post=40916"}],"curies":[{"name":"wp","href":"https:\/\/api.w.org\/{rel}","templated":true}]}}