{"id":40924,"date":"2025-08-06T15:40:11","date_gmt":"2025-08-06T18:40:11","guid":{"rendered":"https:\/\/novasdodia.com.br\/index.php\/2025\/08\/06\/governo-reforca-importancia-da-auditoria-para-o-fortalecimento-da-saude-em-ms-agencia-de-noticias-do-governo-de-mato-grosso-do-sul\/"},"modified":"2025-08-06T15:40:11","modified_gmt":"2025-08-06T18:40:11","slug":"governo-reforca-importancia-da-auditoria-para-o-fortalecimento-da-saude-em-ms-agencia-de-noticias-do-governo-de-mato-grosso-do-sul","status":"publish","type":"post","link":"https:\/\/novasdodia.com.br\/index.php\/2025\/08\/06\/governo-reforca-importancia-da-auditoria-para-o-fortalecimento-da-saude-em-ms-agencia-de-noticias-do-governo-de-mato-grosso-do-sul\/","title":{"rendered":"Governo refor\u00e7a import\u00e2ncia da auditoria para o fortalecimento da sa\u00fade em MS \u2013 Ag\u00eancia de Noticias do Governo de Mato Grosso do Sul"},"content":{"rendered":"<p><\/p>\n<div>\n<p style=\"text-align: center;\"><em>Semin\u00e1rio em Campo Grande abre s\u00e9rie nacional de encontros e reconhece Mato Grosso do Sul como refer\u00eancia em auditoria<\/em><\/p>\n<p>Campo Grande foi palco da primeira edi\u00e7\u00e3o de um evento de suma import\u00e2ncia para garantir a qualidade, efici\u00eancia, legalidade e economicidade dos servi\u00e7os prestados no setor da sa\u00fade. Na ter\u00e7a-feira (5), o Departamento Nacional de Auditoria do SUS (DenaSUS) realizou no Bioparque Pantanal a abertura do 1\u00ba Semin\u00e1rio Regional do Sistema Nacional de Auditoria do SUS (SNA). O evento marcou o in\u00edcio de uma s\u00e9rie de encontros regionais que ocorrer\u00e3o em todas as regi\u00f5es do pa\u00eds ao longo do ano.<\/p>\n<p>O semin\u00e1rio reuniu representantes dos estados do DF, MT, MS e GO e os componentes federal (DenaSUS), municipais e estaduais do Sistema Nacional de Auditoria do SUS (SNA). O objetivo principal \u00e9 fortalecer a atua\u00e7\u00e3o do Sistema Nacional de Auditoria nos \u00e2mbitos federal, estadual e municipal, promovendo a integra\u00e7\u00e3o e o alinhamento t\u00e9cnico entre os auditores do SUS.<\/p>\n<p>Presente na solenidade, o governador em exerc\u00edcio, Jos\u00e9 Carlos Barbosa, o Barbosinha, destacou a import\u00e2ncia da auditoria no cen\u00e1rio atual. \u201cA auditoria \u00e9 sempre muito importante, mas em tempos de escassez de recursos, torna-se ainda mais essencial para garantir o correto acompanhamento, controle e efici\u00eancia nos gastos p\u00fablicos\u201d, afirmou.<\/p>\n<p>A secret\u00e1ria-adjunta de Estado de Sa\u00fade (SES\/MS), Crhistinne Maymone, ressaltou a atua\u00e7\u00e3o integrada da sa\u00fade em Mato Grosso do Sul como fator determinante para resultados mais eficazes. \u201cUm resultado efetivo \u00e9 conquistado com integra\u00e7\u00e3o e em Mato Grosso do Sul esse trabalho \u00e9 sempre integrado\u201d, disse.<\/p>\n<p>J\u00e1 o diretor do DenaSUS, Rafael Bruxellas, elogiou a estrutura do Estado no setor.\u00a0 \u201cEstamos promovendo esses eventos nas cinco regi\u00f5es do Brasil e o primeiro foi em Campo Grande. Primeiro porque voc\u00eas t\u00eam uma carreira de auditores admir\u00e1vel, que voc\u00eas conseguiram construir, e n\u00f3s no Governo Federal estamos discutindo a partir do exemplo de voc\u00eas. Tamb\u00e9m pela rela\u00e7\u00e3o institucional que o Governo Federal construiu com o Governo do Mato Grosso do Sul, que n\u00e3o olha quest\u00f5es ideol\u00f3gicas para cuidar da popula\u00e7\u00e3o\u201d.<\/p>\n<p>Durante o evento, foram abordados conceitos fundamentais da auditoria e controle interno no SUS, al\u00e9m de estabelecidos canais de di\u00e1logo permanente entre os entes federados. A iniciativa tamb\u00e9m resultou na constru\u00e7\u00e3o de redes de apoio entre os auditores, com foco na gest\u00e3o do conhecimento e na implementa\u00e7\u00e3o de a\u00e7\u00f5es coordenadas.<\/p>\n<p><strong>Compromisso com a sa\u00fade p\u00fablica<\/strong><\/p>\n<p>O semin\u00e1rio ocorre em um contexto de fortes investimentos do Governo do Estado na regionaliza\u00e7\u00e3o da sa\u00fade, com mais de R$ 2,2 bilh\u00f5es aplicados em obras, aquisi\u00e7\u00e3o de equipamentos, ve\u00edculos e incentivos hospitalares. A regionaliza\u00e7\u00e3o visa melhorar o acesso e a qualidade da assist\u00eancia.<\/p>\n<p>\u201cA regionaliza\u00e7\u00e3o \u00e9 importante principalmente quando a gente pensa nas maiores cidades como Campo Grande e Dourados. Se voc\u00ea tem um sistema de sa\u00fade eficiente e estrat\u00e9gico, com um trabalho integrado, desafoga demandas da rede hospitalar das grandes cidades e fortalece a aten\u00e7\u00e3o b\u00e1sica nos munic\u00edpios do interior\u201d, considerou Barbosinha.<\/p>\n<p>Entre as entregas previstas para esta gest\u00e3o, tamb\u00e9m est\u00e3o o Hospital Regional de Dourados e os Servi\u00e7os de Verifica\u00e7\u00e3o de \u00d3bito (SVO) de Campo Grande e Dourados, consolidando o compromisso do Estado com um sistema de sa\u00fade mais humanizado, eficiente e acess\u00edvel para todos os sul-mato-grossenses.<\/p>\n<p><em>Laura Holsback e Lucas Cavalheiro, Comunica\u00e7\u00e3o Vice-governadoria<br \/>Fotos: Comunica\u00e7\u00e3o Vice-governadoria<\/em><\/p>\n<\/div>\n","protected":false},"excerpt":{"rendered":"<p>Semin\u00e1rio em Campo Grande abre s\u00e9rie nacional de encontros e reconhece Mato Grosso do Sul como refer\u00eancia em auditoria Campo Grande foi palco da primeira edi\u00e7\u00e3o de um evento de suma import\u00e2ncia para garantir a qualidade, efici\u00eancia, legalidade e economicidade dos servi\u00e7os prestados no setor da sa\u00fade. Na ter\u00e7a-feira (5), o Departamento Nacional de Auditoria [&hellip;]<\/p>\n","protected":false},"author":1,"featured_media":0,"comment_status":"","ping_status":"","sticky":false,"template":"","format":"standard","meta":{"footnotes":""},"categories":[],"tags":[],"class_list":["post-40924","post","type-post","status-publish","format-standard","hentry"],"amp_enabled":true,"_links":{"self":[{"href":"https:\/\/novasdodia.com.br\/index.php\/wp-json\/wp\/v2\/posts\/40924","targetHints":{"allow":["GET"]}}],"collection":[{"href":"https:\/\/novasdodia.com.br\/index.php\/wp-json\/wp\/v2\/posts"}],"about":[{"href":"https:\/\/novasdodia.com.br\/index.php\/wp-json\/wp\/v2\/types\/post"}],"author":[{"embeddable":true,"href":"https:\/\/novasdodia.com.br\/index.php\/wp-json\/wp\/v2\/users\/1"}],"replies":[{"embeddable":true,"href":"https:\/\/novasdodia.com.br\/index.php\/wp-json\/wp\/v2\/comments?post=40924"}],"version-history":[{"count":0,"href":"https:\/\/novasdodia.com.br\/index.php\/wp-json\/wp\/v2\/posts\/40924\/revisions"}],"wp:attachment":[{"href":"https:\/\/novasdodia.com.br\/index.php\/wp-json\/wp\/v2\/media?parent=40924"}],"wp:term":[{"taxonomy":"category","embeddable":true,"href":"https:\/\/novasdodia.com.br\/index.php\/wp-json\/wp\/v2\/categories?post=40924"},{"taxonomy":"post_tag","embeddable":true,"href":"https:\/\/novasdodia.com.br\/index.php\/wp-json\/wp\/v2\/tags?post=40924"}],"curies":[{"name":"wp","href":"https:\/\/api.w.org\/{rel}","templated":true}]}}