{"id":41024,"date":"2025-08-08T13:52:14","date_gmt":"2025-08-08T16:52:14","guid":{"rendered":"https:\/\/novasdodia.com.br\/index.php\/2025\/08\/08\/imasul-participa-do-maior-evento-sobre-gerenciamento-de-areas-contaminadas-da-america-latina\/"},"modified":"2025-08-08T13:52:14","modified_gmt":"2025-08-08T16:52:14","slug":"imasul-participa-do-maior-evento-sobre-gerenciamento-de-areas-contaminadas-da-america-latina","status":"publish","type":"post","link":"https:\/\/novasdodia.com.br\/index.php\/2025\/08\/08\/imasul-participa-do-maior-evento-sobre-gerenciamento-de-areas-contaminadas-da-america-latina\/","title":{"rendered":"Imasul participa do maior evento sobre gerenciamento de \u00e1reas contaminadas da Am\u00e9rica Latina"},"content":{"rendered":"<p><\/p>\n<div>\n<p style=\"font-weight: 400;\">O Instituto de Meio Ambiente de Mato Grosso do Sul (Imasul) marcou presen\u00e7a na III Confer\u00eancia AESAS &#8211; Gerenciamento de \u00c1reas Contaminadas, considerada o maior evento da Am\u00e9rica Latina voltado ao tema. Representando o instituto, a fiscal ambiental Larissa Nantes, do N\u00facleo T\u00e9cnico de \u00c1reas Impactadas por Atividades Potencialmente Poluidoras (NTAI-GLA-Gerencia de Licenciamento Ambiental\/Imasul), participou da programa\u00e7\u00e3o, que re\u00fane os principais especialistas do setor ambiental no Brasil e no exterior.<\/p>\n<p style=\"font-weight: 400;\">Idealizada pela AESAS (Associa\u00e7\u00e3o Brasileira das Empresas de Consultoria e Engenharia Ambiental), a confer\u00eancia re\u00fane mais de 1 mil profissionais de diversas \u00e1reas, incluindo \u00f3rg\u00e3os estaduais e federais de meio ambiente, centros de pesquisa, empresas de consultoria, laborat\u00f3rios especializados, companhias de remedia\u00e7\u00e3o, incorporadoras e ind\u00fastrias de diferentes setores.<\/p>\n<p style=\"font-weight: 400;\">\u201cA participa\u00e7\u00e3o na III Confer\u00eancia de Gerenciamento de \u00c1reas Contaminadas da AESAS representou uma oportunidade valiosa de atualiza\u00e7\u00e3o t\u00e9cnica e troca de experi\u00eancias com especialistas de refer\u00eancia nacional no tema da gest\u00e3o ambiental de passivos ambientais, especialmente relacionados \u00e0 contamina\u00e7\u00e3o do solo e das \u00e1guas subterr\u00e2neas\u201d, comentou Larissa Nantes.<\/p>\n<p style=\"font-weight: 400;\">Eventos dessa propor\u00e7\u00e3o s\u00e3o fundamentais para o aprimoramento cont\u00ednuo da atua\u00e7\u00e3o dos \u00f3rg\u00e3os ambientais, pois permitem o acesso a estudos de caso, inova\u00e7\u00f5es tecnol\u00f3gicas, diretrizes normativas e debates interinstitucionais que contribuem para o fortalecimento das pol\u00edticas p\u00fablicas de controle e remedia\u00e7\u00e3o ambiental.<\/p>\n<p style=\"font-weight: 400;\">Com quatro anos de atua\u00e7\u00e3o no Imasul, Larissa Nantes No \u00faltimo ano, passou a direcionar sua atua\u00e7\u00e3o para o tema das \u00e1reas contaminadas, reconhecendo a import\u00e2ncia do tema diante do cen\u00e1rio atual de crescimento industrial no Estado.<\/p>\n<div id=\"gallery-1\" class=\"gallery galleryid-518490 gallery-columns-1 gallery-size-large\">\n<figure class=\"gallery-item\">\n<div class=\"gallery-icon landscape\"><\/div>\n<\/figure><\/div>\n<p style=\"font-weight: 400;\"><strong>Refer\u00eancia t\u00e9cnica e espa\u00e7o para inova\u00e7\u00e3o<\/strong><\/p>\n<p style=\"font-weight: 400;\">O evento, que acontece em S\u00e3o Paulo, destaca-se por sua ampla programa\u00e7\u00e3o com palestras t\u00e9cnicas, apresenta\u00e7\u00e3o de p\u00f4steres cient\u00edficos, mesas-redondas com especialistas e uma Feira de Neg\u00f3cios. A feira abre espa\u00e7o para a participa\u00e7\u00e3o de patrocinadores e expositores que atuam em toda a cadeia de Gerenciamento de \u00c1reas Contaminadas (GAC).<\/p>\n<p style=\"font-weight: 400;\">A presen\u00e7a do Imasul refor\u00e7a o compromisso do Estado de Mato Grosso do Sul com as melhores pr\u00e1ticas e tecnologias aplicadas \u00e0 gest\u00e3o ambiental, especialmente no que se refere \u00e0 identifica\u00e7\u00e3o, avalia\u00e7\u00e3o e remedia\u00e7\u00e3o de \u00e1reas impactadas por atividades potencialmente poluidoras.<\/p>\n<p style=\"font-weight: 400;\"><strong>Coopera\u00e7\u00e3o e fortalecimento institucional<\/strong><\/p>\n<p style=\"font-weight: 400;\">Para Larissa Nantes, a participa\u00e7\u00e3o na confer\u00eancia representa uma oportunidade estrat\u00e9gica de atualiza\u00e7\u00e3o t\u00e9cnica e de fortalecimento da atua\u00e7\u00e3o institucional. \u201c\u00c9 um espa\u00e7o de troca de experi\u00eancias valiosas, onde conseguimos absorver solu\u00e7\u00f5es inovadoras e estabelecer conex\u00f5es com institui\u00e7\u00f5es que tamb\u00e9m enfrentam os desafios da gest\u00e3o ambiental\u201d, afirma a servidora.<\/p>\n<p style=\"font-weight: 400;\">O diretor-presidente do Imasul, Andr\u00e9 Borges, destacou a relev\u00e2ncia da iniciativa. \u201c\u00c9 fundamental que o Imasul esteja presente em espa\u00e7os de alto n\u00edvel t\u00e9cnico como esse, pois s\u00e3o oportunidades que fortalecem a nossa capacidade institucional e nos mant\u00eam atualizados com o que h\u00e1 de mais moderno no campo da remedia\u00e7\u00e3o ambiental. A qualifica\u00e7\u00e3o cont\u00ednua das equipes \u00e9 uma prioridade da gest\u00e3o ambiental em Mato Grosso do Sul\u201d, afirmou.<\/p>\n<p><em>Comunica\u00e7\u00e3o Imasul<\/em><\/p>\n<\/div>\n","protected":false},"excerpt":{"rendered":"<p>O Instituto de Meio Ambiente de Mato Grosso do Sul (Imasul) marcou presen\u00e7a na III Confer\u00eancia AESAS &#8211; Gerenciamento de \u00c1reas Contaminadas, considerada o maior evento da Am\u00e9rica Latina voltado ao tema. Representando o instituto, a fiscal ambiental Larissa Nantes, do N\u00facleo T\u00e9cnico de \u00c1reas Impactadas por Atividades Potencialmente Poluidoras (NTAI-GLA-Gerencia de Licenciamento Ambiental\/Imasul), participou [&hellip;]<\/p>\n","protected":false},"author":1,"featured_media":0,"comment_status":"","ping_status":"","sticky":false,"template":"","format":"standard","meta":{"footnotes":""},"categories":[1],"tags":[],"class_list":["post-41024","post","type-post","status-publish","format-standard","hentry","category-noticias"],"amp_enabled":true,"_links":{"self":[{"href":"https:\/\/novasdodia.com.br\/index.php\/wp-json\/wp\/v2\/posts\/41024","targetHints":{"allow":["GET"]}}],"collection":[{"href":"https:\/\/novasdodia.com.br\/index.php\/wp-json\/wp\/v2\/posts"}],"about":[{"href":"https:\/\/novasdodia.com.br\/index.php\/wp-json\/wp\/v2\/types\/post"}],"author":[{"embeddable":true,"href":"https:\/\/novasdodia.com.br\/index.php\/wp-json\/wp\/v2\/users\/1"}],"replies":[{"embeddable":true,"href":"https:\/\/novasdodia.com.br\/index.php\/wp-json\/wp\/v2\/comments?post=41024"}],"version-history":[{"count":0,"href":"https:\/\/novasdodia.com.br\/index.php\/wp-json\/wp\/v2\/posts\/41024\/revisions"}],"wp:attachment":[{"href":"https:\/\/novasdodia.com.br\/index.php\/wp-json\/wp\/v2\/media?parent=41024"}],"wp:term":[{"taxonomy":"category","embeddable":true,"href":"https:\/\/novasdodia.com.br\/index.php\/wp-json\/wp\/v2\/categories?post=41024"},{"taxonomy":"post_tag","embeddable":true,"href":"https:\/\/novasdodia.com.br\/index.php\/wp-json\/wp\/v2\/tags?post=41024"}],"curies":[{"name":"wp","href":"https:\/\/api.w.org\/{rel}","templated":true}]}}