{"id":41134,"date":"2025-08-11T11:22:11","date_gmt":"2025-08-11T14:22:11","guid":{"rendered":"https:\/\/novasdodia.com.br\/index.php\/2025\/08\/11\/nota-de-esclarecimento-incendio-em-ambulancia-uti-no-hospital-darci-joao-bigaton-prefeitura-municipal-de-bonito\/"},"modified":"2025-08-11T11:22:11","modified_gmt":"2025-08-11T14:22:11","slug":"nota-de-esclarecimento-incendio-em-ambulancia-uti-no-hospital-darci-joao-bigaton-prefeitura-municipal-de-bonito","status":"publish","type":"post","link":"https:\/\/novasdodia.com.br\/index.php\/2025\/08\/11\/nota-de-esclarecimento-incendio-em-ambulancia-uti-no-hospital-darci-joao-bigaton-prefeitura-municipal-de-bonito\/","title":{"rendered":"Nota de Esclarecimento \u2013 Inc\u00eandio em ambul\u00e2ncia UTI no Hospital Darci Jo\u00e3o Bigaton &#8211; Prefeitura Municipal de Bonito"},"content":{"rendered":"<p><\/p>\n<div>\n<div class=\"td-post-featured-image\"><\/div>\n<p><em>A Prefeitura de Bonito informa que, na madrugada desta segunda-feira (11), por volta das 1h30, ocorreu um inc\u00eandio em uma ambul\u00e2ncia UTI no p\u00e1tio do Hospital Darci Jo\u00e3o Bigaton.<\/em><\/p>\n<p><em>O ve\u00edculo seria utilizado na transfer\u00eancia de um paciente para Campo Grande (MS).<\/em><\/p>\n<p><em>O paciente foi retirado com seguran\u00e7a e, em seguida, transferido para outra ambul\u00e2ncia, que deu continuidade ao atendimento.<\/em><\/p>\n<p><em>O enfermeiro que atuava na prepara\u00e7\u00e3o da ambul\u00e2ncia sofreu queimaduras de terceiro grau no punho e na m\u00e3o direita, foi encaminhado para a Capital e encontra-se bem.<\/em><\/p>\n<p><em>A Prefeitura agradece a r\u00e1pida atua\u00e7\u00e3o da equipe do hospital, do Corpo de Bombeiros e dos demais profissionais envolvidos, que agiram com responsabilidade e agilidade para evitar maiores consequ\u00eancias.<\/em><\/p>\n<p><em>A ambul\u00e2ncia, que possui seguro, foi completamente destru\u00edda. A Prefeitura j\u00e1 iniciou os tr\u00e2mites junto \u00e0 seguradora, e uma apura\u00e7\u00e3o t\u00e9cnica est\u00e1 em andamento para esclarecer as causas do incidente.<\/em><\/p>\n<p><em>Lamentamos profundamente o ocorrido e desejamos ao profissional ferido uma pronta e completa recupera\u00e7\u00e3o.<\/em><\/p>\n<\/p><\/div>\n","protected":false},"excerpt":{"rendered":"<p>A Prefeitura de Bonito informa que, na madrugada desta segunda-feira (11), por volta das 1h30, ocorreu um inc\u00eandio em uma ambul\u00e2ncia UTI no p\u00e1tio do Hospital Darci Jo\u00e3o Bigaton. O ve\u00edculo seria utilizado na transfer\u00eancia de um paciente para Campo Grande (MS). O paciente foi retirado com seguran\u00e7a e, em seguida, transferido para outra ambul\u00e2ncia, [&hellip;]<\/p>\n","protected":false},"author":1,"featured_media":0,"comment_status":"","ping_status":"","sticky":false,"template":"","format":"standard","meta":{"footnotes":""},"categories":[],"tags":[],"class_list":["post-41134","post","type-post","status-publish","format-standard","hentry"],"amp_enabled":true,"_links":{"self":[{"href":"https:\/\/novasdodia.com.br\/index.php\/wp-json\/wp\/v2\/posts\/41134","targetHints":{"allow":["GET"]}}],"collection":[{"href":"https:\/\/novasdodia.com.br\/index.php\/wp-json\/wp\/v2\/posts"}],"about":[{"href":"https:\/\/novasdodia.com.br\/index.php\/wp-json\/wp\/v2\/types\/post"}],"author":[{"embeddable":true,"href":"https:\/\/novasdodia.com.br\/index.php\/wp-json\/wp\/v2\/users\/1"}],"replies":[{"embeddable":true,"href":"https:\/\/novasdodia.com.br\/index.php\/wp-json\/wp\/v2\/comments?post=41134"}],"version-history":[{"count":0,"href":"https:\/\/novasdodia.com.br\/index.php\/wp-json\/wp\/v2\/posts\/41134\/revisions"}],"wp:attachment":[{"href":"https:\/\/novasdodia.com.br\/index.php\/wp-json\/wp\/v2\/media?parent=41134"}],"wp:term":[{"taxonomy":"category","embeddable":true,"href":"https:\/\/novasdodia.com.br\/index.php\/wp-json\/wp\/v2\/categories?post=41134"},{"taxonomy":"post_tag","embeddable":true,"href":"https:\/\/novasdodia.com.br\/index.php\/wp-json\/wp\/v2\/tags?post=41134"}],"curies":[{"name":"wp","href":"https:\/\/api.w.org\/{rel}","templated":true}]}}