{"id":41360,"date":"2025-08-15T12:15:14","date_gmt":"2025-08-15T15:15:14","guid":{"rendered":"https:\/\/novasdodia.com.br\/index.php\/2025\/08\/15\/festsuas-resgata-historia-e-cultura-de-campo-grande-e-valoriza-protagonismo-de-idosos-cgnoticias\/"},"modified":"2025-08-15T12:15:14","modified_gmt":"2025-08-15T15:15:14","slug":"festsuas-resgata-historia-e-cultura-de-campo-grande-e-valoriza-protagonismo-de-idosos-cgnoticias","status":"publish","type":"post","link":"https:\/\/novasdodia.com.br\/index.php\/2025\/08\/15\/festsuas-resgata-historia-e-cultura-de-campo-grande-e-valoriza-protagonismo-de-idosos-cgnoticias\/","title":{"rendered":"FestSuas resgata hist\u00f3ria e cultura de Campo Grande e valoriza protagonismo de idosos \u2013 CGNot\u00edcias"},"content":{"rendered":"<p><\/p>\n<div>\n<p>Dos personagens hist\u00f3ricos, passando pela culin\u00e1ria, artes pl\u00e1sticas, m\u00fasica at\u00e9 os pontos tur\u00edsticos, a terceira edi\u00e7\u00e3o do FestSuas \u2013 Festival do Idoso do Suas (Sistema \u00danico de Assist\u00eancia Social), realizada no CCI Vov\u00f3 Ziza, resgatou\u00a0 a hist\u00f3ria da Capital e contou a trajet\u00f3ria de personalidades que contribu\u00edram com a constru\u00e7\u00e3o da cultura campo-grandense, al\u00e9m de revelar a ess\u00eancia do trabalho desenvolvido pela Rede de Assist\u00eancia Social do munic\u00edpio, por meio do Servi\u00e7o de Conviv\u00eancia e Fortalecimento de V\u00ednculos (SCFV) oferecido nos 21 Cras, Centros de Conviv\u00eancia e Centros de Conviv\u00eancia do Idoso.<\/p>\n<p>A prepara\u00e7\u00e3o do evento come\u00e7ou h\u00e1 dois meses, quando os idosos participaram de passeios, din\u00e2micas, palestras e atividades que tiveram como foco a funda\u00e7\u00e3o de Campo Grande e sua evolu\u00e7\u00e3o como uma metr\u00f3pole at\u00e9 os dias atuais. O aprendizado serviu de base para a primeira Mostra Cultural realizada em uma \u00a0edi\u00e7\u00e3o do FestSuas. Com muita criatividade e originalidade, idosos e profissionais de 14 unidades que oferecem o SCFV organizaram estandes tem\u00e1ticos que \u00a0promoveram o protagonismo dos mais de tr\u00eas mil idosos que frequentam os Cras, CCIs e CCs.\u00a0<\/p>\n<figure class=\"wp-block-image size-large\"><\/figure>\n<p>Na abertura do evento, a apresenta\u00e7\u00e3o do m\u00fasico\u00a0Jo\u00e3o Paulo Pompeu, filho da dupla D\u00e9lio e Delinha j\u00e1 dava a deixa da emo\u00e7\u00e3o que seria revisitar a hist\u00f3ria de Campo Grande pelo talento de quem ajudou a constru\u00ed-la.\u00a0\u00a0<\/p>\n<p>Os espa\u00e7os disputaram trof\u00e9us nas categorias Apresenta\u00e7\u00e3o, Criatividade e Originalidade. Tarefa dif\u00edcil para os jurados, j\u00e1 que os idosos fizeram a li\u00e7\u00e3o de casa e, al\u00e9m de contarem a hist\u00f3ria, redescobriram uma Campo Grande que, para muitos, revelou surpresas.<\/p>\n<p><strong>Valoriza\u00e7\u00e3o do passado<\/strong><\/p>\n<p>\u201cFoi surpreendente representar nosso poeta maior e conhecer mais sobre ele\u201d, disse o aposentado Manoel Messias da Silva, que representou Manoel de Barros pelo Cras Popular. Sentado em um banco em um cen\u00e1rio que retratava a regi\u00e3o central da cidade, onde est\u00e1 localizada a est\u00e1tua do poeta, ele falou sobre a emo\u00e7\u00e3o da homenagem. \u201cNunca imaginei participar de um evento assim. Apesar de preferir m\u00fasica, a hist\u00f3ria de vida dele \u00e9 muito bonita e adorei conhecer. O Cras \u00e9 minha segunda fam\u00edlia\u201d, afirmou. Ao seu lado, observando o evento com olhar sereno e incorporando o personagem, estava o casal Jo\u00e3o Raimundo dos Santos e sua esposa Alzenir, que representou o fundador da Capital, o mineiro Jos\u00e9 Ant\u00f4nio Pereira, e sua mulher, Maria Carolina, que elogiou a coragem do desbravador. \u201cSair pelo interior do pa\u00eds naquela \u00e9poca n\u00e3o era f\u00e1cil. Eles foram muito valentes\u201d, afirmou Alzenir.<\/p>\n<figure class=\"wp-block-image size-large\"><\/figure>\n<p>Uma das personalidades mais famosas da m\u00fasica sul-mato-grossense, a cantora Delinha, falecida em 2022, ganhou representa\u00e7\u00f5es pelos Cras Popular e Nossa Senhora Aparecida. F\u00e3 desde crian\u00e7a da artista, dona Luci Silveira de Moraes vestiu o figurino da Dama do Rasqueado com direito a viol\u00e3o. Emocionada, ela conta que o evento despertou mem\u00f3rias afetivas, j\u00e1 que ela e a m\u00e3e ouviam a cantora na antiga R\u00e1dio Aquidauana. \u201cAmo todas as m\u00fasicas dela e fazer esse resgate da nossa hist\u00f3ria \u00e9 fundamental porque at\u00e9 os idosos n\u00e3o sabiam muita coisa da nossa cidade\u201d, disse.<\/p>\n<figure class=\"wp-block-image size-large\"><\/figure>\n<p>Da m\u00fasica para as artes pl\u00e1sticas, o CCI Vov\u00f3 Ziza enalteceu as principais personalidades da \u00e1rea e levou o universo da artista pl\u00e1stica Concei\u00e7\u00e3o dos Bugres, criadora dos famosos \u201cbugrinhos\u201d e que foi representada pela aposentada Melita Jacinta. No estande, os visitantes eram recebidos com um rap em homenagem a Campo Grande, composto pelos professores da unidade e, na sequ\u00eancia, eram convidados a conhecer a trajet\u00f3ria de Concei\u00e7\u00e3o e a esculpir, em sab\u00e3o, uma miniatura das famosas pe\u00e7as da artista. \u201cEu mesma n\u00e3o sabia da hist\u00f3ria dos bugrinhos e fiquei mais orgulhosa ainda em saber que ela era ga\u00facha como eu\u201d, pontuou.<\/p>\n<figure class=\"wp-block-image size-large\"><\/figure>\n<p><strong>Originalidade<\/strong><\/p>\n<p>J\u00e1 os sabores t\u00edpicos da nossa culin\u00e1ria foram destacados pelo Cras Aero Rancho, que levou a tradicional sopa paraguaia temperada com uma apresenta\u00e7\u00e3o de dan\u00e7a t\u00edpica, e pelo Cras Estrela do Sul, que promoveu uma experi\u00eancia gastron\u00f4mica com a degusta\u00e7\u00e3o de um macarr\u00e3o de comitiva. Uma curiosidade atraiu o p\u00fablico ao estande do Cras Canguru: o preparo culin\u00e1rio da flor do Ip\u00ea, \u00e1rvore s\u00edmbolo da Capital.\u00a0\u00a0<\/p>\n<p>Teve quem investiu na valoriza\u00e7\u00e3o da pr\u00f3pria unidade e optou por destacar o papel e a import\u00e2ncia do equipamento na regi\u00e3o em que est\u00e1 inserido. Foi o caso dos idosos do Cras Vila Nasser, que mostraram, por meio de fotos e objetos de \u00e9poca, a evolu\u00e7\u00e3o do equipamento no bairro, destacando desde o terreno antes da edifica\u00e7\u00e3o do Cras at\u00e9 os cursos e profissionais que passaram pelo local, deixando sua marca. Uma das primeiras m\u00e1quinas de costura usadas em cursos foi o destaque do estande.<\/p>\n<p>No estande do Cras Anhandu\u00ed, a atra\u00e7\u00e3o foi a dona Neonilda Benitez Almeida, que no Distrito, onde mora h\u00e1 mais de 30 anos, s\u00f3 atende por Doca. Uma das moradoras mais antigas da regi\u00e3o, ela \u00e9 um arquivo vivo da hist\u00f3ria local e revelou suas mem\u00f3rias aos amigos do Cras, que constru\u00edram uma maquete com as tradicionais barracas de venda de doces e pimentas que ficam \u00e0 beira da estrada, no caminho para Anhandu\u00ed.<\/p>\n<figure class=\"wp-block-image size-large\"><\/figure>\n<p>\u201cMuito importante tamb\u00e9m mostrar essa realidade local porque todos fazemos parte desta constru\u00e7\u00e3o\u201d, disse a superintendente de Gest\u00e3o do Suas, Marcilene Rodrigues, uma das juradas. \u00a0<\/p>\n<p>Depois de provar a culin\u00e1ria regional, a dica era sentar em uma das cadeiras de praia e tomar um terer\u00e9 no cen\u00e1rio organizado pelos idosos do Cras Jardim Aeroporto, que fizeram uma r\u00e9plica da Orla do Aeroporto, principal ponto tur\u00edstico da regi\u00e3o e que recebe visitantes e moradores de toda a Capital para observar a movimenta\u00e7\u00e3o dos avi\u00f5es. Teve quem fechou os olhos e jurou ter visto at\u00e9 o p\u00f4r do sol que encanta o campo-grandense na Orla.<\/p>\n<p>Trof\u00e9us<\/p>\n<p>Ao final do passeio, dif\u00edcil foi eleger as melhores experi\u00eancias, mas a secret\u00e1ria de Assist\u00eancia Social e Cidadania, Camilla Nascimento, resumiu o sentimento do p\u00fablico. \u201cQuantas hist\u00f3rias lindas n\u00f3s temos aqui. Cada um de voc\u00eas, cada hist\u00f3ria de vida est\u00e1 aqui nessa exposi\u00e7\u00e3o. Tudo que est\u00e1 \u00e0 nossa volta foi constru\u00eddo com esperan\u00e7a, trabalho e dedica\u00e7\u00e3o. E cada peda\u00e7o de Campo Grande n\u00e3o faz parte da hist\u00f3ria de voc\u00eas. Voc\u00eas \u00e9 que fazem parte de cada peda\u00e7o de Campo Grande\u201d, concluiu.<\/p>\n<p>\u201cRever um pouquinho da nossa hist\u00f3ria por meio do talento de cada idoso foi muito especial\u201d, frisou Gizeli Motta, superintendente de Prote\u00e7\u00e3o Social B\u00e1sica.\u00a0O evento contou com a presen\u00e7a da secret\u00e1ria-adjunta de Assist\u00eancia Social, In\u00eas Mongenout, superintendentes, servidores da SAS e secret\u00e1rios da gest\u00e3o.\u00a0<\/p>\n<p><strong>Confira as premia\u00e7\u00f5es:<\/strong><\/p>\n<p><strong>Apresenta\u00e7\u00e3o<\/strong><\/p>\n<p>1\u00ba lugar \u2013 CCI Vov\u00f3 Ziza<br \/>2\u00ba lugar \u2013 Cras Nossa Senhora Aparecida<br \/>3\u00ba lugar \u2013 CCI Piratininga<\/p>\n<p><strong>Criatividade<\/strong><\/p>\n<p>1\u00ba lugar \u2013 Cras Estrela Dalva<br \/>2\u00ba lugar \u2013 Cras Anhandui<br \/>3\u00ba lugar \u2013 Cras Canguru<\/p>\n<p><strong>Originalidade<\/strong><\/p>\n<p>1\u00ba lugar \u2013 Cras Vila Nasser<br \/>2\u00ba lugar \u2013 CCI Elias Lahdo<br \/>3\u00ba lugar \u2013 Cras Aero Rancho\u00a0<\/p>\n<\/div>\n<p><script async defer async defer src=\"https:\/\/connect.facebook.net\/en_US\/sdk.js?ver=1#xfbml=1&amp;version=v3.2\" id=\"prefeitura-campogrande-script-facebook-sdk-js\"><\/script><\/p>\n","protected":false},"excerpt":{"rendered":"<p>Dos personagens hist\u00f3ricos, passando pela culin\u00e1ria, artes pl\u00e1sticas, m\u00fasica at\u00e9 os pontos tur\u00edsticos, a terceira edi\u00e7\u00e3o do FestSuas \u2013 Festival do Idoso do Suas (Sistema \u00danico de Assist\u00eancia Social), realizada no CCI Vov\u00f3 Ziza, resgatou\u00a0 a hist\u00f3ria da Capital e contou a trajet\u00f3ria de personalidades que contribu\u00edram com a constru\u00e7\u00e3o da cultura campo-grandense, al\u00e9m de [&hellip;]<\/p>\n","protected":false},"author":1,"featured_media":0,"comment_status":"","ping_status":"","sticky":false,"template":"","format":"standard","meta":{"footnotes":""},"categories":[],"tags":[],"class_list":["post-41360","post","type-post","status-publish","format-standard","hentry"],"amp_enabled":true,"_links":{"self":[{"href":"https:\/\/novasdodia.com.br\/index.php\/wp-json\/wp\/v2\/posts\/41360","targetHints":{"allow":["GET"]}}],"collection":[{"href":"https:\/\/novasdodia.com.br\/index.php\/wp-json\/wp\/v2\/posts"}],"about":[{"href":"https:\/\/novasdodia.com.br\/index.php\/wp-json\/wp\/v2\/types\/post"}],"author":[{"embeddable":true,"href":"https:\/\/novasdodia.com.br\/index.php\/wp-json\/wp\/v2\/users\/1"}],"replies":[{"embeddable":true,"href":"https:\/\/novasdodia.com.br\/index.php\/wp-json\/wp\/v2\/comments?post=41360"}],"version-history":[{"count":0,"href":"https:\/\/novasdodia.com.br\/index.php\/wp-json\/wp\/v2\/posts\/41360\/revisions"}],"wp:attachment":[{"href":"https:\/\/novasdodia.com.br\/index.php\/wp-json\/wp\/v2\/media?parent=41360"}],"wp:term":[{"taxonomy":"category","embeddable":true,"href":"https:\/\/novasdodia.com.br\/index.php\/wp-json\/wp\/v2\/categories?post=41360"},{"taxonomy":"post_tag","embeddable":true,"href":"https:\/\/novasdodia.com.br\/index.php\/wp-json\/wp\/v2\/tags?post=41360"}],"curies":[{"name":"wp","href":"https:\/\/api.w.org\/{rel}","templated":true}]}}