{"id":41529,"date":"2025-08-19T13:55:13","date_gmt":"2025-08-19T16:55:13","guid":{"rendered":"https:\/\/novasdodia.com.br\/index.php\/2025\/08\/19\/agencia-minas-gerais-governo-do-estado-disponibiliza-cartilha-e-auloes-para-gestores-municipais-de-turismo\/"},"modified":"2025-08-19T13:55:13","modified_gmt":"2025-08-19T16:55:13","slug":"agencia-minas-gerais-governo-do-estado-disponibiliza-cartilha-e-auloes-para-gestores-municipais-de-turismo","status":"publish","type":"post","link":"https:\/\/novasdodia.com.br\/index.php\/2025\/08\/19\/agencia-minas-gerais-governo-do-estado-disponibiliza-cartilha-e-auloes-para-gestores-municipais-de-turismo\/","title":{"rendered":"Ag\u00eancia Minas Gerais | Governo do Estado disponibiliza cartilha e aul\u00f5es para gestores municipais de turismo"},"content":{"rendered":"<p><\/p>\n<div>\n<p>A Secretaria de Estado de Cultura e Turismo de Minas Gerais (Secult-MG), por meio da Diretoria de Qualifica\u00e7\u00e3o e Capacita\u00e7\u00e3o, lan\u00e7ou a Cartilha de Orienta\u00e7\u00e3o para Gestores do Turismo de Minas Gerais e anunciou o in\u00edcio do 2\u00ba ciclo dos Aul\u00f5es do Turismo, que ter\u00e3o in\u00edcio em 11\/9. As iniciativas foram apresentadas durante o 8\u00ba Encontro de Gestores de Cultura e Turismo de Minas Gerais e integram o projeto Caminhos do Turismo: uma jornada para novos gestores.<\/p>\n<p><strong>Cartilha de orienta\u00e7\u00e3o para gestores<\/strong><\/p>\n<p>O material tem como objetivo auxiliar gestores p\u00fablicos municipais e demais interessados no desenvolvimento do turismo local e regional. A cartilha re\u00fane, de forma simplificada, informa\u00e7\u00f5es pr\u00e1ticas sobre formaliza\u00e7\u00e3o, gest\u00e3o, planejamento, instrumentos e pol\u00edticas p\u00fablicas para o setor.<\/p>\n<p>Al\u00e9m disso, oferece conte\u00fados complementares, como\u00a0v\u00eddeos, artigos e documentos oficiais, acess\u00edveis por meio de links, para quem deseja se aprofundar no tema.<\/p>\n<p><strong>Suporte com &#8216;Aul\u00f5es do Turismo&#8217;<\/strong><\/p>\n<p>Ap\u00f3s sucesso expressivo do primeiro Ciclo de Aul\u00f5es, que contou com a participa\u00e7\u00e3o de gestores de Mo\u00e7ambique, de 15 estados de todas as regi\u00f5es do Brasil e 384 munic\u00edpios mineiros, dentre os quais 95% consideraram o conte\u00fado \u201ctotalmente relevante\u201d, a Secult-MG promove o 2\u00ba ciclo dos Aul\u00f5es do Turismo. Esta etapa tem como foco a continuidade das capacita\u00e7\u00f5es, com a participa\u00e7\u00e3o de especialistas convidados.<\/p>\n<p>Os temas abordados anteriormente ser\u00e3o retomados de forma transversal, conectando-se a novos assuntos igualmente importantes para a formula\u00e7\u00e3o e gest\u00e3o de pol\u00edticas p\u00fablicas de turismo. Al\u00e9m disso, foram incorporadas pautas sugeridas pelos participantes do primeiro ciclo, garantindo que os conte\u00fados reflitam as demandas reais dos gestores e promovam a articula\u00e7\u00e3o entre as duas etapas dos Aul\u00f5es, de modo a ampliar a troca de experi\u00eancias e o repert\u00f3rio t\u00e9cnico das equipes das secretarias municipais.<\/p>\n<p>Os aul\u00f5es ser\u00e3o ao vivo e online, sempre \u00e0s ter\u00e7as e quintas-feiras, entre os dias 11\/9 e\u00a09\/10, das 10h \u00e0s 11h30m.\u00a0 O link de acesso \u00e0s aulas ser\u00e1 enviado por e-mail antes de cada encontro e haver\u00e1 emiss\u00e3o de certificado aos participantes. Inscri\u00e7\u00f5es devem ser realizadas por meio deste link. A programa\u00e7\u00e3o completa est\u00e1 dispon\u00edvel aqui.\u00a0<\/p>\n<p>\u00a0<\/p>\n<\/p><\/div>\n","protected":false},"excerpt":{"rendered":"<p>A Secretaria de Estado de Cultura e Turismo de Minas Gerais (Secult-MG), por meio da Diretoria de Qualifica\u00e7\u00e3o e Capacita\u00e7\u00e3o, lan\u00e7ou a Cartilha de Orienta\u00e7\u00e3o para Gestores do Turismo de Minas Gerais e anunciou o in\u00edcio do 2\u00ba ciclo dos Aul\u00f5es do Turismo, que ter\u00e3o in\u00edcio em 11\/9. As iniciativas foram apresentadas durante o 8\u00ba [&hellip;]<\/p>\n","protected":false},"author":1,"featured_media":0,"comment_status":"","ping_status":"","sticky":false,"template":"","format":"standard","meta":{"footnotes":""},"categories":[1],"tags":[],"class_list":["post-41529","post","type-post","status-publish","format-standard","hentry","category-noticias"],"amp_enabled":true,"_links":{"self":[{"href":"https:\/\/novasdodia.com.br\/index.php\/wp-json\/wp\/v2\/posts\/41529","targetHints":{"allow":["GET"]}}],"collection":[{"href":"https:\/\/novasdodia.com.br\/index.php\/wp-json\/wp\/v2\/posts"}],"about":[{"href":"https:\/\/novasdodia.com.br\/index.php\/wp-json\/wp\/v2\/types\/post"}],"author":[{"embeddable":true,"href":"https:\/\/novasdodia.com.br\/index.php\/wp-json\/wp\/v2\/users\/1"}],"replies":[{"embeddable":true,"href":"https:\/\/novasdodia.com.br\/index.php\/wp-json\/wp\/v2\/comments?post=41529"}],"version-history":[{"count":0,"href":"https:\/\/novasdodia.com.br\/index.php\/wp-json\/wp\/v2\/posts\/41529\/revisions"}],"wp:attachment":[{"href":"https:\/\/novasdodia.com.br\/index.php\/wp-json\/wp\/v2\/media?parent=41529"}],"wp:term":[{"taxonomy":"category","embeddable":true,"href":"https:\/\/novasdodia.com.br\/index.php\/wp-json\/wp\/v2\/categories?post=41529"},{"taxonomy":"post_tag","embeddable":true,"href":"https:\/\/novasdodia.com.br\/index.php\/wp-json\/wp\/v2\/tags?post=41529"}],"curies":[{"name":"wp","href":"https:\/\/api.w.org\/{rel}","templated":true}]}}