{"id":41533,"date":"2025-08-19T16:03:19","date_gmt":"2025-08-19T19:03:19","guid":{"rendered":"https:\/\/novasdodia.com.br\/index.php\/2025\/08\/19\/parceria-entre-ifsp-e-minuto-escola-oferece-nova-turma-de-curso-de-audiovisual-ifsp\/"},"modified":"2025-08-19T16:03:19","modified_gmt":"2025-08-19T19:03:19","slug":"parceria-entre-ifsp-e-minuto-escola-oferece-nova-turma-de-curso-de-audiovisual-ifsp","status":"publish","type":"post","link":"https:\/\/novasdodia.com.br\/index.php\/2025\/08\/19\/parceria-entre-ifsp-e-minuto-escola-oferece-nova-turma-de-curso-de-audiovisual-ifsp\/","title":{"rendered":"Parceria entre IFSP e Minuto Escola oferece nova turma de curso de audiovisual &#8211; IFSP"},"content":{"rendered":"<p><\/p>\n<div>\n<div class=\"subtitle\">\n<p>O curso \u00e9 direcionado para servidores e alunos dos cursos de licenciatura do IFSP; inscri\u00e7\u00f5es at\u00e9 7 de setembro<\/p>\n<\/div>\n<p><!-- fim .content-header-options-1 --><\/p>\n<p>O Instituto Federal de S\u00e3o Paulo (IFSP) anuncia a oferta\u00a0de uma nova turma do curso &#8220;Minuto Escola\u201d, uma forma\u00e7\u00e3o gratuita em audiovisual. As inscri\u00e7\u00f5es est\u00e3o abertas at\u00e9 7 de setembro, com vagas destinadas a docentes, servidores t\u00e9cnico-administrativos e licenciandos do IFSP.<\/p>\n<p>O curso, que oferece uma certifica\u00e7\u00e3o de 30 horas reconhecida pelo IFSP, tem como objetivo capacitar educadores para o uso do audiovisual em sala de aula, promovendo uma abordagem inovadora que utiliza a linguagem cinematogr\u00e1fica como ferramenta pedag\u00f3gica. Essa forma\u00e7\u00e3o integra a oitava edi\u00e7\u00e3o do projeto &#8220;Minuto Escola\u201d, derivado do renomado Festival do Minuto, idealizado pelo cineasta Marcelo Masag\u00e3o.<\/p>\n<p>Com um hist\u00f3rico de mais de 4.000 educadores formados em 13 estados brasileiros, o Minuto Escola busca transformar a sala de aula em um espa\u00e7o de criatividade e pluralidade,\u00a0em que o audiovisual \u00e9 utilizado como uma ferramenta que potencializa o engajamento e a intera\u00e7\u00e3o entre professores e alunos.<\/p>\n<p>As inscri\u00e7\u00f5es podem ser feitas por meio do site\u00a0https:\/\/www.minutoescola.com.br, e o curso ser\u00e1 realizado em formato 100% online, proporcionando flexibilidade e acessibilidade para os participantes.<\/p>\n<p><strong>Informa\u00e7\u00f5es<\/strong><\/p>\n<p>Curso: Minuto Escola 2025<\/p>\n<p>P\u00fablico-alvo: servidores e licenciandos do IFSP<\/p>\n<p>Formato: 100% online<\/p>\n<p>Carga hor\u00e1ria: 30 horas<\/p>\n<p>Inscri\u00e7\u00f5es: at\u00e9\u00a07 de setembro\u00a0pelo\u00a0site Minuto Escola<\/p>\n<p>Gratuito<\/p>\n<p>Para mais informa\u00e7\u00f5es ou d\u00favidas, entre em contato pelo e-mail:\u00a0<!-- This email address is being protected from spambots. --><span class=\"cloaked_email\"><span class=\"cloaked_email ep_e80fcac0\"><span data-ep-b9886=\"br\" data-ep-a6b0d=\"thais\"><span data-ep-a6b0d=\"@fest\" data-ep-b9886=\".com.\"><span data-ep-b9886=\"inuto\" data-ep-a6b0d=\"ivalm\"\/><\/span><\/span><\/span><\/span><span class=\"cloaked_email ep_7db62dea\" style=\"display:none;\"><span data-ep-a6b0d=\"thais\" data-ep-b9886=\"br\"><span data-ep-b9886=\".com.\" data-ep-a6b0d=\"@fest\"><span data-ep-a6b0d=\"ivalm\" data-ep-b9886=\"inuto\"\/><\/span><\/span><\/span>.\u00a0<\/p>\n<\/div>\n","protected":false},"excerpt":{"rendered":"<p>O curso \u00e9 direcionado para servidores e alunos dos cursos de licenciatura do IFSP; inscri\u00e7\u00f5es at\u00e9 7 de setembro O Instituto Federal de S\u00e3o Paulo (IFSP) anuncia a oferta\u00a0de uma nova turma do curso &#8220;Minuto Escola\u201d, uma forma\u00e7\u00e3o gratuita em audiovisual. As inscri\u00e7\u00f5es est\u00e3o abertas at\u00e9 7 de setembro, com vagas destinadas a docentes, servidores [&hellip;]<\/p>\n","protected":false},"author":1,"featured_media":0,"comment_status":"","ping_status":"","sticky":false,"template":"","format":"standard","meta":{"footnotes":""},"categories":[1],"tags":[],"class_list":["post-41533","post","type-post","status-publish","format-standard","hentry","category-noticias"],"amp_enabled":true,"_links":{"self":[{"href":"https:\/\/novasdodia.com.br\/index.php\/wp-json\/wp\/v2\/posts\/41533","targetHints":{"allow":["GET"]}}],"collection":[{"href":"https:\/\/novasdodia.com.br\/index.php\/wp-json\/wp\/v2\/posts"}],"about":[{"href":"https:\/\/novasdodia.com.br\/index.php\/wp-json\/wp\/v2\/types\/post"}],"author":[{"embeddable":true,"href":"https:\/\/novasdodia.com.br\/index.php\/wp-json\/wp\/v2\/users\/1"}],"replies":[{"embeddable":true,"href":"https:\/\/novasdodia.com.br\/index.php\/wp-json\/wp\/v2\/comments?post=41533"}],"version-history":[{"count":0,"href":"https:\/\/novasdodia.com.br\/index.php\/wp-json\/wp\/v2\/posts\/41533\/revisions"}],"wp:attachment":[{"href":"https:\/\/novasdodia.com.br\/index.php\/wp-json\/wp\/v2\/media?parent=41533"}],"wp:term":[{"taxonomy":"category","embeddable":true,"href":"https:\/\/novasdodia.com.br\/index.php\/wp-json\/wp\/v2\/categories?post=41533"},{"taxonomy":"post_tag","embeddable":true,"href":"https:\/\/novasdodia.com.br\/index.php\/wp-json\/wp\/v2\/tags?post=41533"}],"curies":[{"name":"wp","href":"https:\/\/api.w.org\/{rel}","templated":true}]}}