{"id":41543,"date":"2025-08-19T20:58:18","date_gmt":"2025-08-19T23:58:18","guid":{"rendered":"https:\/\/novasdodia.com.br\/index.php\/2025\/08\/19\/edicao-especial-da-feira-movel-acontece-no-largo-de-tambau-entre-os-dias-21-e-24-de-agosto\/"},"modified":"2025-08-19T20:58:18","modified_gmt":"2025-08-19T23:58:18","slug":"edicao-especial-da-feira-movel-acontece-no-largo-de-tambau-entre-os-dias-21-e-24-de-agosto","status":"publish","type":"post","link":"https:\/\/novasdodia.com.br\/index.php\/2025\/08\/19\/edicao-especial-da-feira-movel-acontece-no-largo-de-tambau-entre-os-dias-21-e-24-de-agosto\/","title":{"rendered":"Edi\u00e7\u00e3o especial da Feira M\u00f3vel acontece no Largo de Tamba\u00fa entre os dias 21 e 24 de agosto"},"content":{"rendered":"<p><\/p>\n<div>\n<p>Em agosto, m\u00eas de anivers\u00e1rio da capital paraibana, o projeto Feira M\u00f3vel, promovido pela Prefeitura de Jo\u00e3o Pessoa, atrav\u00e9s da Secretaria de Desenvolvimento Urbano (Sedurb), est\u00e1 presente em v\u00e1rios bairros com produtos do empreendedorismo criativo, moda sustent\u00e1vel, artesanato, gastronomia e agricultura familiar, com pre\u00e7os acess\u00edveis e de boa qualidade.<\/p>\n<figure class=\"wp-block-gallery has-nested-images columns-default is-cropped wp-block-gallery-1 is-layout-flex wp-block-gallery-is-layout-flex\">\n<figure class=\"wp-block-image\"><\/figure>\n<figure class=\"wp-block-image size-large\"><\/figure>\n<\/figure>\n<p>Tem mais! Uma edi\u00e7\u00e3o especial da Feira M\u00f3vel ser\u00e1 realizada entre os dias 21 e 24, das 15h \u00e0s 22h, no Largo de Tamba\u00fa, regi\u00e3o da orla. Para esta edi\u00e7\u00e3o, foram selecionados 60 expositores dos segmentos de artesanato, cosm\u00e9ticos, papelaria, moda sustent\u00e1vel, agricultura familiar, gastronomia pet e regional, al\u00e9m de brinquedos educativos e sensoriais.<\/p>\n<p><strong>Reuni\u00e3o mensal<\/strong> \u2013 O an\u00fancio oficial ocorreu nesta segunda-feira (18), no audit\u00f3rio do Centro Administrativo Municipal (CAM), durante a reuni\u00e3o mensal dos expositores cadastrados no projeto. Na ocasi\u00e3o, o secret\u00e1rio de Desenvolvimento Urbano, Marmuthe Cavalcanti, ressaltou a import\u00e2ncia do trabalho realizado pelos comerciantes, com o apoio da Sedurb.<\/p>\n<figure class=\"wp-block-gallery has-nested-images columns-default is-cropped wp-block-gallery-2 is-layout-flex wp-block-gallery-is-layout-flex\">\n<figure class=\"wp-block-image size-large\"><\/figure>\n<figure class=\"wp-block-image size-large\"><\/figure>\n<\/figure>\n<p>\u201cAo participar da Feira M\u00f3vel, os expositores t\u00eam contribu\u00eddo para impulsionar o crescimento e desenvolvimento da economia local, pois a cada edi\u00e7\u00e3o do projeto acontecem oportunidades de neg\u00f3cios e gera\u00e7\u00e3o de renda, fortalecendo o empreendedorismo na Capital\u201d, destacou Marmuthe.<\/p>\n<p><strong>Feira M\u00f3vel \u2013<\/strong> Atualmente, o projeto conta com 372 expositores cadastrados. As vagas para novos comerciantes est\u00e3o encerradas. Mas quem tiver interesse em participar, deve se inscrever na lista de espera, atrav\u00e9s do aplicativo \u2018Jo\u00e3o Pessoa na Palma da M\u00e3o\u2019.<\/p>\n<\/p><\/div>\n","protected":false},"excerpt":{"rendered":"<p>Em agosto, m\u00eas de anivers\u00e1rio da capital paraibana, o projeto Feira M\u00f3vel, promovido pela Prefeitura de Jo\u00e3o Pessoa, atrav\u00e9s da Secretaria de Desenvolvimento Urbano (Sedurb), est\u00e1 presente em v\u00e1rios bairros com produtos do empreendedorismo criativo, moda sustent\u00e1vel, artesanato, gastronomia e agricultura familiar, com pre\u00e7os acess\u00edveis e de boa qualidade. Tem mais! Uma edi\u00e7\u00e3o especial da [&hellip;]<\/p>\n","protected":false},"author":1,"featured_media":0,"comment_status":"","ping_status":"","sticky":false,"template":"","format":"standard","meta":{"footnotes":""},"categories":[1],"tags":[],"class_list":["post-41543","post","type-post","status-publish","format-standard","hentry","category-noticias"],"amp_enabled":true,"_links":{"self":[{"href":"https:\/\/novasdodia.com.br\/index.php\/wp-json\/wp\/v2\/posts\/41543","targetHints":{"allow":["GET"]}}],"collection":[{"href":"https:\/\/novasdodia.com.br\/index.php\/wp-json\/wp\/v2\/posts"}],"about":[{"href":"https:\/\/novasdodia.com.br\/index.php\/wp-json\/wp\/v2\/types\/post"}],"author":[{"embeddable":true,"href":"https:\/\/novasdodia.com.br\/index.php\/wp-json\/wp\/v2\/users\/1"}],"replies":[{"embeddable":true,"href":"https:\/\/novasdodia.com.br\/index.php\/wp-json\/wp\/v2\/comments?post=41543"}],"version-history":[{"count":0,"href":"https:\/\/novasdodia.com.br\/index.php\/wp-json\/wp\/v2\/posts\/41543\/revisions"}],"wp:attachment":[{"href":"https:\/\/novasdodia.com.br\/index.php\/wp-json\/wp\/v2\/media?parent=41543"}],"wp:term":[{"taxonomy":"category","embeddable":true,"href":"https:\/\/novasdodia.com.br\/index.php\/wp-json\/wp\/v2\/categories?post=41543"},{"taxonomy":"post_tag","embeddable":true,"href":"https:\/\/novasdodia.com.br\/index.php\/wp-json\/wp\/v2\/tags?post=41543"}],"curies":[{"name":"wp","href":"https:\/\/api.w.org\/{rel}","templated":true}]}}