{"id":41649,"date":"2025-08-21T19:31:23","date_gmt":"2025-08-21T22:31:23","guid":{"rendered":"https:\/\/novasdodia.com.br\/index.php\/2025\/08\/21\/caminhada-da-paz-reune-mais-de-mil-pessoas-no-lageado-e-reforca-importancia-do-ceu-das-artes-na-regiao-cgnoticias\/"},"modified":"2025-08-21T19:31:23","modified_gmt":"2025-08-21T22:31:23","slug":"caminhada-da-paz-reune-mais-de-mil-pessoas-no-lageado-e-reforca-importancia-do-ceu-das-artes-na-regiao-cgnoticias","status":"publish","type":"post","link":"https:\/\/novasdodia.com.br\/index.php\/2025\/08\/21\/caminhada-da-paz-reune-mais-de-mil-pessoas-no-lageado-e-reforca-importancia-do-ceu-das-artes-na-regiao-cgnoticias\/","title":{"rendered":"Caminhada da Paz re\u00fane mais de mil pessoas no Lageado e refor\u00e7a import\u00e2ncia do CEU das Artes na regi\u00e3o \u2013 CGNot\u00edcias"},"content":{"rendered":"<p><\/p>\n<div>\n<p>A 18\u00aa edi\u00e7\u00e3o da Caminhada da Paz, realizada nesta quinta-feira (21) na regi\u00e3o do Lageado, reuniu cerca de 1,2 mil pessoas, entre entidades parceiras, associa\u00e7\u00f5es de moradores, escolas municipais, ONGs, secret\u00e1rios da gest\u00e3o municipal e servidores da Secretaria de Assist\u00eancia Social e Cidadania (SAS). Promovida pela Prefeitura de Campo Grande e organizada pela SAS e pela equipe do Cras Rosa Adri, a caminhada integra o calend\u00e1rio oficial de anivers\u00e1rio da Capital desde 2007.<\/p>\n<figure class=\"wp-block-image size-large\"><\/figure>\n<p>Neste ano, a concentra\u00e7\u00e3o aconteceu no CEU das Artes, complexo esportivo e cultural inaugurado esta semana pela Prefeitura, que tamb\u00e9m abriga o novo pr\u00e9dio do Cras Rosa Adri, localizado na Rua Maria Del Horno Samper, 247, atendendo moradores do Parque do Sol, Dom Ant\u00f4nio e Lageado. Durante a abertura, a secret\u00e1ria de Assist\u00eancia Social e Cidadania, Camilla Nascimento, reiterou a relev\u00e2ncia do equipamento para a regi\u00e3o e descerrou a placa de inaugura\u00e7\u00e3o do Cras.<\/p>\n<figure class=\"wp-block-image size-large\"><\/figure>\n<p>\u201cNa ter\u00e7a-feira seguimos um protocolo do Governo Federal, parceiro nesta obra, e esperamos o evento de hoje para formalizar a entrega do Cras na presen\u00e7a de voc\u00eas. Precisamos ser construtores da paz, e isso \u00e9 uma tarefa di\u00e1ria em nossas unidades, que desenvolvem atividades com nossos usu\u00e1rios para consolidar esse objetivo, porque a paz \u00e9 uma constru\u00e7\u00e3o coletiva\u201d, destacou a secret\u00e1ria.<\/p>\n<p>A prefeita Adriane Lopes enfatizou o compromisso da gest\u00e3o em destravar obras paradas h\u00e1 anos. \u201cEsse \u00e9 o papel da gest\u00e3o p\u00fablica, trabalhar para entregar obras que est\u00e3o transformando vidas em todas as regi\u00f5es da Capital. Um espa\u00e7o como este, que acolhe e oferece lazer \u00e0 comunidade, contribui diretamente com a cultura de paz\u201d, afirmou.<\/p>\n<figure class=\"wp-block-image size-large\"><\/figure>\n<p>O coordenador do Cras Rosa Adri, Ismael de Deus Lima, tamb\u00e9m refor\u00e7ou a import\u00e2ncia da Caminhada, realizada h\u00e1 mais de uma d\u00e9cada. \u201cNosso prop\u00f3sito maior \u00e9 reunir vozes em prol da conviv\u00eancia pac\u00edfica e do respeito. A presen\u00e7a de todos os parceiros, todos os anos, representa esse compromisso que temos com a nossa regi\u00e3o\u201d, ressaltou.<\/p>\n<p><strong>Hist\u00f3ria e consolida\u00e7\u00e3o do evento<\/strong><\/p>\n<p>Criada em 2005 por Cl\u00e9a L\u00facia Braga Larsen, a Caminhada da Paz surgiu como resposta ao alto \u00edndice de viol\u00eancia da \u00e9poca, com o objetivo de sensibilizar a popula\u00e7\u00e3o \u2014 em especial crian\u00e7as, adolescentes e jovens \u2014 sobre a necessidade de transformar a cultura de viol\u00eancia em pr\u00e1ticas voltadas \u00e0 paz e ao respeito.<\/p>\n<figure class=\"wp-block-image size-large\"><\/figure>\n<p>Aos 75 anos, Clea participou de mais uma edi\u00e7\u00e3o e se emocionou com a trajet\u00f3ria do evento. \u201cFico muito feliz em ver as crian\u00e7as e jovens participando todo ano, porque a mensagem precisa chegar \u00e0s futuras gera\u00e7\u00f5es para que essa tradi\u00e7\u00e3o n\u00e3o se perca\u201d, afirmou.<\/p>\n<p>Veterana da caminhada, a aposentada Ramona Benitez participou ao lado dos idosos do Servi\u00e7o de Conviv\u00eancia e Fortalecimento de V\u00ednculos do Cras Aero Rancho. \u201c\u00c9 uma maravilha essa a\u00e7\u00e3o, principalmente para as crian\u00e7as, que podem levar essa mensagem para suas fam\u00edlias\u201d, disse.<\/p>\n<p>A diretora da EMEI Ayd Camargo, Maria Sirlei Lands, tamb\u00e9m destacou o impacto do novo CEU das Artes. \u201c\u00c9 uma op\u00e7\u00e3o maravilhosa para a juventude e para as crian\u00e7as da regi\u00e3o, que agora t\u00eam um lugar para brincar, praticar esportes e realizar atividades quando n\u00e3o estiverem na escola\u201d, pontuou.<\/p>\n<figure class=\"wp-block-image size-large\"><\/figure>\n<p>O percurso da Caminhada partiu do CEU das Artes e passou pelas ruas Cenira Soares Magalh\u00e3es, L\u00facia dos Santos, Evelina Selingardi Figueiredo e Maria Del Horno Samper. O evento contou ainda com a participa\u00e7\u00e3o das bandas da Guarda Civil Metropolitana, do Instituto Mirim, da Escola Municipal Padre Thomaz Ghirardelli e de entidades parceiras.<\/p>\n<p>\u201cFoi mais um ano em que destacamos o trabalho da SAS na promo\u00e7\u00e3o da cultura de paz junto \u00e0 comunidade da regi\u00e3o\u201d, concluiu a superintendente de Prote\u00e7\u00e3o Social B\u00e1sica da SAS, Gizelli Mota.<\/p>\n<\/div>\n<p><script async defer async defer src=\"https:\/\/connect.facebook.net\/en_US\/sdk.js?ver=1#xfbml=1&amp;version=v3.2\" id=\"prefeitura-campogrande-script-facebook-sdk-js\"><\/script><\/p>\n","protected":false},"excerpt":{"rendered":"<p>A 18\u00aa edi\u00e7\u00e3o da Caminhada da Paz, realizada nesta quinta-feira (21) na regi\u00e3o do Lageado, reuniu cerca de 1,2 mil pessoas, entre entidades parceiras, associa\u00e7\u00f5es de moradores, escolas municipais, ONGs, secret\u00e1rios da gest\u00e3o municipal e servidores da Secretaria de Assist\u00eancia Social e Cidadania (SAS). Promovida pela Prefeitura de Campo Grande e organizada pela SAS e [&hellip;]<\/p>\n","protected":false},"author":1,"featured_media":0,"comment_status":"","ping_status":"","sticky":false,"template":"","format":"standard","meta":{"footnotes":""},"categories":[],"tags":[],"class_list":["post-41649","post","type-post","status-publish","format-standard","hentry"],"amp_enabled":true,"_links":{"self":[{"href":"https:\/\/novasdodia.com.br\/index.php\/wp-json\/wp\/v2\/posts\/41649","targetHints":{"allow":["GET"]}}],"collection":[{"href":"https:\/\/novasdodia.com.br\/index.php\/wp-json\/wp\/v2\/posts"}],"about":[{"href":"https:\/\/novasdodia.com.br\/index.php\/wp-json\/wp\/v2\/types\/post"}],"author":[{"embeddable":true,"href":"https:\/\/novasdodia.com.br\/index.php\/wp-json\/wp\/v2\/users\/1"}],"replies":[{"embeddable":true,"href":"https:\/\/novasdodia.com.br\/index.php\/wp-json\/wp\/v2\/comments?post=41649"}],"version-history":[{"count":0,"href":"https:\/\/novasdodia.com.br\/index.php\/wp-json\/wp\/v2\/posts\/41649\/revisions"}],"wp:attachment":[{"href":"https:\/\/novasdodia.com.br\/index.php\/wp-json\/wp\/v2\/media?parent=41649"}],"wp:term":[{"taxonomy":"category","embeddable":true,"href":"https:\/\/novasdodia.com.br\/index.php\/wp-json\/wp\/v2\/categories?post=41649"},{"taxonomy":"post_tag","embeddable":true,"href":"https:\/\/novasdodia.com.br\/index.php\/wp-json\/wp\/v2\/tags?post=41649"}],"curies":[{"name":"wp","href":"https:\/\/api.w.org\/{rel}","templated":true}]}}